{"id":3608,"date":"2021-03-25T09:27:18","date_gmt":"2021-03-25T08:27:18","guid":{"rendered":"https:\/\/sceaux-lagazette.fr\/?p=3608"},"modified":"2021-03-25T09:27:19","modified_gmt":"2021-03-25T08:27:19","slug":"la-batte-au-parc","status":"publish","type":"post","link":"https:\/\/sceaux-lagazette.fr\/index.php\/2021\/03\/25\/la-batte-au-parc\/","title":{"rendered":"La batte au parc"},"content":{"rendered":"\n<p>Une promenade au parc de Sceaux le matin est l\u2019occasion de croiser de nombreuses personnes en train de courir, plus ou moins vite. Leur nombre est bien s\u00fbr plus important le matin et quand reviennent les beaux jours.<\/p>\n\n\n\n<p>Ces coureurs sont dans leur immense majorit\u00e9 des adultes. Mais ceux qui ont la chance de pouvoir se promener en semaine voient parfois des groupes de 2 \u00e0 4 jeunes en train de courir une feuille \u00e0 la main, sans trop respecter les all\u00e9es. Les observateurs attentifs l\u2019ont compris depuis longtemps\u00a0: ceux-l\u00e0 sont en cours d\u2019EPS et font une <a rel=\"noreferrer noopener\" href=\"https:\/\/fr.wikipedia.org\/wiki\/Course_d%27orientation\" target=\"_blank\">course d\u2019orientation<\/a>. Il s\u2019agit \u00e0 la fois de se situer sur un plan (pour trouver les balises) et de courir suffisamment vite (pour trouver un nombre important de balises, le temps final total permettant aussi de gagner du temps). Tout cela est parfaitement d\u00e9fini\u00a0: il existe 8 parcours de ce type <a rel=\"noreferrer noopener\" href=\"https:\/\/www.hauts-de-seine.fr\/sortir-et-decouvrir\/sport\/equipements-sportifs\/les-espaces-sportifs-dorientation-eso\" target=\"_blank\">dans les parcs<\/a> des Hauts de Seine, les professeurs ont depuis 2007 \u00e0 leur disposition des <a rel=\"noreferrer noopener\" href=\"https:\/\/www.i-profs.fr\/eps\/c3\/orientation\/ORIENTATION-CYCLE3.pdf\" target=\"_blank\">fiches techniques<\/a> pour <a rel=\"noreferrer noopener\" href=\"https:\/\/www.ac-paris.fr\/portail\/jcms\/p1_381839\/activites-d-orientation-niveau-2\" target=\"_blank\">organiser la course<\/a>, des plans sont disponibles. Les jeunes coll\u00e9giens astreints \u00e0 cet exercice pourront m\u00eame, s\u2019ils le souhaitent, <a rel=\"noreferrer noopener\" href=\"https:\/\/vimeo.com\/224957984\" target=\"_blank\">regarder <\/a>comment des rugbymen professionnels se sont d\u00e9brouill\u00e9s avec cette \u00e9preuve\u00a0!<\/p>\n\n\n\n<p>Dimanche dernier, on pouvait voir au bout de la grande pelouse un groupe de <a href=\"https:\/\/www.latoilescoute.net\/la-theque\" target=\"_blank\" rel=\"noreferrer noopener\">jeunes scouts<\/a> en train de jouer \u00e0 la batte (ou <a href=\"https:\/\/fr.scoutwiki.org\/Th%C3%A8que\" target=\"_blank\" rel=\"noreferrer noopener\">th\u00e8que<\/a>). Il s\u2019agit d\u2019une <a href=\"https:\/\/fr.wikipedia.org\/wiki\/Th%C3%A8que_(sport)\" target=\"_blank\" rel=\"noreferrer noopener\">variante simplifi\u00e9e<\/a> du base-ball. L\u2019un de ses avantages est qu\u2019il peut se jouer sans difficult\u00e9 avec un groupe mixte. Comme son nom l\u2019indique, il se joue avec une batte, souvent artisanale. Pour des jeunes manquant d\u2019habitude, il est difficile de toucher la balle avec la batte\u00a0: du coup, certains utilisent des raquettes de tennis, occupant une surface beaucoup plus importante. Cela permet aux jeunes batteurs de r\u00e9ussir bien plus souvent leurs coups, ce qui est moins d\u00e9primant que de le rater 4 fois sur 5. Mais cela donne g\u00e9n\u00e9ralement beaucoup plus de force \u00e0 la balle, ce qui oblige les joueurs de l\u2019\u00e9quipe qui rattrape les balles \u00e0 se positionner assez loin et donne du temps au batteur pour courir d\u2019une base \u00e0 l\u2019autre.<\/p>\n\n\n\n<p>Je m\u2019\u00e9tais fait la r\u00e9flexion que je n\u2019avais jamais vu que des scouts jouer \u00e0 ce genre de jeu et le hasard a fait que quelques jours plus tard je trouvais une classe de coll\u00e9giens occup\u00e9s au m\u00eame sport, sous la surveillance d\u2019un enseignant. Les coll\u00e9giens semblant bien ma\u00eetriser l\u2019activit\u00e9, le professeur d\u2019EPS a eu le temps de m\u2019expliquer qu\u2019il venait de Jeanne d\u2019Arc \u00e0 c\u00f4t\u00e9 et que la batte \u00e9tait \u00e0 ce jour le seul sport collectif autoris\u00e9 en ce temps de Covid. Il est vrai que le principe m\u00eame du jeu pousse les joueurs \u00e0 s\u2019\u00e9loigner les uns des autres&nbsp;! J\u2019ai remarqu\u00e9 que la raquette de tennis avait \u00e9t\u00e9 pr\u00e9f\u00e9r\u00e9e \u00e0 la batte traditionnelle, et le professeur m\u2019a expliqu\u00e9 que cette derni\u00e8re avait \u00e9t\u00e9 interdite, par suite d\u2019accidents. Il est vrai qu\u2019un coup de batte, m\u00eame donn\u00e9 par erreur, cela peut faire mal&nbsp;! &nbsp;<\/p>\n","protected":false},"excerpt":{"rendered":"<p>Une promenade au parc de Sceaux le matin est l\u2019occasion de croiser de nombreuses personnes en train de courir, plus ou moins vite. Leur nombre est bien s\u00fbr plus important le matin et quand reviennent les beaux jours. Ces coureurs sont dans leur immense majorit\u00e9 des adultes. Mais ceux qui&#8230;<\/p>\n","protected":false},"author":11,"featured_media":3610,"comment_status":"open","ping_status":"open","sticky":false,"template":"","format":"standard","meta":{"om_disable_all_campaigns":false,"_monsterinsights_skip_tracking":false,"_monsterinsights_sitenote_active":false,"_monsterinsights_sitenote_note":"","_monsterinsights_sitenote_category":0,"_uf_show_specific_survey":0,"_uf_disable_surveys":false,"footnotes":""},"categories":[55,5],"tags":[],"class_list":["post-3608","post","type-post","status-publish","format-standard","has-post-thumbnail","hentry","category-detente","category-des-quartiers-de-sceaux","entry","simple"],"yoast_head":"<!-- This site is optimized with the Yoast SEO plugin v25.6 - https:\/\/yoast.com\/wordpress\/plugins\/seo\/ -->\n<title>La batte au parc - La Gazette<\/title>\n<meta name=\"robots\" content=\"index, follow, max-snippet:-1, max-image-preview:large, max-video-preview:-1\" \/>\n<link rel=\"canonical\" href=\"https:\/\/sceaux-lagazette.fr\/index.php\/2021\/03\/25\/la-batte-au-parc\/\" \/>\n<meta property=\"og:locale\" content=\"fr_FR\" \/>\n<meta property=\"og:type\" content=\"article\" \/>\n<meta property=\"og:title\" content=\"La batte au parc - La Gazette\" \/>\n<meta property=\"og:description\" content=\"Une promenade au parc de Sceaux le matin est l\u2019occasion de croiser de nombreuses personnes en train de courir, plus ou moins vite. Leur nombre est bien s\u00fbr plus important le matin et quand reviennent les beaux jours. Ces coureurs sont dans leur immense majorit\u00e9 des adultes. Mais ceux qui&#8230;\" \/>\n<meta property=\"og:url\" content=\"https:\/\/sceaux-lagazette.fr\/index.php\/2021\/03\/25\/la-batte-au-parc\/\" \/>\n<meta property=\"og:site_name\" content=\"La Gazette\" \/>\n<meta property=\"article:published_time\" content=\"2021-03-25T08:27:18+00:00\" \/>\n<meta property=\"article:modified_time\" content=\"2021-03-25T08:27:19+00:00\" \/>\n<meta property=\"og:image\" content=\"https:\/\/sceaux-lagazette.fr\/wp-content\/uploads\/2021\/03\/Th\u00e8que-f83c11c6dbbb64ecccdec92c15e089-resp1086-1.jpg\" \/>\n\t<meta property=\"og:image:width\" content=\"1086\" \/>\n\t<meta property=\"og:image:height\" content=\"611\" \/>\n\t<meta property=\"og:image:type\" content=\"image\/jpeg\" \/>\n<meta name=\"author\" content=\"G\u00e9rard Bardier\" \/>\n<meta name=\"twitter:card\" content=\"summary_large_image\" \/>\n<meta name=\"twitter:label1\" content=\"\u00c9crit par\" \/>\n\t<meta name=\"twitter:data1\" content=\"G\u00e9rard Bardier\" \/>\n\t<meta name=\"twitter:label2\" content=\"Dur\u00e9e de lecture estim\u00e9e\" \/>\n\t<meta name=\"twitter:data2\" content=\"3 minutes\" \/>\n<script type=\"application\/ld+json\" class=\"yoast-schema-graph\">{\"@context\":\"https:\/\/schema.org\",\"@graph\":[{\"@type\":\"Article\",\"@id\":\"https:\/\/sceaux-lagazette.fr\/index.php\/2021\/03\/25\/la-batte-au-parc\/#article\",\"isPartOf\":{\"@id\":\"https:\/\/sceaux-lagazette.fr\/index.php\/2021\/03\/25\/la-batte-au-parc\/\"},\"author\":{\"name\":\"G\u00e9rard Bardier\",\"@id\":\"https:\/\/sceaux-lagazette.fr\/#\/schema\/person\/5650e206a121f68c6f5e76379bccfbc4\"},\"headline\":\"La batte au parc\",\"datePublished\":\"2021-03-25T08:27:18+00:00\",\"dateModified\":\"2021-03-25T08:27:19+00:00\",\"mainEntityOfPage\":{\"@id\":\"https:\/\/sceaux-lagazette.fr\/index.php\/2021\/03\/25\/la-batte-au-parc\/\"},\"wordCount\":535,\"commentCount\":0,\"publisher\":{\"@id\":\"https:\/\/sceaux-lagazette.fr\/#organization\"},\"image\":{\"@id\":\"https:\/\/sceaux-lagazette.fr\/index.php\/2021\/03\/25\/la-batte-au-parc\/#primaryimage\"},\"thumbnailUrl\":\"https:\/\/sceaux-lagazette.fr\/wp-content\/uploads\/2021\/03\/Th\u00e8que-f83c11c6dbbb64ecccdec92c15e089-resp1086-1.jpg\",\"articleSection\":[\"D\u00e9tente\",\"Quartiers\"],\"inLanguage\":\"fr-FR\",\"potentialAction\":[{\"@type\":\"CommentAction\",\"name\":\"Comment\",\"target\":[\"https:\/\/sceaux-lagazette.fr\/index.php\/2021\/03\/25\/la-batte-au-parc\/#respond\"]}]},{\"@type\":\"WebPage\",\"@id\":\"https:\/\/sceaux-lagazette.fr\/index.php\/2021\/03\/25\/la-batte-au-parc\/\",\"url\":\"https:\/\/sceaux-lagazette.fr\/index.php\/2021\/03\/25\/la-batte-au-parc\/\",\"name\":\"La batte au parc - La Gazette\",\"isPartOf\":{\"@id\":\"https:\/\/sceaux-lagazette.fr\/#website\"},\"primaryImageOfPage\":{\"@id\":\"https:\/\/sceaux-lagazette.fr\/index.php\/2021\/03\/25\/la-batte-au-parc\/#primaryimage\"},\"image\":{\"@id\":\"https:\/\/sceaux-lagazette.fr\/index.php\/2021\/03\/25\/la-batte-au-parc\/#primaryimage\"},\"thumbnailUrl\":\"https:\/\/sceaux-lagazette.fr\/wp-content\/uploads\/2021\/03\/Th\u00e8que-f83c11c6dbbb64ecccdec92c15e089-resp1086-1.jpg\",\"datePublished\":\"2021-03-25T08:27:18+00:00\",\"dateModified\":\"2021-03-25T08:27:19+00:00\",\"breadcrumb\":{\"@id\":\"https:\/\/sceaux-lagazette.fr\/index.php\/2021\/03\/25\/la-batte-au-parc\/#breadcrumb\"},\"inLanguage\":\"fr-FR\",\"potentialAction\":[{\"@type\":\"ReadAction\",\"target\":[\"https:\/\/sceaux-lagazette.fr\/index.php\/2021\/03\/25\/la-batte-au-parc\/\"]}]},{\"@type\":\"ImageObject\",\"inLanguage\":\"fr-FR\",\"@id\":\"https:\/\/sceaux-lagazette.fr\/index.php\/2021\/03\/25\/la-batte-au-parc\/#primaryimage\",\"url\":\"https:\/\/sceaux-lagazette.fr\/wp-content\/uploads\/2021\/03\/Th\u00e8que-f83c11c6dbbb64ecccdec92c15e089-resp1086-1.jpg\",\"contentUrl\":\"https:\/\/sceaux-lagazette.fr\/wp-content\/uploads\/2021\/03\/Th\u00e8que-f83c11c6dbbb64ecccdec92c15e089-resp1086-1.jpg\",\"width\":1086,\"height\":611},{\"@type\":\"BreadcrumbList\",\"@id\":\"https:\/\/sceaux-lagazette.fr\/index.php\/2021\/03\/25\/la-batte-au-parc\/#breadcrumb\",\"itemListElement\":[{\"@type\":\"ListItem\",\"position\":1,\"name\":\"Accueil\",\"item\":\"https:\/\/sceaux-lagazette.fr\/\"},{\"@type\":\"ListItem\",\"position\":2,\"name\":\"La batte au parc\"}]},{\"@type\":\"WebSite\",\"@id\":\"https:\/\/sceaux-lagazette.fr\/#website\",\"url\":\"https:\/\/sceaux-lagazette.fr\/\",\"name\":\"La Gazette\",\"description\":\"Bourg-la-Reine, Ch\u00e2tenay, Fontenay, Sceaux\",\"publisher\":{\"@id\":\"https:\/\/sceaux-lagazette.fr\/#organization\"},\"potentialAction\":[{\"@type\":\"SearchAction\",\"target\":{\"@type\":\"EntryPoint\",\"urlTemplate\":\"https:\/\/sceaux-lagazette.fr\/?s={search_term_string}\"},\"query-input\":{\"@type\":\"PropertyValueSpecification\",\"valueRequired\":true,\"valueName\":\"search_term_string\"}}],\"inLanguage\":\"fr-FR\"},{\"@type\":\"Organization\",\"@id\":\"https:\/\/sceaux-lagazette.fr\/#organization\",\"name\":\"La Gazette\",\"url\":\"https:\/\/sceaux-lagazette.fr\/\",\"logo\":{\"@type\":\"ImageObject\",\"inLanguage\":\"fr-FR\",\"@id\":\"https:\/\/sceaux-lagazette.fr\/#\/schema\/logo\/image\/\",\"url\":\"https:\/\/sceaux-lagazette.fr\/wp-content\/uploads\/2025\/08\/Logo-Gazette-Aout-2025-V3.jpg\",\"contentUrl\":\"https:\/\/sceaux-lagazette.fr\/wp-content\/uploads\/2025\/08\/Logo-Gazette-Aout-2025-V3.jpg\",\"width\":525,\"height\":130,\"caption\":\"La Gazette\"},\"image\":{\"@id\":\"https:\/\/sceaux-lagazette.fr\/#\/schema\/logo\/image\/\"}},{\"@type\":\"Person\",\"@id\":\"https:\/\/sceaux-lagazette.fr\/#\/schema\/person\/5650e206a121f68c6f5e76379bccfbc4\",\"name\":\"G\u00e9rard Bardier\",\"image\":{\"@type\":\"ImageObject\",\"inLanguage\":\"fr-FR\",\"@id\":\"https:\/\/sceaux-lagazette.fr\/#\/schema\/person\/image\/\",\"url\":\"https:\/\/secure.gravatar.com\/avatar\/5cf4391ef9dbc0367750202561279a29?s=96&r=g\",\"contentUrl\":\"https:\/\/secure.gravatar.com\/avatar\/5cf4391ef9dbc0367750202561279a29?s=96&r=g\",\"caption\":\"G\u00e9rard Bardier\"},\"url\":\"https:\/\/sceaux-lagazette.fr\/index.php\/author\/gb\/\"}]}<\/script>\n<!-- \/ Yoast SEO plugin. -->","yoast_head_json":{"title":"La batte au parc - La Gazette","robots":{"index":"index","follow":"follow","max-snippet":"max-snippet:-1","max-image-preview":"max-image-preview:large","max-video-preview":"max-video-preview:-1"},"canonical":"https:\/\/sceaux-lagazette.fr\/index.php\/2021\/03\/25\/la-batte-au-parc\/","og_locale":"fr_FR","og_type":"article","og_title":"La batte au parc - La Gazette","og_description":"Une promenade au parc de Sceaux le matin est l\u2019occasion de croiser de nombreuses personnes en train de courir, plus ou moins vite. Leur nombre est bien s\u00fbr plus important le matin et quand reviennent les beaux jours. Ces coureurs sont dans leur immense majorit\u00e9 des adultes. Mais ceux qui&#8230;","og_url":"https:\/\/sceaux-lagazette.fr\/index.php\/2021\/03\/25\/la-batte-au-parc\/","og_site_name":"La Gazette","article_published_time":"2021-03-25T08:27:18+00:00","article_modified_time":"2021-03-25T08:27:19+00:00","og_image":[{"width":1086,"height":611,"url":"https:\/\/sceaux-lagazette.fr\/wp-content\/uploads\/2021\/03\/Th\u00e8que-f83c11c6dbbb64ecccdec92c15e089-resp1086-1.jpg","type":"image\/jpeg"}],"author":"G\u00e9rard Bardier","twitter_card":"summary_large_image","twitter_misc":{"\u00c9crit par":"G\u00e9rard Bardier","Dur\u00e9e de lecture estim\u00e9e":"3 minutes"},"schema":{"@context":"https:\/\/schema.org","@graph":[{"@type":"Article","@id":"https:\/\/sceaux-lagazette.fr\/index.php\/2021\/03\/25\/la-batte-au-parc\/#article","isPartOf":{"@id":"https:\/\/sceaux-lagazette.fr\/index.php\/2021\/03\/25\/la-batte-au-parc\/"},"author":{"name":"G\u00e9rard Bardier","@id":"https:\/\/sceaux-lagazette.fr\/#\/schema\/person\/5650e206a121f68c6f5e76379bccfbc4"},"headline":"La batte au parc","datePublished":"2021-03-25T08:27:18+00:00","dateModified":"2021-03-25T08:27:19+00:00","mainEntityOfPage":{"@id":"https:\/\/sceaux-lagazette.fr\/index.php\/2021\/03\/25\/la-batte-au-parc\/"},"wordCount":535,"commentCount":0,"publisher":{"@id":"https:\/\/sceaux-lagazette.fr\/#organization"},"image":{"@id":"https:\/\/sceaux-lagazette.fr\/index.php\/2021\/03\/25\/la-batte-au-parc\/#primaryimage"},"thumbnailUrl":"https:\/\/sceaux-lagazette.fr\/wp-content\/uploads\/2021\/03\/Th\u00e8que-f83c11c6dbbb64ecccdec92c15e089-resp1086-1.jpg","articleSection":["D\u00e9tente","Quartiers"],"inLanguage":"fr-FR","potentialAction":[{"@type":"CommentAction","name":"Comment","target":["https:\/\/sceaux-lagazette.fr\/index.php\/2021\/03\/25\/la-batte-au-parc\/#respond"]}]},{"@type":"WebPage","@id":"https:\/\/sceaux-lagazette.fr\/index.php\/2021\/03\/25\/la-batte-au-parc\/","url":"https:\/\/sceaux-lagazette.fr\/index.php\/2021\/03\/25\/la-batte-au-parc\/","name":"La batte au parc - La Gazette","isPartOf":{"@id":"https:\/\/sceaux-lagazette.fr\/#website"},"primaryImageOfPage":{"@id":"https:\/\/sceaux-lagazette.fr\/index.php\/2021\/03\/25\/la-batte-au-parc\/#primaryimage"},"image":{"@id":"https:\/\/sceaux-lagazette.fr\/index.php\/2021\/03\/25\/la-batte-au-parc\/#primaryimage"},"thumbnailUrl":"https:\/\/sceaux-lagazette.fr\/wp-content\/uploads\/2021\/03\/Th\u00e8que-f83c11c6dbbb64ecccdec92c15e089-resp1086-1.jpg","datePublished":"2021-03-25T08:27:18+00:00","dateModified":"2021-03-25T08:27:19+00:00","breadcrumb":{"@id":"https:\/\/sceaux-lagazette.fr\/index.php\/2021\/03\/25\/la-batte-au-parc\/#breadcrumb"},"inLanguage":"fr-FR","potentialAction":[{"@type":"ReadAction","target":["https:\/\/sceaux-lagazette.fr\/index.php\/2021\/03\/25\/la-batte-au-parc\/"]}]},{"@type":"ImageObject","inLanguage":"fr-FR","@id":"https:\/\/sceaux-lagazette.fr\/index.php\/2021\/03\/25\/la-batte-au-parc\/#primaryimage","url":"https:\/\/sceaux-lagazette.fr\/wp-content\/uploads\/2021\/03\/Th\u00e8que-f83c11c6dbbb64ecccdec92c15e089-resp1086-1.jpg","contentUrl":"https:\/\/sceaux-lagazette.fr\/wp-content\/uploads\/2021\/03\/Th\u00e8que-f83c11c6dbbb64ecccdec92c15e089-resp1086-1.jpg","width":1086,"height":611},{"@type":"BreadcrumbList","@id":"https:\/\/sceaux-lagazette.fr\/index.php\/2021\/03\/25\/la-batte-au-parc\/#breadcrumb","itemListElement":[{"@type":"ListItem","position":1,"name":"Accueil","item":"https:\/\/sceaux-lagazette.fr\/"},{"@type":"ListItem","position":2,"name":"La batte au parc"}]},{"@type":"WebSite","@id":"https:\/\/sceaux-lagazette.fr\/#website","url":"https:\/\/sceaux-lagazette.fr\/","name":"La Gazette","description":"Bourg-la-Reine, Ch\u00e2tenay, Fontenay, Sceaux","publisher":{"@id":"https:\/\/sceaux-lagazette.fr\/#organization"},"potentialAction":[{"@type":"SearchAction","target":{"@type":"EntryPoint","urlTemplate":"https:\/\/sceaux-lagazette.fr\/?s={search_term_string}"},"query-input":{"@type":"PropertyValueSpecification","valueRequired":true,"valueName":"search_term_string"}}],"inLanguage":"fr-FR"},{"@type":"Organization","@id":"https:\/\/sceaux-lagazette.fr\/#organization","name":"La Gazette","url":"https:\/\/sceaux-lagazette.fr\/","logo":{"@type":"ImageObject","inLanguage":"fr-FR","@id":"https:\/\/sceaux-lagazette.fr\/#\/schema\/logo\/image\/","url":"https:\/\/sceaux-lagazette.fr\/wp-content\/uploads\/2025\/08\/Logo-Gazette-Aout-2025-V3.jpg","contentUrl":"https:\/\/sceaux-lagazette.fr\/wp-content\/uploads\/2025\/08\/Logo-Gazette-Aout-2025-V3.jpg","width":525,"height":130,"caption":"La Gazette"},"image":{"@id":"https:\/\/sceaux-lagazette.fr\/#\/schema\/logo\/image\/"}},{"@type":"Person","@id":"https:\/\/sceaux-lagazette.fr\/#\/schema\/person\/5650e206a121f68c6f5e76379bccfbc4","name":"G\u00e9rard Bardier","image":{"@type":"ImageObject","inLanguage":"fr-FR","@id":"https:\/\/sceaux-lagazette.fr\/#\/schema\/person\/image\/","url":"https:\/\/secure.gravatar.com\/avatar\/5cf4391ef9dbc0367750202561279a29?s=96&r=g","contentUrl":"https:\/\/secure.gravatar.com\/avatar\/5cf4391ef9dbc0367750202561279a29?s=96&r=g","caption":"G\u00e9rard Bardier"},"url":"https:\/\/sceaux-lagazette.fr\/index.php\/author\/gb\/"}]}},"cc_featured_image_caption":{"caption_text":false,"source_text":false,"source_url":false},"_links":{"self":[{"href":"https:\/\/sceaux-lagazette.fr\/index.php\/wp-json\/wp\/v2\/posts\/3608"}],"collection":[{"href":"https:\/\/sceaux-lagazette.fr\/index.php\/wp-json\/wp\/v2\/posts"}],"about":[{"href":"https:\/\/sceaux-lagazette.fr\/index.php\/wp-json\/wp\/v2\/types\/post"}],"author":[{"embeddable":true,"href":"https:\/\/sceaux-lagazette.fr\/index.php\/wp-json\/wp\/v2\/users\/11"}],"replies":[{"embeddable":true,"href":"https:\/\/sceaux-lagazette.fr\/index.php\/wp-json\/wp\/v2\/comments?post=3608"}],"version-history":[{"count":1,"href":"https:\/\/sceaux-lagazette.fr\/index.php\/wp-json\/wp\/v2\/posts\/3608\/revisions"}],"predecessor-version":[{"id":3611,"href":"https:\/\/sceaux-lagazette.fr\/index.php\/wp-json\/wp\/v2\/posts\/3608\/revisions\/3611"}],"wp:featuredmedia":[{"embeddable":true,"href":"https:\/\/sceaux-lagazette.fr\/index.php\/wp-json\/wp\/v2\/media\/3610"}],"wp:attachment":[{"href":"https:\/\/sceaux-lagazette.fr\/index.php\/wp-json\/wp\/v2\/media?parent=3608"}],"wp:term":[{"taxonomy":"category","embeddable":true,"href":"https:\/\/sceaux-lagazette.fr\/index.php\/wp-json\/wp\/v2\/categories?post=3608"},{"taxonomy":"post_tag","embeddable":true,"href":"https:\/\/sceaux-lagazette.fr\/index.php\/wp-json\/wp\/v2\/tags?post=3608"}],"curies":[{"name":"wp","href":"https:\/\/api.w.org\/{rel}","templated":true}]}}