{"id":3593,"date":"2021-03-23T11:50:27","date_gmt":"2021-03-23T10:50:27","guid":{"rendered":"https:\/\/sceaux-lagazette.fr\/?p=3593"},"modified":"2021-03-23T18:37:37","modified_gmt":"2021-03-23T17:37:37","slug":"un-jeune-un-mentor","status":"publish","type":"post","link":"https:\/\/sceaux-lagazette.fr\/index.php\/2021\/03\/23\/un-jeune-un-mentor\/","title":{"rendered":"Un jeune, un mentor"},"content":{"rendered":"\n<p>Savez-vous qu\u2019il existe un dispositif \u00ab\u00a0un jeune un mentor\u00a0\u00bb[1] dont l&rsquo;objectif est que \u00ab\u00a0100 000 jeunes\u00a0\u00bb puissent en b\u00e9n\u00e9ficier cette ann\u00e9e&nbsp;? Il s\u2019inscrit dans le<a rel=\"noreferrer noopener\" href=\"https:\/\/www.1jeune1solution.gouv.fr\/\" target=\"_blank\"> plan \u00ab\u00a01 jeune 1 solution\u00a0\u00bb<\/a>  , lanc\u00e9 en juillet 2020, qui vise \u00e0 soutenir les associations et les entreprises d\u00e9j\u00e0 impliqu\u00e9es dans le mentorat et \u00e0 convaincre d&rsquo;autres de s&rsquo;y engager. Un budget d&rsquo;environ 30 millions d&rsquo;euros est allou\u00e9 pour 2021. Ces moyens suppl\u00e9mentaires permettront aux associations organis\u00e9es autour du Collectif mentorat et labellis\u00e9es par l&rsquo;\u00c9tat de mettre en relation et d&rsquo;accompagner les mentor\u00e9s et les mentors. <\/p>\n\n\n\n<p>En septembre 2019, huit associations ont d\u00e9cid\u00e9 de mettre en commun leur \u00e9nergie pour d\u00e9velopper le mentorat en France en cr\u00e9ant le<a rel=\"noreferrer noopener\" href=\"https:\/\/www.lementorat.fr\/\" target=\"_blank\"> Collectif Mentorat&nbsp;<\/a>. Ce regroupement, qui a vu doubler son nombre d\u2019associations depuis f\u00e9vrier 2021, accompagne tous les ans pr\u00e8s de 30 000 jeunes en difficult\u00e9 partout en France. Ses objectifs : \u00e9largir l\u2019acc\u00e8s \u00e0 un mentorat de qualit\u00e9 \u00e0 travers la France, favoriser l\u2019inscription du mentorat dans les politiques publiques et pouvoir offrir \u00e0 tous ceux qui le souhaitent de devenir mentor ou d\u2019\u00eatre mentor\u00e9.<\/p>\n\n\n\n<p>Que vous soyez \u00e9tudiant(e), salari\u00e9(e) en entreprise, retrait\u00e9(e), une association peut correspondre \u00e0 votre profil et, moyennant une \u00e9tude de votre candidature, vous mettre en relation avec des jeunes ayant besoin de soutien pour la mise en place d\u2019un accompagnement individuel plus ou moins long. Ces associations ont \u00e9galement diff\u00e9rents objets et un spectre large de mentor\u00e9s&nbsp;: coll\u00e9giens, lyc\u00e9ens, jeunes en recherche d\u2019emploi et provenant de diff\u00e9rentes r\u00e9gions. Certaines associations sont plus d\u00e9di\u00e9es aux zones rurales. Cependant, la majorit\u00e9 intervient sur la France enti\u00e8re et notamment en Ile de France. Consultez les sites sur lementorat.fr et trouvez l\u2019association qui vous correspond&nbsp;!<\/p>\n\n\n\n<p>Personnellement, j\u2019ai une pr\u00e9f\u00e9rence pour <a rel=\"noreferrer noopener\" href=\"https:\/\/www.duoforajob.fr\/fr\/\" target=\"_blank\">DUO for a job<\/a>, qui s\u2019est implant\u00e9e r\u00e9cemment en Ile de France, mais qui existe depuis 2013 en Belgique. En effet, cette association s\u2019adresse pour les mentors aux personnes de 50 ans et plus, qui peuvent \u00eatre retrait\u00e9s, tout \u00e0 fait mon profil&nbsp;! Par ailleurs, l\u2019engagement est pr\u00e9cis&nbsp;: 2h par semaine sur 6 mois et il est pr\u00e9c\u00e9d\u00e9 d\u2019un cycle de formation de 20h (en visioconf\u00e9rence actuellement), qui semble tr\u00e8s concret et complet. Je vous en dirai plus quand je serai devenue mentor&nbsp;!<\/p>\n\n\n\n<p>Duo for a job <a rel=\"noreferrer noopener\" href=\"https:\/\/www.duoforajob.fr\/fr\/en-recherche-demploi\/\" target=\"_blank\">recherche<\/a> aussi des mentor\u00e9s, c\u2019est-\u00e0-dire des jeunes de 18 \u00e0 33 ans, issus de la diversit\u00e9 ou r\u00e9fugi\u00e9s, domicili\u00e9s en Ile de France qui sont activement en recherche d\u2019emploi ou de stage. <\/p>\n\n\n\n<p>P.S : la photo en t\u00eate d&rsquo;article, issu de l&rsquo;article de Wikip\u00e9dia, repr\u00e9sente Mentor conseillant le jeune T\u00e9l\u00e9maque dans l\u2019<em>Odyss\u00e9e<\/em> (illustration des \u00e9ditions Peuser, Buenos Aires, 1956).<\/p>\n\n\n\n<hr class=\"wp-block-separator\"\/>\n\n\n\n<p><a href=\"#_ftnref1\">[1]<\/a>Le mentorat d\u00e9signe une relation interpersonnelle d\u2019accompagnement, de soutien, une relation b\u00e9n\u00e9vole, en profondeur, sur le moyen-long terme et bas\u00e9e sur l\u2019apprentissage mutuel. Son objectif est de favoriser l\u2019autonomie et le d\u00e9veloppement de la personne accompagn\u00e9e en \u00e9tablissant des objectifs qui \u00e9voluent et s\u2019adaptent en fonction des besoins sp\u00e9cifiques. Ce bin\u00f4me agit au sein d\u2019une structure professionnelle encadrante (formations, suivis, \u00e9valuation\u2026).&nbsp; https:\/\/www.lementorat.fr\/le-mentorat\/<\/p>\n","protected":false},"excerpt":{"rendered":"<p>Savez-vous qu\u2019il existe un dispositif \u00ab\u00a0un jeune un mentor\u00a0\u00bb[1] dont l&rsquo;objectif est que \u00ab\u00a0100 000 jeunes\u00a0\u00bb puissent en b\u00e9n\u00e9ficier cette ann\u00e9e&nbsp;? Il s\u2019inscrit dans le plan \u00ab\u00a01 jeune 1 solution\u00a0\u00bb , lanc\u00e9 en juillet 2020, qui vise \u00e0 soutenir les associations et les entreprises d\u00e9j\u00e0 impliqu\u00e9es dans le mentorat et&#8230;<\/p>\n","protected":false},"author":29,"featured_media":3603,"comment_status":"open","ping_status":"open","sticky":false,"template":"","format":"standard","meta":{"om_disable_all_campaigns":false,"_monsterinsights_skip_tracking":false,"_monsterinsights_sitenote_active":false,"_monsterinsights_sitenote_note":"","_monsterinsights_sitenote_category":0,"_uf_show_specific_survey":0,"_uf_disable_surveys":false,"footnotes":""},"categories":[53],"tags":[],"class_list":["post-3593","post","type-post","status-publish","format-standard","has-post-thumbnail","hentry","category-analyses","entry","simple"],"yoast_head":"<!-- This site is optimized with the Yoast SEO plugin v25.6 - https:\/\/yoast.com\/wordpress\/plugins\/seo\/ -->\n<title>Un jeune, un mentor - La Gazette<\/title>\n<meta name=\"robots\" content=\"index, follow, max-snippet:-1, max-image-preview:large, max-video-preview:-1\" \/>\n<link rel=\"canonical\" href=\"https:\/\/sceaux-lagazette.fr\/index.php\/2021\/03\/23\/un-jeune-un-mentor\/\" \/>\n<meta property=\"og:locale\" content=\"fr_FR\" \/>\n<meta property=\"og:type\" content=\"article\" \/>\n<meta property=\"og:title\" content=\"Un jeune, un mentor - La Gazette\" \/>\n<meta property=\"og:description\" content=\"Savez-vous qu\u2019il existe un dispositif \u00ab\u00a0un jeune un mentor\u00a0\u00bb[1] dont l&rsquo;objectif est que \u00ab\u00a0100 000 jeunes\u00a0\u00bb puissent en b\u00e9n\u00e9ficier cette ann\u00e9e&nbsp;? Il s\u2019inscrit dans le plan \u00ab\u00a01 jeune 1 solution\u00a0\u00bb , lanc\u00e9 en juillet 2020, qui vise \u00e0 soutenir les associations et les entreprises d\u00e9j\u00e0 impliqu\u00e9es dans le mentorat et&#8230;\" \/>\n<meta property=\"og:url\" content=\"https:\/\/sceaux-lagazette.fr\/index.php\/2021\/03\/23\/un-jeune-un-mentor\/\" \/>\n<meta property=\"og:site_name\" content=\"La Gazette\" \/>\n<meta property=\"article:published_time\" content=\"2021-03-23T10:50:27+00:00\" \/>\n<meta property=\"article:modified_time\" content=\"2021-03-23T17:37:37+00:00\" \/>\n<meta property=\"og:image\" content=\"https:\/\/sceaux-lagazette.fr\/wp-content\/uploads\/2021\/03\/Mentor.png\" \/>\n\t<meta property=\"og:image:width\" content=\"787\" \/>\n\t<meta property=\"og:image:height\" content=\"413\" \/>\n\t<meta property=\"og:image:type\" content=\"image\/png\" \/>\n<meta name=\"author\" content=\"Dominique Jourdain\" \/>\n<meta name=\"twitter:card\" content=\"summary_large_image\" \/>\n<meta name=\"twitter:label1\" content=\"\u00c9crit par\" \/>\n\t<meta name=\"twitter:data1\" content=\"Dominique Jourdain\" \/>\n\t<meta name=\"twitter:label2\" content=\"Dur\u00e9e de lecture estim\u00e9e\" \/>\n\t<meta name=\"twitter:data2\" content=\"3 minutes\" \/>\n<script type=\"application\/ld+json\" class=\"yoast-schema-graph\">{\"@context\":\"https:\/\/schema.org\",\"@graph\":[{\"@type\":\"Article\",\"@id\":\"https:\/\/sceaux-lagazette.fr\/index.php\/2021\/03\/23\/un-jeune-un-mentor\/#article\",\"isPartOf\":{\"@id\":\"https:\/\/sceaux-lagazette.fr\/index.php\/2021\/03\/23\/un-jeune-un-mentor\/\"},\"author\":{\"name\":\"Dominique Jourdain\",\"@id\":\"https:\/\/sceaux-lagazette.fr\/#\/schema\/person\/1c97eb0504f0d55e85d6195f6e99753a\"},\"headline\":\"Un jeune, un mentor\",\"datePublished\":\"2021-03-23T10:50:27+00:00\",\"dateModified\":\"2021-03-23T17:37:37+00:00\",\"mainEntityOfPage\":{\"@id\":\"https:\/\/sceaux-lagazette.fr\/index.php\/2021\/03\/23\/un-jeune-un-mentor\/\"},\"wordCount\":570,\"commentCount\":0,\"publisher\":{\"@id\":\"https:\/\/sceaux-lagazette.fr\/#organization\"},\"image\":{\"@id\":\"https:\/\/sceaux-lagazette.fr\/index.php\/2021\/03\/23\/un-jeune-un-mentor\/#primaryimage\"},\"thumbnailUrl\":\"https:\/\/sceaux-lagazette.fr\/wp-content\/uploads\/2021\/03\/Mentor.png\",\"articleSection\":[\"Analyses\"],\"inLanguage\":\"fr-FR\",\"potentialAction\":[{\"@type\":\"CommentAction\",\"name\":\"Comment\",\"target\":[\"https:\/\/sceaux-lagazette.fr\/index.php\/2021\/03\/23\/un-jeune-un-mentor\/#respond\"]}]},{\"@type\":\"WebPage\",\"@id\":\"https:\/\/sceaux-lagazette.fr\/index.php\/2021\/03\/23\/un-jeune-un-mentor\/\",\"url\":\"https:\/\/sceaux-lagazette.fr\/index.php\/2021\/03\/23\/un-jeune-un-mentor\/\",\"name\":\"Un jeune, un mentor - La Gazette\",\"isPartOf\":{\"@id\":\"https:\/\/sceaux-lagazette.fr\/#website\"},\"primaryImageOfPage\":{\"@id\":\"https:\/\/sceaux-lagazette.fr\/index.php\/2021\/03\/23\/un-jeune-un-mentor\/#primaryimage\"},\"image\":{\"@id\":\"https:\/\/sceaux-lagazette.fr\/index.php\/2021\/03\/23\/un-jeune-un-mentor\/#primaryimage\"},\"thumbnailUrl\":\"https:\/\/sceaux-lagazette.fr\/wp-content\/uploads\/2021\/03\/Mentor.png\",\"datePublished\":\"2021-03-23T10:50:27+00:00\",\"dateModified\":\"2021-03-23T17:37:37+00:00\",\"breadcrumb\":{\"@id\":\"https:\/\/sceaux-lagazette.fr\/index.php\/2021\/03\/23\/un-jeune-un-mentor\/#breadcrumb\"},\"inLanguage\":\"fr-FR\",\"potentialAction\":[{\"@type\":\"ReadAction\",\"target\":[\"https:\/\/sceaux-lagazette.fr\/index.php\/2021\/03\/23\/un-jeune-un-mentor\/\"]}]},{\"@type\":\"ImageObject\",\"inLanguage\":\"fr-FR\",\"@id\":\"https:\/\/sceaux-lagazette.fr\/index.php\/2021\/03\/23\/un-jeune-un-mentor\/#primaryimage\",\"url\":\"https:\/\/sceaux-lagazette.fr\/wp-content\/uploads\/2021\/03\/Mentor.png\",\"contentUrl\":\"https:\/\/sceaux-lagazette.fr\/wp-content\/uploads\/2021\/03\/Mentor.png\",\"width\":787,\"height\":413},{\"@type\":\"BreadcrumbList\",\"@id\":\"https:\/\/sceaux-lagazette.fr\/index.php\/2021\/03\/23\/un-jeune-un-mentor\/#breadcrumb\",\"itemListElement\":[{\"@type\":\"ListItem\",\"position\":1,\"name\":\"Accueil\",\"item\":\"https:\/\/sceaux-lagazette.fr\/\"},{\"@type\":\"ListItem\",\"position\":2,\"name\":\"Un jeune, un mentor\"}]},{\"@type\":\"WebSite\",\"@id\":\"https:\/\/sceaux-lagazette.fr\/#website\",\"url\":\"https:\/\/sceaux-lagazette.fr\/\",\"name\":\"La Gazette\",\"description\":\"Bourg-la-Reine, Ch\u00e2tenay, Fontenay, Sceaux\",\"publisher\":{\"@id\":\"https:\/\/sceaux-lagazette.fr\/#organization\"},\"potentialAction\":[{\"@type\":\"SearchAction\",\"target\":{\"@type\":\"EntryPoint\",\"urlTemplate\":\"https:\/\/sceaux-lagazette.fr\/?s={search_term_string}\"},\"query-input\":{\"@type\":\"PropertyValueSpecification\",\"valueRequired\":true,\"valueName\":\"search_term_string\"}}],\"inLanguage\":\"fr-FR\"},{\"@type\":\"Organization\",\"@id\":\"https:\/\/sceaux-lagazette.fr\/#organization\",\"name\":\"La Gazette\",\"url\":\"https:\/\/sceaux-lagazette.fr\/\",\"logo\":{\"@type\":\"ImageObject\",\"inLanguage\":\"fr-FR\",\"@id\":\"https:\/\/sceaux-lagazette.fr\/#\/schema\/logo\/image\/\",\"url\":\"https:\/\/sceaux-lagazette.fr\/wp-content\/uploads\/2025\/08\/Logo-Gazette-Aout-2025-V3.jpg\",\"contentUrl\":\"https:\/\/sceaux-lagazette.fr\/wp-content\/uploads\/2025\/08\/Logo-Gazette-Aout-2025-V3.jpg\",\"width\":525,\"height\":130,\"caption\":\"La Gazette\"},\"image\":{\"@id\":\"https:\/\/sceaux-lagazette.fr\/#\/schema\/logo\/image\/\"}},{\"@type\":\"Person\",\"@id\":\"https:\/\/sceaux-lagazette.fr\/#\/schema\/person\/1c97eb0504f0d55e85d6195f6e99753a\",\"name\":\"Dominique Jourdain\",\"image\":{\"@type\":\"ImageObject\",\"inLanguage\":\"fr-FR\",\"@id\":\"https:\/\/sceaux-lagazette.fr\/#\/schema\/person\/image\/\",\"url\":\"https:\/\/secure.gravatar.com\/avatar\/4abaf1ac2a9e6c4261c7b6030498cc13?s=96&r=g\",\"contentUrl\":\"https:\/\/secure.gravatar.com\/avatar\/4abaf1ac2a9e6c4261c7b6030498cc13?s=96&r=g\",\"caption\":\"Dominique Jourdain\"},\"url\":\"https:\/\/sceaux-lagazette.fr\/index.php\/author\/dominique-jourdain\/\"}]}<\/script>\n<!-- \/ Yoast SEO plugin. -->","yoast_head_json":{"title":"Un jeune, un mentor - La Gazette","robots":{"index":"index","follow":"follow","max-snippet":"max-snippet:-1","max-image-preview":"max-image-preview:large","max-video-preview":"max-video-preview:-1"},"canonical":"https:\/\/sceaux-lagazette.fr\/index.php\/2021\/03\/23\/un-jeune-un-mentor\/","og_locale":"fr_FR","og_type":"article","og_title":"Un jeune, un mentor - La Gazette","og_description":"Savez-vous qu\u2019il existe un dispositif \u00ab\u00a0un jeune un mentor\u00a0\u00bb[1] dont l&rsquo;objectif est que \u00ab\u00a0100 000 jeunes\u00a0\u00bb puissent en b\u00e9n\u00e9ficier cette ann\u00e9e&nbsp;? Il s\u2019inscrit dans le plan \u00ab\u00a01 jeune 1 solution\u00a0\u00bb , lanc\u00e9 en juillet 2020, qui vise \u00e0 soutenir les associations et les entreprises d\u00e9j\u00e0 impliqu\u00e9es dans le mentorat et&#8230;","og_url":"https:\/\/sceaux-lagazette.fr\/index.php\/2021\/03\/23\/un-jeune-un-mentor\/","og_site_name":"La Gazette","article_published_time":"2021-03-23T10:50:27+00:00","article_modified_time":"2021-03-23T17:37:37+00:00","og_image":[{"width":787,"height":413,"url":"https:\/\/sceaux-lagazette.fr\/wp-content\/uploads\/2021\/03\/Mentor.png","type":"image\/png"}],"author":"Dominique Jourdain","twitter_card":"summary_large_image","twitter_misc":{"\u00c9crit par":"Dominique Jourdain","Dur\u00e9e de lecture estim\u00e9e":"3 minutes"},"schema":{"@context":"https:\/\/schema.org","@graph":[{"@type":"Article","@id":"https:\/\/sceaux-lagazette.fr\/index.php\/2021\/03\/23\/un-jeune-un-mentor\/#article","isPartOf":{"@id":"https:\/\/sceaux-lagazette.fr\/index.php\/2021\/03\/23\/un-jeune-un-mentor\/"},"author":{"name":"Dominique Jourdain","@id":"https:\/\/sceaux-lagazette.fr\/#\/schema\/person\/1c97eb0504f0d55e85d6195f6e99753a"},"headline":"Un jeune, un mentor","datePublished":"2021-03-23T10:50:27+00:00","dateModified":"2021-03-23T17:37:37+00:00","mainEntityOfPage":{"@id":"https:\/\/sceaux-lagazette.fr\/index.php\/2021\/03\/23\/un-jeune-un-mentor\/"},"wordCount":570,"commentCount":0,"publisher":{"@id":"https:\/\/sceaux-lagazette.fr\/#organization"},"image":{"@id":"https:\/\/sceaux-lagazette.fr\/index.php\/2021\/03\/23\/un-jeune-un-mentor\/#primaryimage"},"thumbnailUrl":"https:\/\/sceaux-lagazette.fr\/wp-content\/uploads\/2021\/03\/Mentor.png","articleSection":["Analyses"],"inLanguage":"fr-FR","potentialAction":[{"@type":"CommentAction","name":"Comment","target":["https:\/\/sceaux-lagazette.fr\/index.php\/2021\/03\/23\/un-jeune-un-mentor\/#respond"]}]},{"@type":"WebPage","@id":"https:\/\/sceaux-lagazette.fr\/index.php\/2021\/03\/23\/un-jeune-un-mentor\/","url":"https:\/\/sceaux-lagazette.fr\/index.php\/2021\/03\/23\/un-jeune-un-mentor\/","name":"Un jeune, un mentor - La Gazette","isPartOf":{"@id":"https:\/\/sceaux-lagazette.fr\/#website"},"primaryImageOfPage":{"@id":"https:\/\/sceaux-lagazette.fr\/index.php\/2021\/03\/23\/un-jeune-un-mentor\/#primaryimage"},"image":{"@id":"https:\/\/sceaux-lagazette.fr\/index.php\/2021\/03\/23\/un-jeune-un-mentor\/#primaryimage"},"thumbnailUrl":"https:\/\/sceaux-lagazette.fr\/wp-content\/uploads\/2021\/03\/Mentor.png","datePublished":"2021-03-23T10:50:27+00:00","dateModified":"2021-03-23T17:37:37+00:00","breadcrumb":{"@id":"https:\/\/sceaux-lagazette.fr\/index.php\/2021\/03\/23\/un-jeune-un-mentor\/#breadcrumb"},"inLanguage":"fr-FR","potentialAction":[{"@type":"ReadAction","target":["https:\/\/sceaux-lagazette.fr\/index.php\/2021\/03\/23\/un-jeune-un-mentor\/"]}]},{"@type":"ImageObject","inLanguage":"fr-FR","@id":"https:\/\/sceaux-lagazette.fr\/index.php\/2021\/03\/23\/un-jeune-un-mentor\/#primaryimage","url":"https:\/\/sceaux-lagazette.fr\/wp-content\/uploads\/2021\/03\/Mentor.png","contentUrl":"https:\/\/sceaux-lagazette.fr\/wp-content\/uploads\/2021\/03\/Mentor.png","width":787,"height":413},{"@type":"BreadcrumbList","@id":"https:\/\/sceaux-lagazette.fr\/index.php\/2021\/03\/23\/un-jeune-un-mentor\/#breadcrumb","itemListElement":[{"@type":"ListItem","position":1,"name":"Accueil","item":"https:\/\/sceaux-lagazette.fr\/"},{"@type":"ListItem","position":2,"name":"Un jeune, un mentor"}]},{"@type":"WebSite","@id":"https:\/\/sceaux-lagazette.fr\/#website","url":"https:\/\/sceaux-lagazette.fr\/","name":"La Gazette","description":"Bourg-la-Reine, Ch\u00e2tenay, Fontenay, Sceaux","publisher":{"@id":"https:\/\/sceaux-lagazette.fr\/#organization"},"potentialAction":[{"@type":"SearchAction","target":{"@type":"EntryPoint","urlTemplate":"https:\/\/sceaux-lagazette.fr\/?s={search_term_string}"},"query-input":{"@type":"PropertyValueSpecification","valueRequired":true,"valueName":"search_term_string"}}],"inLanguage":"fr-FR"},{"@type":"Organization","@id":"https:\/\/sceaux-lagazette.fr\/#organization","name":"La Gazette","url":"https:\/\/sceaux-lagazette.fr\/","logo":{"@type":"ImageObject","inLanguage":"fr-FR","@id":"https:\/\/sceaux-lagazette.fr\/#\/schema\/logo\/image\/","url":"https:\/\/sceaux-lagazette.fr\/wp-content\/uploads\/2025\/08\/Logo-Gazette-Aout-2025-V3.jpg","contentUrl":"https:\/\/sceaux-lagazette.fr\/wp-content\/uploads\/2025\/08\/Logo-Gazette-Aout-2025-V3.jpg","width":525,"height":130,"caption":"La Gazette"},"image":{"@id":"https:\/\/sceaux-lagazette.fr\/#\/schema\/logo\/image\/"}},{"@type":"Person","@id":"https:\/\/sceaux-lagazette.fr\/#\/schema\/person\/1c97eb0504f0d55e85d6195f6e99753a","name":"Dominique Jourdain","image":{"@type":"ImageObject","inLanguage":"fr-FR","@id":"https:\/\/sceaux-lagazette.fr\/#\/schema\/person\/image\/","url":"https:\/\/secure.gravatar.com\/avatar\/4abaf1ac2a9e6c4261c7b6030498cc13?s=96&r=g","contentUrl":"https:\/\/secure.gravatar.com\/avatar\/4abaf1ac2a9e6c4261c7b6030498cc13?s=96&r=g","caption":"Dominique Jourdain"},"url":"https:\/\/sceaux-lagazette.fr\/index.php\/author\/dominique-jourdain\/"}]}},"cc_featured_image_caption":{"caption_text":false,"source_text":false,"source_url":false},"_links":{"self":[{"href":"https:\/\/sceaux-lagazette.fr\/index.php\/wp-json\/wp\/v2\/posts\/3593"}],"collection":[{"href":"https:\/\/sceaux-lagazette.fr\/index.php\/wp-json\/wp\/v2\/posts"}],"about":[{"href":"https:\/\/sceaux-lagazette.fr\/index.php\/wp-json\/wp\/v2\/types\/post"}],"author":[{"embeddable":true,"href":"https:\/\/sceaux-lagazette.fr\/index.php\/wp-json\/wp\/v2\/users\/29"}],"replies":[{"embeddable":true,"href":"https:\/\/sceaux-lagazette.fr\/index.php\/wp-json\/wp\/v2\/comments?post=3593"}],"version-history":[{"count":7,"href":"https:\/\/sceaux-lagazette.fr\/index.php\/wp-json\/wp\/v2\/posts\/3593\/revisions"}],"predecessor-version":[{"id":3605,"href":"https:\/\/sceaux-lagazette.fr\/index.php\/wp-json\/wp\/v2\/posts\/3593\/revisions\/3605"}],"wp:featuredmedia":[{"embeddable":true,"href":"https:\/\/sceaux-lagazette.fr\/index.php\/wp-json\/wp\/v2\/media\/3603"}],"wp:attachment":[{"href":"https:\/\/sceaux-lagazette.fr\/index.php\/wp-json\/wp\/v2\/media?parent=3593"}],"wp:term":[{"taxonomy":"category","embeddable":true,"href":"https:\/\/sceaux-lagazette.fr\/index.php\/wp-json\/wp\/v2\/categories?post=3593"},{"taxonomy":"post_tag","embeddable":true,"href":"https:\/\/sceaux-lagazette.fr\/index.php\/wp-json\/wp\/v2\/tags?post=3593"}],"curies":[{"name":"wp","href":"https:\/\/api.w.org\/{rel}","templated":true}]}}