{"id":35510,"date":"2023-12-18T08:52:40","date_gmt":"2023-12-18T07:52:40","guid":{"rendered":"https:\/\/sceaux-lagazette.fr\/?p=35510"},"modified":"2024-05-15T23:43:00","modified_gmt":"2024-05-15T21:43:00","slug":"geothermie-3-communes-3-debats","status":"publish","type":"post","link":"https:\/\/sceaux-lagazette.fr\/index.php\/2023\/12\/18\/geothermie-3-communes-3-debats\/","title":{"rendered":"G\u00e9othermie\u00a0: 3 communes, 3 d\u00e9bats"},"content":{"rendered":"\n<p>Nous l\u2019annoncions dans <a href=\"https:\/\/sceaux-lagazette.fr\/index.php\/2023\/12\/05\/nouvelle-etape-pour-la-geothermie-a-fontenay-sceaux-et-bourg-la-reine\/\" target=\"_blank\" rel=\"noreferrer noopener\">un article pr\u00e9c\u00e9dent<\/a>, la cr\u00e9ation de la SPL G\u00e9oSud92 a \u00e9t\u00e9 pr\u00e9sent\u00e9e en s\u00e9ances de chacun des conseils des trois communes concern\u00e9es. Le texte a \u00e9t\u00e9 adopt\u00e9 partout gr\u00e2ce aux voix des majorit\u00e9s municipales. La r\u00e9action des opposants a \u00e9t\u00e9 diverse selon les villes.<\/p>\n\n\n\n<p>Les s\u00e9ances se sont tenues le 7 d\u00e9cembre 2023 \u00e0 Fontenay-aux-Roses, le 8 \u00e0 Sceaux et le 13 \u00e0 Bourg-la-Reine.<\/p>\n\n\n\n<h2 class=\"wp-block-heading\">A Fontenay-aux-Roses<\/h2>\n\n\n\n<p>Huit conseillers ont \u00e9t\u00e9 \u00e9lus en 2020 sur la liste conduite par Gilles Mergy. Ce dernier a fait <a href=\"https:\/\/www.osez-fontenay.fr\/compte-rendu-du-conseil-municipal-du-7-decembre\/\" target=\"_blank\" rel=\"noreferrer noopener\">un compte rendu <\/a>du conseil du 8 d\u00e9cembre sur son site. Il indique que les \u00e9lus d\u2019opposition ont approuv\u00e9 la constitution de la SPL, mais se sont abstenus sur la d\u00e9signation des repr\u00e9sentants de la ville (Laurent Vastel et Despina Bekiari). Il indique aussi que&nbsp;:<\/p>\n\n\n\n<p><em>&nbsp;Sur le r\u00e9seau de chaleur g\u00e9othermique, je reviendrai dans les jours qui viennent sur les interventions de Mme Poggi et moi-m\u00eame. Nous avons soutenu le projet, mais rappel\u00e9 les conditions de r\u00e9alisation et la rigueur avec laquelle un projet d\u2019une telle envergure devra \u00eatre conduit.<\/em><\/p>\n\n\n\n<p>Gilles Mergy avait d\u00e9velopp\u00e9 son point de vue auparavant <a href=\"https:\/\/www.osez-fontenay.fr\/oui-pour-developper-la-geothermie-a-fontenay-aux-roses-en-etant-vigilant-sur-le-montage-operationnel-et-financier\/#comment-28010\" target=\"_blank\" rel=\"noreferrer noopener\">sur son site<\/a>.<\/p>\n\n\n\n<blockquote class=\"wp-block-quote is-layout-flow wp-block-quote-is-layout-flow\">\n<p>Dans le contexte actuel de hausse durable du prix des \u00e9nergies notamment fossiles et de r\u00e9chauffement climatique, ce projet pr\u00e9sente plusieurs avantages : co\u00fbt de revient maitrisable une fois les investissements de d\u00e9part r\u00e9alis\u00e9s, \u00e9nergie moins \u00e9mettrice de CO2\u2026<\/p>\n<\/blockquote>\n\n\n\n<blockquote class=\"wp-block-quote is-layout-flow wp-block-quote-is-layout-flow\">\n<p>Plusieurs articles publi\u00e9s dans diff\u00e9rents blogs de Fontenay-aux-Roses et Sceaux ont mis \u00e0 juste titre les avantage de ce mode de chauffage urbain. Je suis d\u2019accord avec ces analyses et je n\u2019insiste donc pas sur ces points.<\/p>\n\n\n\n<p>N\u00e9anmoins, il convient aussi de lever plusieurs freins au d\u00e9veloppement de l\u2019\u00e9nergie g\u00e9othermiques<\/p>\n\n\n\n<p>Un premier frein est la complexit\u00e9 de montage d\u2019un projet g\u00e9othermique\u2026<\/p>\n\n\n\n<p>Le deuxi\u00e8me frein r\u00e9side dans le manque d\u2019acc\u00e8s aux donn\u00e9es du sous-sol\u2026 Est-il pr\u00e9vu des \u00e9tudes de sous-sol compl\u00e9mentaires ?<\/p>\n\n\n\n<p>Le troisi\u00e8me frein est de nature financi\u00e8re : le co\u00fbt d\u2019investissement initial d\u2019un projet g\u00e9othermique est \u00e9lev\u00e9\u2026<\/p>\n<\/blockquote>\n\n\n\n<p>Il pose donc un certain nombre de questions relatives \u00e0 la conduite du projet.<\/p>\n\n\n\n<p>Le site publie \u00e9galement <a href=\"https:\/\/www.osez-fontenay.fr\/centrale-geothermique-a-fontenay-aux-roses-des-occasions-ratees\/#comment-28018\" target=\"_blank\" rel=\"noreferrer noopener\">le point de vue <\/a>d\u2019un autre auteur&nbsp;: selon lui, \u00e9largir le projet du c\u00f4t\u00e9 de Clamart ou du Plessis-Robinson aurait \u00e9t\u00e9 plus efficace.<\/p>\n\n\n\n<h2 class=\"wp-block-heading\">A Sceaux<\/h2>\n\n\n\n<p>L\u2019opposition se r\u00e9partit entre les groupes Sceaux Ensemble (4 \u00e9lus), Sceaux en commun (2 \u00e9lus) et deux \u00e9lus ind\u00e9pendants. L\u2019un des \u00e9lus ind\u00e9pendants (Xavier Tamby) \u00e9tait absent au moment de la discussion et du vote. Il ressort de la discussion qu\u2019il y a eu une s\u00e9ance de commission sur le sujet le lundi pr\u00e9c\u00e9dent (4 jours avant).<\/p>\n\n\n\n<p>Philippe Szynkowski, pour Sceaux en commun, se montre satisfait de la mise en \u0153uvre d\u2019un projet d\u2019\u00e9nergie renouvelable <em>alors que les actions \u00e9cologiques de la municipalit\u00e9 sont souvent trop limit\u00e9es<\/em>. Il regrette cependant que l\u2019action n\u2019ait pas \u00e9t\u00e9 lanc\u00e9e plus t\u00f4t (elle fut \u00e9voqu\u00e9e d\u00e8s 2019). Mais il s\u2019inqui\u00e8te du financement de l\u2019investissement (63M\u20ac) et du bruit sur le site du Panorama (probablement pendant le forage des deux puits).<\/p>\n\n\n\n<p>Liliane Wietzerbin, pour le m\u00eame groupe, s\u2019interroge sur la r\u00e9partition des projets sur le territoire de VSGP et sur la gouvernance de la SPL&nbsp;: dur\u00e9e de mandat non pr\u00e9cis\u00e9e dans les statuts, distinction peu claire entre pr\u00e9sident et directeur g\u00e9n\u00e9ral, \u00e2ge maximal du pr\u00e9sident (79 ans). Elle aurait aim\u00e9 la pr\u00e9sence au sein du conseil d\u2019administration, \u00e0 c\u00f4t\u00e9 des \u00e9lus, d\u2019experts ind\u00e9pendants (g\u00e9ologues\u2026).<\/p>\n\n\n\n<p>Les deux \u00e9lus de Sceaux en commun ont vot\u00e9 en faveur du projet.<\/p>\n\n\n\n<p>Pour Sceaux Ensemble, Jean-Christophe Dessanges regrette qu\u2019il soit compliqu\u00e9 d\u2019avoir l\u2019\u00e9tude et pose quelques questions techniques. Lui aussi regrette la limite de 79 ans. Maud Bont\u00e9 regrette la priorit\u00e9 donn\u00e9e aux \u00e9tablissements publics&nbsp;: r\u00e9duire la facture \u00e9nerg\u00e9tique pour le public est une bonne chose, mais le priv\u00e9\/contribuable qui va subir les inconv\u00e9nients des travaux ne s\u2019y retrouve gu\u00e8re.<\/p>\n\n\n\n<p>Les quatre \u00e9lus Sceaux Ensemble ont vot\u00e9 en faveur du projet.<\/p>\n\n\n\n<p>Pour sa part Numa Isnard est choqu\u00e9 du montant du capital avanc\u00e9 par la municipalit\u00e9 alors qu\u2019il ne sera d\u00e9pens\u00e9 qu\u2019en 2025. Pourquoi ne pas faire plusieurs augmentations de capital en fonction des besoins r\u00e9els? Il pointe les nuisances li\u00e9es aux travaux et demande une limite d\u2019\u00e2ge \u00e0 65 ans pour le pr\u00e9sident. Il s\u2019oppose au projet par son vote.<\/p>\n\n\n\n<p>Dans sa r\u00e9ponse, Florence Presson explique que la ville de Sceaux ne pouvait agir seule et qu\u2019il a fallu du temps pour trouver un \u00e9quilibre entre les trois villes. Tout le monde voulait d\u00e9poser des projets pour la g\u00e9othermie profonde, mais les g\u00e9lules (zone d\u2019impact des puits de soutirage et d\u2019injection) doivent \u00eatre s\u00e9par\u00e9es. Le pr\u00e9fet a donn\u00e9 l\u2019autorisation au projet.<\/p>\n\n\n\n<p>Sur le financement, elle note que c\u2019est le consommateur qui va rembourser les emprunts \u00e0 travers les paiements de l\u2019\u00e9nergie fournie, et non le contribuable. Elle rappelle la r\u00e9partition \u00e9quilibr\u00e9e de la client\u00e8le estim\u00e9e&nbsp;: 23% pour les \u00e9tablissements publics, 28% pour le tertiaire, 24% pour les copropri\u00e9t\u00e9s, 18% pour les bailleurs sociaux (et 7% pour la ZAC Paradis).<\/p>\n\n\n\n<p>Sur les statuts de la SPL, elle explique que le montant du capital est coh\u00e9rent avec celui de l\u2019investissement et que les services juridiques des trois villes ont valid\u00e9 la solution.<\/p>\n\n\n\n<p>Elle reconnait qu\u2019il y aura des nuisances pendant les travaux, comme chaque fois qu\u2019on construit.<\/p>\n\n\n\n<p>Philippe Laurent rappelle que Sipperec est financ\u00e9 par une taxe sur les consommations. Il note aussi qu\u2019il fallait trouver un lieu de forage (le site du Panorama). Le choix d\u2019un projet commun aux trois villes ne plaisait pas forc\u00e9ment \u00e0 Clamart.<\/p>\n\n\n\n<h2 class=\"wp-block-heading\">A Bourg-la-Reine<\/h2>\n\n\n\n<p>L\u2019opposition se r\u00e9partit ici entre les 6 \u00e9lus de la liste de gauche, un \u00e9lu sur une liste de droite (absent le 13\/12) et deux conseillers \u00e9lus au d\u00e9part sur la liste du maire (dont un absent le 13\/11). Seuls les \u00e9lus de gauche se sont exprim\u00e9s.<\/p>\n\n\n\n<p>Andr\u00e9 Del est revenu sur une d\u00e9cision pr\u00e9c\u00e9dente, qui a conduit la commune \u00e0 d\u00e9l\u00e9guer \u00e0 Sipperec sa comp\u00e9tence dans le domaine de l\u2019\u00e9nergie renouvelable. Pour les \u00e9lus de son groupe, cette d\u00e9cision prive la commune de moyens d\u2019action dans le domaine. De mani\u00e8re plus g\u00e9n\u00e9rale, ces d\u00e9cisions d\u00e9shabillent les mairies de leur comp\u00e9tence au b\u00e9n\u00e9fice d\u2019entit\u00e9s loin du citoyen. &nbsp;<\/p>\n\n\n\n<p>Les \u00e9lus du groupe regrettent la tr\u00e8s faible part de la ville dans le projet et l\u2019attribuent \u00e0 l\u2019indiff\u00e9rence historique (depuis 30 ans) de la majorit\u00e9 sur ce sujet.&nbsp; Ils regrettent notamment qu\u2019il n\u2019y ait pas pu s\u2019\u00e9tablir un projet commun avec Bagneux et Cachan.<\/p>\n\n\n\n<p>Anne Sauvey, adjointe d\u00e9l\u00e9gu\u00e9e \u00e0 la ville durable, r\u00e9pond sur la d\u00e9l\u00e9gation de la comp\u00e9tence \u00e0 Sipperec. Elle signale une r\u00e9flexion en cours avec Bagneux.<\/p>\n\n\n\n<p>Lors du vote, les \u00e9lus de gauche se r\u00e9partissent entre vote contre et abstention.<\/p>\n\n\n\n<h2 class=\"wp-block-heading\">Commentaires<\/h2>\n\n\n\n<p>Le rapport de l\u2019\u00e9tude d\u2019Ithermconseil date d\u2019ao\u00fbt 2023. Le fait que des \u00e9lus d\u2019opposition ne l\u2019aient eu que tr\u00e8s tard ou pas du tout ne participe pas \u00e0 l\u2019exercice sain du d\u00e9bat d\u00e9mocratique. Sur un projet d\u2019investissement de 63 M\u20ac qui plus est (l\u2019apport total des communes est de 1,2 M\u20ac). Ne devrait-il pas aujourd\u2019hui \u00eatre d\u2019acc\u00e8s libre pour les citoyens&nbsp;?<\/p>\n\n\n\n<p>Le vote n\u00e9gatif (ou l\u2019abstention, pour certains) des \u00e9lus de gauche de Bourg-la-Reine peut d\u2019autant plus surprendre qu\u2019ils avaient valid\u00e9 en septembre les d\u00e9penses pour une nouvelle phase d\u2019\u00e9tude et qu\u2019ils plaident pour plus d\u2019\u00e9nergie renouvelable. Au-del\u00e0 des arguments mis en avant, le vote exprime aussi la d\u00e9ception pour le faible impact du projet dans leur ville.<\/p>\n\n\n\n<p>La carte mise en t\u00eate de l\u2019article explique la situation de la ville. On peut voir qu\u2019il existe une zone inutilis\u00e9e au droit d\u2019une partie des villes de Sceaux et du Bourg-la-Reine. Cependant la surface est trop faible pour une exploitation rentable\u00a0: les puits de soutirage et d\u2019injection seraient trop pr\u00e8s l\u2019un de l\u2019autre. Cela aurait \u00e9t\u00e9 possible si la g\u00e9lule du projet de Ch\u00e2tenay-Malabry avait \u00e9t\u00e9 plus \u00e0 l\u2019ouest.<\/p>\n\n\n\n<p>La question de l\u2019\u00e2ge limite pour le pr\u00e9sident a \u00e9t\u00e9 \u00e9voqu\u00e9e par plusieurs intervenants. <a href=\"https:\/\/www.legifrance.gouv.fr\/codes\/article_lc\/LEGIARTI000038799381\/2023-12-16\/\" target=\"_blank\" rel=\"noreferrer noopener\">L&rsquo;article L225 -48<\/a> stipule que <em>Les statuts doivent pr\u00e9voir pour l&rsquo;exercice des fonctions de pr\u00e9sident du conseil d&rsquo;administration une limite d&rsquo;\u00e2ge qui, \u00e0 d\u00e9faut d&rsquo;une disposition expresse, est fix\u00e9e \u00e0 soixante-cinq ans<\/em>.  .<\/p>\n\n\n\n<p>Les arguments mis en avant par Numa Isnard \u00e0 Sceaux pour son vote n\u00e9gatif peinent \u00e0 convaincre. On imagine assez mal des financiers accepter de pr\u00eater des sommes importantes quand les actionnaires eux-m\u00eames semblent peu press\u00e9s d\u2019investir des fonds pourtant faibles au regard de la taille du projet.<\/p>\n\n\n\n<p>On suivra volontiers le point soulign\u00e9 par l\u2019opposition fontenaysienne&nbsp;: la bonne conduite du projet est primordiale. Et il n\u2019y a pas de raison de croire que les maires en place n\u2019ont pas la m\u00eame conviction&nbsp;!<\/p>\n","protected":false},"excerpt":{"rendered":"<p>Nous l\u2019annoncions dans un article pr\u00e9c\u00e9dent, la cr\u00e9ation de la SPL G\u00e9oSud92 a \u00e9t\u00e9 pr\u00e9sent\u00e9e en s\u00e9ances de chacun des conseils des trois communes concern\u00e9es. Le texte a \u00e9t\u00e9 adopt\u00e9 partout gr\u00e2ce aux voix des majorit\u00e9s municipales. La r\u00e9action des opposants a \u00e9t\u00e9 diverse selon les villes. Les s\u00e9ances se&#8230;<\/p>\n","protected":false},"author":11,"featured_media":34997,"comment_status":"open","ping_status":"open","sticky":false,"template":"","format":"standard","meta":{"om_disable_all_campaigns":false,"_monsterinsights_skip_tracking":false,"_monsterinsights_sitenote_active":false,"_monsterinsights_sitenote_note":"","_monsterinsights_sitenote_category":0,"_uf_show_specific_survey":0,"_uf_disable_surveys":false,"footnotes":""},"categories":[265,258,264,249,266,246],"tags":[],"class_list":["post-35510","post","type-post","status-publish","format-standard","has-post-thumbnail","hentry","category-bourg-la-reine","category-environnement","category-fontenay-aux-roses","category-les-plus-lus","category-sceaux","category-vie-publique","entry","simple"],"yoast_head":"<!-- This site is optimized with the Yoast SEO plugin v25.6 - https:\/\/yoast.com\/wordpress\/plugins\/seo\/ -->\n<title>G\u00e9othermie\u00a0: 3 communes, 3 d\u00e9bats - La Gazette<\/title>\n<meta name=\"robots\" content=\"index, follow, max-snippet:-1, max-image-preview:large, max-video-preview:-1\" \/>\n<link rel=\"canonical\" href=\"https:\/\/sceaux-lagazette.fr\/index.php\/2023\/12\/18\/geothermie-3-communes-3-debats\/\" \/>\n<meta property=\"og:locale\" content=\"fr_FR\" \/>\n<meta property=\"og:type\" content=\"article\" \/>\n<meta property=\"og:title\" content=\"G\u00e9othermie\u00a0: 3 communes, 3 d\u00e9bats - La Gazette\" \/>\n<meta property=\"og:description\" content=\"Nous l\u2019annoncions dans un article pr\u00e9c\u00e9dent, la cr\u00e9ation de la SPL G\u00e9oSud92 a \u00e9t\u00e9 pr\u00e9sent\u00e9e en s\u00e9ances de chacun des conseils des trois communes concern\u00e9es. Le texte a \u00e9t\u00e9 adopt\u00e9 partout gr\u00e2ce aux voix des majorit\u00e9s municipales. La r\u00e9action des opposants a \u00e9t\u00e9 diverse selon les villes. Les s\u00e9ances se&#8230;\" \/>\n<meta property=\"og:url\" content=\"https:\/\/sceaux-lagazette.fr\/index.php\/2023\/12\/18\/geothermie-3-communes-3-debats\/\" \/>\n<meta property=\"og:site_name\" content=\"La Gazette\" \/>\n<meta property=\"article:published_time\" content=\"2023-12-18T07:52:40+00:00\" \/>\n<meta property=\"article:modified_time\" content=\"2024-05-15T21:43:00+00:00\" \/>\n<meta property=\"og:image\" content=\"https:\/\/sceaux-lagazette.fr\/wp-content\/uploads\/2023\/12\/Gelule-geothermique-FAR.jpg\" \/>\n\t<meta property=\"og:image:width\" content=\"584\" \/>\n\t<meta property=\"og:image:height\" content=\"396\" \/>\n\t<meta property=\"og:image:type\" content=\"image\/jpeg\" \/>\n<meta name=\"author\" content=\"G\u00e9rard Bardier\" \/>\n<meta name=\"twitter:card\" content=\"summary_large_image\" \/>\n<meta name=\"twitter:label1\" content=\"\u00c9crit par\" \/>\n\t<meta name=\"twitter:data1\" content=\"G\u00e9rard Bardier\" \/>\n\t<meta name=\"twitter:label2\" content=\"Dur\u00e9e de lecture estim\u00e9e\" \/>\n\t<meta name=\"twitter:data2\" content=\"8 minutes\" \/>\n<script type=\"application\/ld+json\" class=\"yoast-schema-graph\">{\"@context\":\"https:\/\/schema.org\",\"@graph\":[{\"@type\":\"Article\",\"@id\":\"https:\/\/sceaux-lagazette.fr\/index.php\/2023\/12\/18\/geothermie-3-communes-3-debats\/#article\",\"isPartOf\":{\"@id\":\"https:\/\/sceaux-lagazette.fr\/index.php\/2023\/12\/18\/geothermie-3-communes-3-debats\/\"},\"author\":{\"name\":\"G\u00e9rard Bardier\",\"@id\":\"https:\/\/sceaux-lagazette.fr\/#\/schema\/person\/5650e206a121f68c6f5e76379bccfbc4\"},\"headline\":\"G\u00e9othermie\u00a0: 3 communes, 3 d\u00e9bats\",\"datePublished\":\"2023-12-18T07:52:40+00:00\",\"dateModified\":\"2024-05-15T21:43:00+00:00\",\"mainEntityOfPage\":{\"@id\":\"https:\/\/sceaux-lagazette.fr\/index.php\/2023\/12\/18\/geothermie-3-communes-3-debats\/\"},\"wordCount\":1616,\"commentCount\":2,\"publisher\":{\"@id\":\"https:\/\/sceaux-lagazette.fr\/#organization\"},\"image\":{\"@id\":\"https:\/\/sceaux-lagazette.fr\/index.php\/2023\/12\/18\/geothermie-3-communes-3-debats\/#primaryimage\"},\"thumbnailUrl\":\"https:\/\/sceaux-lagazette.fr\/wp-content\/uploads\/2023\/12\/Gelule-geothermique-FAR.jpg\",\"articleSection\":[\"Bourg-la-Reine\",\"Environnement\",\"Fontenay-aux-Roses\",\"Les plus lus\",\"Sceaux\",\"Vie publique\"],\"inLanguage\":\"fr-FR\",\"potentialAction\":[{\"@type\":\"CommentAction\",\"name\":\"Comment\",\"target\":[\"https:\/\/sceaux-lagazette.fr\/index.php\/2023\/12\/18\/geothermie-3-communes-3-debats\/#respond\"]}]},{\"@type\":\"WebPage\",\"@id\":\"https:\/\/sceaux-lagazette.fr\/index.php\/2023\/12\/18\/geothermie-3-communes-3-debats\/\",\"url\":\"https:\/\/sceaux-lagazette.fr\/index.php\/2023\/12\/18\/geothermie-3-communes-3-debats\/\",\"name\":\"G\u00e9othermie\u00a0: 3 communes, 3 d\u00e9bats - La Gazette\",\"isPartOf\":{\"@id\":\"https:\/\/sceaux-lagazette.fr\/#website\"},\"primaryImageOfPage\":{\"@id\":\"https:\/\/sceaux-lagazette.fr\/index.php\/2023\/12\/18\/geothermie-3-communes-3-debats\/#primaryimage\"},\"image\":{\"@id\":\"https:\/\/sceaux-lagazette.fr\/index.php\/2023\/12\/18\/geothermie-3-communes-3-debats\/#primaryimage\"},\"thumbnailUrl\":\"https:\/\/sceaux-lagazette.fr\/wp-content\/uploads\/2023\/12\/Gelule-geothermique-FAR.jpg\",\"datePublished\":\"2023-12-18T07:52:40+00:00\",\"dateModified\":\"2024-05-15T21:43:00+00:00\",\"breadcrumb\":{\"@id\":\"https:\/\/sceaux-lagazette.fr\/index.php\/2023\/12\/18\/geothermie-3-communes-3-debats\/#breadcrumb\"},\"inLanguage\":\"fr-FR\",\"potentialAction\":[{\"@type\":\"ReadAction\",\"target\":[\"https:\/\/sceaux-lagazette.fr\/index.php\/2023\/12\/18\/geothermie-3-communes-3-debats\/\"]}]},{\"@type\":\"ImageObject\",\"inLanguage\":\"fr-FR\",\"@id\":\"https:\/\/sceaux-lagazette.fr\/index.php\/2023\/12\/18\/geothermie-3-communes-3-debats\/#primaryimage\",\"url\":\"https:\/\/sceaux-lagazette.fr\/wp-content\/uploads\/2023\/12\/Gelule-geothermique-FAR.jpg\",\"contentUrl\":\"https:\/\/sceaux-lagazette.fr\/wp-content\/uploads\/2023\/12\/Gelule-geothermique-FAR.jpg\",\"width\":584,\"height\":396},{\"@type\":\"BreadcrumbList\",\"@id\":\"https:\/\/sceaux-lagazette.fr\/index.php\/2023\/12\/18\/geothermie-3-communes-3-debats\/#breadcrumb\",\"itemListElement\":[{\"@type\":\"ListItem\",\"position\":1,\"name\":\"Accueil\",\"item\":\"https:\/\/sceaux-lagazette.fr\/\"},{\"@type\":\"ListItem\",\"position\":2,\"name\":\"G\u00e9othermie\u00a0: 3 communes, 3 d\u00e9bats\"}]},{\"@type\":\"WebSite\",\"@id\":\"https:\/\/sceaux-lagazette.fr\/#website\",\"url\":\"https:\/\/sceaux-lagazette.fr\/\",\"name\":\"La Gazette\",\"description\":\"Bourg-la-Reine, Ch\u00e2tenay, Fontenay, Sceaux\",\"publisher\":{\"@id\":\"https:\/\/sceaux-lagazette.fr\/#organization\"},\"potentialAction\":[{\"@type\":\"SearchAction\",\"target\":{\"@type\":\"EntryPoint\",\"urlTemplate\":\"https:\/\/sceaux-lagazette.fr\/?s={search_term_string}\"},\"query-input\":{\"@type\":\"PropertyValueSpecification\",\"valueRequired\":true,\"valueName\":\"search_term_string\"}}],\"inLanguage\":\"fr-FR\"},{\"@type\":\"Organization\",\"@id\":\"https:\/\/sceaux-lagazette.fr\/#organization\",\"name\":\"La Gazette\",\"url\":\"https:\/\/sceaux-lagazette.fr\/\",\"logo\":{\"@type\":\"ImageObject\",\"inLanguage\":\"fr-FR\",\"@id\":\"https:\/\/sceaux-lagazette.fr\/#\/schema\/logo\/image\/\",\"url\":\"https:\/\/sceaux-lagazette.fr\/wp-content\/uploads\/2025\/08\/Logo-Gazette-Aout-2025-V3.jpg\",\"contentUrl\":\"https:\/\/sceaux-lagazette.fr\/wp-content\/uploads\/2025\/08\/Logo-Gazette-Aout-2025-V3.jpg\",\"width\":525,\"height\":130,\"caption\":\"La Gazette\"},\"image\":{\"@id\":\"https:\/\/sceaux-lagazette.fr\/#\/schema\/logo\/image\/\"}},{\"@type\":\"Person\",\"@id\":\"https:\/\/sceaux-lagazette.fr\/#\/schema\/person\/5650e206a121f68c6f5e76379bccfbc4\",\"name\":\"G\u00e9rard Bardier\",\"image\":{\"@type\":\"ImageObject\",\"inLanguage\":\"fr-FR\",\"@id\":\"https:\/\/sceaux-lagazette.fr\/#\/schema\/person\/image\/\",\"url\":\"https:\/\/secure.gravatar.com\/avatar\/5cf4391ef9dbc0367750202561279a29?s=96&r=g\",\"contentUrl\":\"https:\/\/secure.gravatar.com\/avatar\/5cf4391ef9dbc0367750202561279a29?s=96&r=g\",\"caption\":\"G\u00e9rard Bardier\"},\"url\":\"https:\/\/sceaux-lagazette.fr\/index.php\/author\/gb\/\"}]}<\/script>\n<!-- \/ Yoast SEO plugin. -->","yoast_head_json":{"title":"G\u00e9othermie\u00a0: 3 communes, 3 d\u00e9bats - La Gazette","robots":{"index":"index","follow":"follow","max-snippet":"max-snippet:-1","max-image-preview":"max-image-preview:large","max-video-preview":"max-video-preview:-1"},"canonical":"https:\/\/sceaux-lagazette.fr\/index.php\/2023\/12\/18\/geothermie-3-communes-3-debats\/","og_locale":"fr_FR","og_type":"article","og_title":"G\u00e9othermie\u00a0: 3 communes, 3 d\u00e9bats - La Gazette","og_description":"Nous l\u2019annoncions dans un article pr\u00e9c\u00e9dent, la cr\u00e9ation de la SPL G\u00e9oSud92 a \u00e9t\u00e9 pr\u00e9sent\u00e9e en s\u00e9ances de chacun des conseils des trois communes concern\u00e9es. Le texte a \u00e9t\u00e9 adopt\u00e9 partout gr\u00e2ce aux voix des majorit\u00e9s municipales. La r\u00e9action des opposants a \u00e9t\u00e9 diverse selon les villes. Les s\u00e9ances se&#8230;","og_url":"https:\/\/sceaux-lagazette.fr\/index.php\/2023\/12\/18\/geothermie-3-communes-3-debats\/","og_site_name":"La Gazette","article_published_time":"2023-12-18T07:52:40+00:00","article_modified_time":"2024-05-15T21:43:00+00:00","og_image":[{"width":584,"height":396,"url":"https:\/\/sceaux-lagazette.fr\/wp-content\/uploads\/2023\/12\/Gelule-geothermique-FAR.jpg","type":"image\/jpeg"}],"author":"G\u00e9rard Bardier","twitter_card":"summary_large_image","twitter_misc":{"\u00c9crit par":"G\u00e9rard Bardier","Dur\u00e9e de lecture estim\u00e9e":"8 minutes"},"schema":{"@context":"https:\/\/schema.org","@graph":[{"@type":"Article","@id":"https:\/\/sceaux-lagazette.fr\/index.php\/2023\/12\/18\/geothermie-3-communes-3-debats\/#article","isPartOf":{"@id":"https:\/\/sceaux-lagazette.fr\/index.php\/2023\/12\/18\/geothermie-3-communes-3-debats\/"},"author":{"name":"G\u00e9rard Bardier","@id":"https:\/\/sceaux-lagazette.fr\/#\/schema\/person\/5650e206a121f68c6f5e76379bccfbc4"},"headline":"G\u00e9othermie\u00a0: 3 communes, 3 d\u00e9bats","datePublished":"2023-12-18T07:52:40+00:00","dateModified":"2024-05-15T21:43:00+00:00","mainEntityOfPage":{"@id":"https:\/\/sceaux-lagazette.fr\/index.php\/2023\/12\/18\/geothermie-3-communes-3-debats\/"},"wordCount":1616,"commentCount":2,"publisher":{"@id":"https:\/\/sceaux-lagazette.fr\/#organization"},"image":{"@id":"https:\/\/sceaux-lagazette.fr\/index.php\/2023\/12\/18\/geothermie-3-communes-3-debats\/#primaryimage"},"thumbnailUrl":"https:\/\/sceaux-lagazette.fr\/wp-content\/uploads\/2023\/12\/Gelule-geothermique-FAR.jpg","articleSection":["Bourg-la-Reine","Environnement","Fontenay-aux-Roses","Les plus lus","Sceaux","Vie publique"],"inLanguage":"fr-FR","potentialAction":[{"@type":"CommentAction","name":"Comment","target":["https:\/\/sceaux-lagazette.fr\/index.php\/2023\/12\/18\/geothermie-3-communes-3-debats\/#respond"]}]},{"@type":"WebPage","@id":"https:\/\/sceaux-lagazette.fr\/index.php\/2023\/12\/18\/geothermie-3-communes-3-debats\/","url":"https:\/\/sceaux-lagazette.fr\/index.php\/2023\/12\/18\/geothermie-3-communes-3-debats\/","name":"G\u00e9othermie\u00a0: 3 communes, 3 d\u00e9bats - La Gazette","isPartOf":{"@id":"https:\/\/sceaux-lagazette.fr\/#website"},"primaryImageOfPage":{"@id":"https:\/\/sceaux-lagazette.fr\/index.php\/2023\/12\/18\/geothermie-3-communes-3-debats\/#primaryimage"},"image":{"@id":"https:\/\/sceaux-lagazette.fr\/index.php\/2023\/12\/18\/geothermie-3-communes-3-debats\/#primaryimage"},"thumbnailUrl":"https:\/\/sceaux-lagazette.fr\/wp-content\/uploads\/2023\/12\/Gelule-geothermique-FAR.jpg","datePublished":"2023-12-18T07:52:40+00:00","dateModified":"2024-05-15T21:43:00+00:00","breadcrumb":{"@id":"https:\/\/sceaux-lagazette.fr\/index.php\/2023\/12\/18\/geothermie-3-communes-3-debats\/#breadcrumb"},"inLanguage":"fr-FR","potentialAction":[{"@type":"ReadAction","target":["https:\/\/sceaux-lagazette.fr\/index.php\/2023\/12\/18\/geothermie-3-communes-3-debats\/"]}]},{"@type":"ImageObject","inLanguage":"fr-FR","@id":"https:\/\/sceaux-lagazette.fr\/index.php\/2023\/12\/18\/geothermie-3-communes-3-debats\/#primaryimage","url":"https:\/\/sceaux-lagazette.fr\/wp-content\/uploads\/2023\/12\/Gelule-geothermique-FAR.jpg","contentUrl":"https:\/\/sceaux-lagazette.fr\/wp-content\/uploads\/2023\/12\/Gelule-geothermique-FAR.jpg","width":584,"height":396},{"@type":"BreadcrumbList","@id":"https:\/\/sceaux-lagazette.fr\/index.php\/2023\/12\/18\/geothermie-3-communes-3-debats\/#breadcrumb","itemListElement":[{"@type":"ListItem","position":1,"name":"Accueil","item":"https:\/\/sceaux-lagazette.fr\/"},{"@type":"ListItem","position":2,"name":"G\u00e9othermie\u00a0: 3 communes, 3 d\u00e9bats"}]},{"@type":"WebSite","@id":"https:\/\/sceaux-lagazette.fr\/#website","url":"https:\/\/sceaux-lagazette.fr\/","name":"La Gazette","description":"Bourg-la-Reine, Ch\u00e2tenay, Fontenay, Sceaux","publisher":{"@id":"https:\/\/sceaux-lagazette.fr\/#organization"},"potentialAction":[{"@type":"SearchAction","target":{"@type":"EntryPoint","urlTemplate":"https:\/\/sceaux-lagazette.fr\/?s={search_term_string}"},"query-input":{"@type":"PropertyValueSpecification","valueRequired":true,"valueName":"search_term_string"}}],"inLanguage":"fr-FR"},{"@type":"Organization","@id":"https:\/\/sceaux-lagazette.fr\/#organization","name":"La Gazette","url":"https:\/\/sceaux-lagazette.fr\/","logo":{"@type":"ImageObject","inLanguage":"fr-FR","@id":"https:\/\/sceaux-lagazette.fr\/#\/schema\/logo\/image\/","url":"https:\/\/sceaux-lagazette.fr\/wp-content\/uploads\/2025\/08\/Logo-Gazette-Aout-2025-V3.jpg","contentUrl":"https:\/\/sceaux-lagazette.fr\/wp-content\/uploads\/2025\/08\/Logo-Gazette-Aout-2025-V3.jpg","width":525,"height":130,"caption":"La Gazette"},"image":{"@id":"https:\/\/sceaux-lagazette.fr\/#\/schema\/logo\/image\/"}},{"@type":"Person","@id":"https:\/\/sceaux-lagazette.fr\/#\/schema\/person\/5650e206a121f68c6f5e76379bccfbc4","name":"G\u00e9rard Bardier","image":{"@type":"ImageObject","inLanguage":"fr-FR","@id":"https:\/\/sceaux-lagazette.fr\/#\/schema\/person\/image\/","url":"https:\/\/secure.gravatar.com\/avatar\/5cf4391ef9dbc0367750202561279a29?s=96&r=g","contentUrl":"https:\/\/secure.gravatar.com\/avatar\/5cf4391ef9dbc0367750202561279a29?s=96&r=g","caption":"G\u00e9rard Bardier"},"url":"https:\/\/sceaux-lagazette.fr\/index.php\/author\/gb\/"}]}},"cc_featured_image_caption":{"caption_text":"","source_text":"","source_url":""},"_links":{"self":[{"href":"https:\/\/sceaux-lagazette.fr\/index.php\/wp-json\/wp\/v2\/posts\/35510"}],"collection":[{"href":"https:\/\/sceaux-lagazette.fr\/index.php\/wp-json\/wp\/v2\/posts"}],"about":[{"href":"https:\/\/sceaux-lagazette.fr\/index.php\/wp-json\/wp\/v2\/types\/post"}],"author":[{"embeddable":true,"href":"https:\/\/sceaux-lagazette.fr\/index.php\/wp-json\/wp\/v2\/users\/11"}],"replies":[{"embeddable":true,"href":"https:\/\/sceaux-lagazette.fr\/index.php\/wp-json\/wp\/v2\/comments?post=35510"}],"version-history":[{"count":5,"href":"https:\/\/sceaux-lagazette.fr\/index.php\/wp-json\/wp\/v2\/posts\/35510\/revisions"}],"predecessor-version":[{"id":35533,"href":"https:\/\/sceaux-lagazette.fr\/index.php\/wp-json\/wp\/v2\/posts\/35510\/revisions\/35533"}],"wp:featuredmedia":[{"embeddable":true,"href":"https:\/\/sceaux-lagazette.fr\/index.php\/wp-json\/wp\/v2\/media\/34997"}],"wp:attachment":[{"href":"https:\/\/sceaux-lagazette.fr\/index.php\/wp-json\/wp\/v2\/media?parent=35510"}],"wp:term":[{"taxonomy":"category","embeddable":true,"href":"https:\/\/sceaux-lagazette.fr\/index.php\/wp-json\/wp\/v2\/categories?post=35510"},{"taxonomy":"post_tag","embeddable":true,"href":"https:\/\/sceaux-lagazette.fr\/index.php\/wp-json\/wp\/v2\/tags?post=35510"}],"curies":[{"name":"wp","href":"https:\/\/api.w.org\/{rel}","templated":true}]}}