{"id":34784,"date":"2023-11-29T09:30:15","date_gmt":"2023-11-29T08:30:15","guid":{"rendered":"https:\/\/sceaux-lagazette.fr\/?p=34784"},"modified":"2023-11-28T21:32:03","modified_gmt":"2023-11-28T20:32:03","slug":"appel-a-temoins","status":"publish","type":"post","link":"https:\/\/sceaux-lagazette.fr\/index.php\/2023\/11\/29\/appel-a-temoins\/","title":{"rendered":"Appel \u00e0 t\u00e9moins"},"content":{"rendered":"\n<p><strong>BREAKING NEWS <\/strong>Le coq noir que, non sans une pointe de condescendance, France bleu appelle <em>la mascotte \u00e0 plumes du gouvernement<\/em> est introuvable depuis plusieurs jours. Domicili\u00e9 rue de Grenelle, dans le VIIe arrondissement de Paris, Doudou est parti sans laisser d\u2019adresse. Les recherches sont en cours. Qui sait si attir\u00e9 par la Coul\u00e9e verte, le parc de Sceaux ou l\u2019arboretum, il ne serait pas arriv\u00e9 jusque dans les parages&nbsp;?<\/p>\n\n\n\n<p>Deux mots de celui dont la disparition d\u00e9fraie la chronique. Selon <em>Actu Paris<\/em>&nbsp;: \u00ab&nbsp;<em>L\u2019animal \u00e9tait \u00e0 l\u2019\u00e9poque (en 2018) un cadeau d\u2019Edouard Philippe, alors Premier ministre, \u00e0 Christophe Castaner, l\u2019ancien secr\u00e9taire d\u2019\u00c9tat charg\u00e9 des Relations avec le Parlement, \u00e0 la suite d\u2019une boutade entre les deux hommes. En remerciement, ce dernier avait d\u00e9cid\u00e9 de baptiser le coq noir \u00ab Doudou \u00bb, l\u2019un des surnoms de l\u2019actuel maire du Havre<\/em>.&nbsp;\u00bb<\/p>\n\n\n\n<h2 class=\"wp-block-heading\">Il ne vivait pas seul&nbsp;!<\/h2>\n\n\n\n<p>Doudou avait (<strong><u>a<\/u><\/strong>, doit-on dire pour ne pas porter la chkoumoune), Doudou donc a une poule. Et sa poule s\u2019appelle Rosa. Les sources sont sans \u00e9quivoque&nbsp;: elle lui apporte une compagnie r\u00e9confortante et tout indique que Doudou en toutes circonstances est rest\u00e9 un gentleman.<\/p>\n\n\n\n<p>D\u2019apr\u00e8s un <a href=\"https:\/\/www.leparisien.fr\/politique\/le-coq-de-christophe-castaner-a-trouve-l-amour-14-08-2018-7852497.php?ts=1700991192750\">article inform\u00e9 du Parisien<\/a>, il aurait aupr\u00e8s d\u2019elle trouv\u00e9 l\u2019amour. Amour h\u00e9las menac\u00e9, apprend-on, car \u00ab&nbsp;<em>\u2026 depuis quelques mois, les deux volatiles ont d\u00fb se r\u00e9signer \u00e0 moins de libert\u00e9. Chaque soir, ils doivent regagner leur cage pour se pr\u00e9munir d&rsquo;une autre cr\u00e9ature qui r\u00f4de dans les parages la nuit. Dans le jardin mitoyen sans cl\u00f4ture, Lucr\u00e8ce, la chienne de Jacques M\u00e9zard, le ministre de la Coh\u00e9sion des territoires, leur cause bien du souci. Ce griffon \u00ab aux instincts de chasseur \u00bb a d\u00e9j\u00e0 tu\u00e9 un canard, rapporte une source. Et bien failli boulotter Doudou il y a quelques mois. \u00ab Il y avait des plumes noires partout \u00bb, se souvient, horrifi\u00e9, un membre du minist\u00e8re.&nbsp;<\/em>\u00bb\u00a0\u00bb<\/p>\n\n\n\n<p>\u00ab\u00a0Boulotter\u00a0\u00bb. Quel manque d&#8217;empathie pour le sort de Doudou! On sait de lui, qu\u2019il est bavard et bruyant. Selon certains, il serait m\u00eame souriant&nbsp;! Pas le genre prise de bec, mais plut\u00f4t d\u00e9contract\u00e9, chemise hawa\u00efenne. Comme, il y a longtemps, Carlos dans une pub pour un soda \u00e0 la composition chimique et parfaitement industrielle. Le fantaisiste disparu depuis et reposant au cimeti\u00e8re de Bourg-la-Reine chantait&nbsp;: \u00ab&nbsp;<em>Mais qu&rsquo;est-ce que tu bois Doudou dis donc ?<\/em>&nbsp;\u00bb Comment ne pas y repenser quand on se demande avec inqui\u00e9tude comment Doudou le coq arrive \u00e0 se sustenter. Il risque sa peau (et ses plumes) s\u2019il reste sans boire ni manger.<\/p>\n\n\n\n<p>De la rue de Grenelle \u00e0 Bourg-la-Reine, c\u2019est deux bonnes heures \u00e0 pied pour un homme. Alors, pour un coq, ce doit \u00eatre un v\u00e9ritable marathon. M\u00eame si, en passant par le boulevard des Invalides, le boulevard de Montparnasse, l\u2019avenue du Maine, la porte d\u2019Orl\u00e9ans, la nationale 20, il peut repiquer vers le ch\u00e2teau de Sceaux en prenant l\u2019all\u00e9e d\u2019Honneur. Mais \u00e7a fait un sacr\u00e9 bout pour de petites pattes.<\/p>\n\n\n\n<p>Il arrive de trouver des pigeons dans des voitures du RER B sans que personne trouve \u00e0 redire. Doudou aura-t-il trouv\u00e9 de quoi se transporter \u00e0 l\u2019\u0153il&nbsp;? Et se retrouver loin de son domicile ni vu ni connu. <\/p>\n\n\n\n<p>Car depuis quatre jours, plus aucune information n&rsquo;est accessible. A la fi\u00e8vre m\u00e9diatique au moment de sa disparition a succ\u00e9d\u00e9 une terrible couche de silence (on dit en g\u00e9n\u00e9ral: un silence assourdissant). Qu&rsquo;est-ce \u00e0 dire? La censure? Le secret? Si vous avez des nouvelles, n\u2019h\u00e9sitez pas \u00e0 les adresser \u00e0 la Gazette qui transmettra au gouvernement en personne.<\/p>\n\n\n\n<p><\/p>\n","protected":false},"excerpt":{"rendered":"<p>BREAKING NEWS Le coq noir que, non sans une pointe de condescendance, France bleu appelle la mascotte \u00e0 plumes du gouvernement est introuvable depuis plusieurs jours. Domicili\u00e9 rue de Grenelle, dans le VIIe arrondissement de Paris, Doudou est parti sans laisser d\u2019adresse. Les recherches sont en cours. Qui sait si&#8230;<\/p>\n","protected":false},"author":26,"featured_media":34785,"comment_status":"open","ping_status":"open","sticky":false,"template":"","format":"standard","meta":{"om_disable_all_campaigns":false,"_monsterinsights_skip_tracking":false,"_monsterinsights_sitenote_active":false,"_monsterinsights_sitenote_note":"","_monsterinsights_sitenote_category":0,"_uf_show_specific_survey":0,"_uf_disable_surveys":false,"footnotes":""},"categories":[220],"tags":[],"class_list":["post-34784","post","type-post","status-publish","format-standard","has-post-thumbnail","hentry","category-humeurs","entry","simple"],"yoast_head":"<!-- This site is optimized with the Yoast SEO plugin v25.6 - https:\/\/yoast.com\/wordpress\/plugins\/seo\/ -->\n<title>Appel \u00e0 t\u00e9moins - La Gazette<\/title>\n<meta name=\"robots\" content=\"index, follow, max-snippet:-1, max-image-preview:large, max-video-preview:-1\" \/>\n<link rel=\"canonical\" href=\"https:\/\/sceaux-lagazette.fr\/index.php\/2023\/11\/29\/appel-a-temoins\/\" \/>\n<meta property=\"og:locale\" content=\"fr_FR\" \/>\n<meta property=\"og:type\" content=\"article\" \/>\n<meta property=\"og:title\" content=\"Appel \u00e0 t\u00e9moins - La Gazette\" \/>\n<meta property=\"og:description\" content=\"BREAKING NEWS Le coq noir que, non sans une pointe de condescendance, France bleu appelle la mascotte \u00e0 plumes du gouvernement est introuvable depuis plusieurs jours. Domicili\u00e9 rue de Grenelle, dans le VIIe arrondissement de Paris, Doudou est parti sans laisser d\u2019adresse. Les recherches sont en cours. Qui sait si&#8230;\" \/>\n<meta property=\"og:url\" content=\"https:\/\/sceaux-lagazette.fr\/index.php\/2023\/11\/29\/appel-a-temoins\/\" \/>\n<meta property=\"og:site_name\" content=\"La Gazette\" \/>\n<meta property=\"article:published_time\" content=\"2023-11-29T08:30:15+00:00\" \/>\n<meta property=\"og:image\" content=\"https:\/\/sceaux-lagazette.fr\/wp-content\/uploads\/2023\/11\/Doudou-Coq-noior-avec-crete-rouge-e1701168331580.jpeg\" \/>\n\t<meta property=\"og:image:width\" content=\"1024\" \/>\n\t<meta property=\"og:image:height\" content=\"796\" \/>\n\t<meta property=\"og:image:type\" content=\"image\/jpeg\" \/>\n<meta name=\"author\" content=\"Bob Trotter\" \/>\n<meta name=\"twitter:card\" content=\"summary_large_image\" \/>\n<meta name=\"twitter:label1\" content=\"\u00c9crit par\" \/>\n\t<meta name=\"twitter:data1\" content=\"Bob Trotter\" \/>\n\t<meta name=\"twitter:label2\" content=\"Dur\u00e9e de lecture estim\u00e9e\" \/>\n\t<meta name=\"twitter:data2\" content=\"3 minutes\" \/>\n<script type=\"application\/ld+json\" class=\"yoast-schema-graph\">{\"@context\":\"https:\/\/schema.org\",\"@graph\":[{\"@type\":\"Article\",\"@id\":\"https:\/\/sceaux-lagazette.fr\/index.php\/2023\/11\/29\/appel-a-temoins\/#article\",\"isPartOf\":{\"@id\":\"https:\/\/sceaux-lagazette.fr\/index.php\/2023\/11\/29\/appel-a-temoins\/\"},\"author\":{\"name\":\"Bob Trotter\",\"@id\":\"https:\/\/sceaux-lagazette.fr\/#\/schema\/person\/6a722b0a04ce43936c921179f282272b\"},\"headline\":\"Appel \u00e0 t\u00e9moins\",\"datePublished\":\"2023-11-29T08:30:15+00:00\",\"mainEntityOfPage\":{\"@id\":\"https:\/\/sceaux-lagazette.fr\/index.php\/2023\/11\/29\/appel-a-temoins\/\"},\"wordCount\":633,\"commentCount\":0,\"publisher\":{\"@id\":\"https:\/\/sceaux-lagazette.fr\/#organization\"},\"image\":{\"@id\":\"https:\/\/sceaux-lagazette.fr\/index.php\/2023\/11\/29\/appel-a-temoins\/#primaryimage\"},\"thumbnailUrl\":\"https:\/\/sceaux-lagazette.fr\/wp-content\/uploads\/2023\/11\/Doudou-Coq-noior-avec-crete-rouge-e1701168331580.jpeg\",\"articleSection\":[\"Humeurs\"],\"inLanguage\":\"fr-FR\",\"potentialAction\":[{\"@type\":\"CommentAction\",\"name\":\"Comment\",\"target\":[\"https:\/\/sceaux-lagazette.fr\/index.php\/2023\/11\/29\/appel-a-temoins\/#respond\"]}]},{\"@type\":\"WebPage\",\"@id\":\"https:\/\/sceaux-lagazette.fr\/index.php\/2023\/11\/29\/appel-a-temoins\/\",\"url\":\"https:\/\/sceaux-lagazette.fr\/index.php\/2023\/11\/29\/appel-a-temoins\/\",\"name\":\"Appel \u00e0 t\u00e9moins - La Gazette\",\"isPartOf\":{\"@id\":\"https:\/\/sceaux-lagazette.fr\/#website\"},\"primaryImageOfPage\":{\"@id\":\"https:\/\/sceaux-lagazette.fr\/index.php\/2023\/11\/29\/appel-a-temoins\/#primaryimage\"},\"image\":{\"@id\":\"https:\/\/sceaux-lagazette.fr\/index.php\/2023\/11\/29\/appel-a-temoins\/#primaryimage\"},\"thumbnailUrl\":\"https:\/\/sceaux-lagazette.fr\/wp-content\/uploads\/2023\/11\/Doudou-Coq-noior-avec-crete-rouge-e1701168331580.jpeg\",\"datePublished\":\"2023-11-29T08:30:15+00:00\",\"breadcrumb\":{\"@id\":\"https:\/\/sceaux-lagazette.fr\/index.php\/2023\/11\/29\/appel-a-temoins\/#breadcrumb\"},\"inLanguage\":\"fr-FR\",\"potentialAction\":[{\"@type\":\"ReadAction\",\"target\":[\"https:\/\/sceaux-lagazette.fr\/index.php\/2023\/11\/29\/appel-a-temoins\/\"]}]},{\"@type\":\"ImageObject\",\"inLanguage\":\"fr-FR\",\"@id\":\"https:\/\/sceaux-lagazette.fr\/index.php\/2023\/11\/29\/appel-a-temoins\/#primaryimage\",\"url\":\"https:\/\/sceaux-lagazette.fr\/wp-content\/uploads\/2023\/11\/Doudou-Coq-noior-avec-crete-rouge-e1701168331580.jpeg\",\"contentUrl\":\"https:\/\/sceaux-lagazette.fr\/wp-content\/uploads\/2023\/11\/Doudou-Coq-noior-avec-crete-rouge-e1701168331580.jpeg\",\"width\":1024,\"height\":796},{\"@type\":\"BreadcrumbList\",\"@id\":\"https:\/\/sceaux-lagazette.fr\/index.php\/2023\/11\/29\/appel-a-temoins\/#breadcrumb\",\"itemListElement\":[{\"@type\":\"ListItem\",\"position\":1,\"name\":\"Accueil\",\"item\":\"https:\/\/sceaux-lagazette.fr\/\"},{\"@type\":\"ListItem\",\"position\":2,\"name\":\"Appel \u00e0 t\u00e9moins\"}]},{\"@type\":\"WebSite\",\"@id\":\"https:\/\/sceaux-lagazette.fr\/#website\",\"url\":\"https:\/\/sceaux-lagazette.fr\/\",\"name\":\"La Gazette\",\"description\":\"Bourg-la-Reine, Ch\u00e2tenay, Fontenay, Sceaux\",\"publisher\":{\"@id\":\"https:\/\/sceaux-lagazette.fr\/#organization\"},\"potentialAction\":[{\"@type\":\"SearchAction\",\"target\":{\"@type\":\"EntryPoint\",\"urlTemplate\":\"https:\/\/sceaux-lagazette.fr\/?s={search_term_string}\"},\"query-input\":{\"@type\":\"PropertyValueSpecification\",\"valueRequired\":true,\"valueName\":\"search_term_string\"}}],\"inLanguage\":\"fr-FR\"},{\"@type\":\"Organization\",\"@id\":\"https:\/\/sceaux-lagazette.fr\/#organization\",\"name\":\"La Gazette\",\"url\":\"https:\/\/sceaux-lagazette.fr\/\",\"logo\":{\"@type\":\"ImageObject\",\"inLanguage\":\"fr-FR\",\"@id\":\"https:\/\/sceaux-lagazette.fr\/#\/schema\/logo\/image\/\",\"url\":\"https:\/\/sceaux-lagazette.fr\/wp-content\/uploads\/2025\/08\/Logo-Gazette-Aout-2025-V3.jpg\",\"contentUrl\":\"https:\/\/sceaux-lagazette.fr\/wp-content\/uploads\/2025\/08\/Logo-Gazette-Aout-2025-V3.jpg\",\"width\":525,\"height\":130,\"caption\":\"La Gazette\"},\"image\":{\"@id\":\"https:\/\/sceaux-lagazette.fr\/#\/schema\/logo\/image\/\"}},{\"@type\":\"Person\",\"@id\":\"https:\/\/sceaux-lagazette.fr\/#\/schema\/person\/6a722b0a04ce43936c921179f282272b\",\"name\":\"Bob Trotter\",\"image\":{\"@type\":\"ImageObject\",\"inLanguage\":\"fr-FR\",\"@id\":\"https:\/\/sceaux-lagazette.fr\/#\/schema\/person\/image\/\",\"url\":\"https:\/\/secure.gravatar.com\/avatar\/7b80be6425a418a33c1b7fcf62c4f1bc?s=96&r=g\",\"contentUrl\":\"https:\/\/secure.gravatar.com\/avatar\/7b80be6425a418a33c1b7fcf62c4f1bc?s=96&r=g\",\"caption\":\"Bob Trotter\"},\"url\":\"https:\/\/sceaux-lagazette.fr\/index.php\/author\/bob-trotter\/\"}]}<\/script>\n<!-- \/ Yoast SEO plugin. -->","yoast_head_json":{"title":"Appel \u00e0 t\u00e9moins - La Gazette","robots":{"index":"index","follow":"follow","max-snippet":"max-snippet:-1","max-image-preview":"max-image-preview:large","max-video-preview":"max-video-preview:-1"},"canonical":"https:\/\/sceaux-lagazette.fr\/index.php\/2023\/11\/29\/appel-a-temoins\/","og_locale":"fr_FR","og_type":"article","og_title":"Appel \u00e0 t\u00e9moins - La Gazette","og_description":"BREAKING NEWS Le coq noir que, non sans une pointe de condescendance, France bleu appelle la mascotte \u00e0 plumes du gouvernement est introuvable depuis plusieurs jours. Domicili\u00e9 rue de Grenelle, dans le VIIe arrondissement de Paris, Doudou est parti sans laisser d\u2019adresse. Les recherches sont en cours. Qui sait si&#8230;","og_url":"https:\/\/sceaux-lagazette.fr\/index.php\/2023\/11\/29\/appel-a-temoins\/","og_site_name":"La Gazette","article_published_time":"2023-11-29T08:30:15+00:00","og_image":[{"width":1024,"height":796,"url":"https:\/\/sceaux-lagazette.fr\/wp-content\/uploads\/2023\/11\/Doudou-Coq-noior-avec-crete-rouge-e1701168331580.jpeg","type":"image\/jpeg"}],"author":"Bob Trotter","twitter_card":"summary_large_image","twitter_misc":{"\u00c9crit par":"Bob Trotter","Dur\u00e9e de lecture estim\u00e9e":"3 minutes"},"schema":{"@context":"https:\/\/schema.org","@graph":[{"@type":"Article","@id":"https:\/\/sceaux-lagazette.fr\/index.php\/2023\/11\/29\/appel-a-temoins\/#article","isPartOf":{"@id":"https:\/\/sceaux-lagazette.fr\/index.php\/2023\/11\/29\/appel-a-temoins\/"},"author":{"name":"Bob Trotter","@id":"https:\/\/sceaux-lagazette.fr\/#\/schema\/person\/6a722b0a04ce43936c921179f282272b"},"headline":"Appel \u00e0 t\u00e9moins","datePublished":"2023-11-29T08:30:15+00:00","mainEntityOfPage":{"@id":"https:\/\/sceaux-lagazette.fr\/index.php\/2023\/11\/29\/appel-a-temoins\/"},"wordCount":633,"commentCount":0,"publisher":{"@id":"https:\/\/sceaux-lagazette.fr\/#organization"},"image":{"@id":"https:\/\/sceaux-lagazette.fr\/index.php\/2023\/11\/29\/appel-a-temoins\/#primaryimage"},"thumbnailUrl":"https:\/\/sceaux-lagazette.fr\/wp-content\/uploads\/2023\/11\/Doudou-Coq-noior-avec-crete-rouge-e1701168331580.jpeg","articleSection":["Humeurs"],"inLanguage":"fr-FR","potentialAction":[{"@type":"CommentAction","name":"Comment","target":["https:\/\/sceaux-lagazette.fr\/index.php\/2023\/11\/29\/appel-a-temoins\/#respond"]}]},{"@type":"WebPage","@id":"https:\/\/sceaux-lagazette.fr\/index.php\/2023\/11\/29\/appel-a-temoins\/","url":"https:\/\/sceaux-lagazette.fr\/index.php\/2023\/11\/29\/appel-a-temoins\/","name":"Appel \u00e0 t\u00e9moins - La Gazette","isPartOf":{"@id":"https:\/\/sceaux-lagazette.fr\/#website"},"primaryImageOfPage":{"@id":"https:\/\/sceaux-lagazette.fr\/index.php\/2023\/11\/29\/appel-a-temoins\/#primaryimage"},"image":{"@id":"https:\/\/sceaux-lagazette.fr\/index.php\/2023\/11\/29\/appel-a-temoins\/#primaryimage"},"thumbnailUrl":"https:\/\/sceaux-lagazette.fr\/wp-content\/uploads\/2023\/11\/Doudou-Coq-noior-avec-crete-rouge-e1701168331580.jpeg","datePublished":"2023-11-29T08:30:15+00:00","breadcrumb":{"@id":"https:\/\/sceaux-lagazette.fr\/index.php\/2023\/11\/29\/appel-a-temoins\/#breadcrumb"},"inLanguage":"fr-FR","potentialAction":[{"@type":"ReadAction","target":["https:\/\/sceaux-lagazette.fr\/index.php\/2023\/11\/29\/appel-a-temoins\/"]}]},{"@type":"ImageObject","inLanguage":"fr-FR","@id":"https:\/\/sceaux-lagazette.fr\/index.php\/2023\/11\/29\/appel-a-temoins\/#primaryimage","url":"https:\/\/sceaux-lagazette.fr\/wp-content\/uploads\/2023\/11\/Doudou-Coq-noior-avec-crete-rouge-e1701168331580.jpeg","contentUrl":"https:\/\/sceaux-lagazette.fr\/wp-content\/uploads\/2023\/11\/Doudou-Coq-noior-avec-crete-rouge-e1701168331580.jpeg","width":1024,"height":796},{"@type":"BreadcrumbList","@id":"https:\/\/sceaux-lagazette.fr\/index.php\/2023\/11\/29\/appel-a-temoins\/#breadcrumb","itemListElement":[{"@type":"ListItem","position":1,"name":"Accueil","item":"https:\/\/sceaux-lagazette.fr\/"},{"@type":"ListItem","position":2,"name":"Appel \u00e0 t\u00e9moins"}]},{"@type":"WebSite","@id":"https:\/\/sceaux-lagazette.fr\/#website","url":"https:\/\/sceaux-lagazette.fr\/","name":"La Gazette","description":"Bourg-la-Reine, Ch\u00e2tenay, Fontenay, Sceaux","publisher":{"@id":"https:\/\/sceaux-lagazette.fr\/#organization"},"potentialAction":[{"@type":"SearchAction","target":{"@type":"EntryPoint","urlTemplate":"https:\/\/sceaux-lagazette.fr\/?s={search_term_string}"},"query-input":{"@type":"PropertyValueSpecification","valueRequired":true,"valueName":"search_term_string"}}],"inLanguage":"fr-FR"},{"@type":"Organization","@id":"https:\/\/sceaux-lagazette.fr\/#organization","name":"La Gazette","url":"https:\/\/sceaux-lagazette.fr\/","logo":{"@type":"ImageObject","inLanguage":"fr-FR","@id":"https:\/\/sceaux-lagazette.fr\/#\/schema\/logo\/image\/","url":"https:\/\/sceaux-lagazette.fr\/wp-content\/uploads\/2025\/08\/Logo-Gazette-Aout-2025-V3.jpg","contentUrl":"https:\/\/sceaux-lagazette.fr\/wp-content\/uploads\/2025\/08\/Logo-Gazette-Aout-2025-V3.jpg","width":525,"height":130,"caption":"La Gazette"},"image":{"@id":"https:\/\/sceaux-lagazette.fr\/#\/schema\/logo\/image\/"}},{"@type":"Person","@id":"https:\/\/sceaux-lagazette.fr\/#\/schema\/person\/6a722b0a04ce43936c921179f282272b","name":"Bob Trotter","image":{"@type":"ImageObject","inLanguage":"fr-FR","@id":"https:\/\/sceaux-lagazette.fr\/#\/schema\/person\/image\/","url":"https:\/\/secure.gravatar.com\/avatar\/7b80be6425a418a33c1b7fcf62c4f1bc?s=96&r=g","contentUrl":"https:\/\/secure.gravatar.com\/avatar\/7b80be6425a418a33c1b7fcf62c4f1bc?s=96&r=g","caption":"Bob Trotter"},"url":"https:\/\/sceaux-lagazette.fr\/index.php\/author\/bob-trotter\/"}]}},"cc_featured_image_caption":{"caption_text":"Image LGdS garantie 100% IA. MS Bing powered.","source_text":"","source_url":""},"_links":{"self":[{"href":"https:\/\/sceaux-lagazette.fr\/index.php\/wp-json\/wp\/v2\/posts\/34784"}],"collection":[{"href":"https:\/\/sceaux-lagazette.fr\/index.php\/wp-json\/wp\/v2\/posts"}],"about":[{"href":"https:\/\/sceaux-lagazette.fr\/index.php\/wp-json\/wp\/v2\/types\/post"}],"author":[{"embeddable":true,"href":"https:\/\/sceaux-lagazette.fr\/index.php\/wp-json\/wp\/v2\/users\/26"}],"replies":[{"embeddable":true,"href":"https:\/\/sceaux-lagazette.fr\/index.php\/wp-json\/wp\/v2\/comments?post=34784"}],"version-history":[{"count":6,"href":"https:\/\/sceaux-lagazette.fr\/index.php\/wp-json\/wp\/v2\/posts\/34784\/revisions"}],"predecessor-version":[{"id":34813,"href":"https:\/\/sceaux-lagazette.fr\/index.php\/wp-json\/wp\/v2\/posts\/34784\/revisions\/34813"}],"wp:featuredmedia":[{"embeddable":true,"href":"https:\/\/sceaux-lagazette.fr\/index.php\/wp-json\/wp\/v2\/media\/34785"}],"wp:attachment":[{"href":"https:\/\/sceaux-lagazette.fr\/index.php\/wp-json\/wp\/v2\/media?parent=34784"}],"wp:term":[{"taxonomy":"category","embeddable":true,"href":"https:\/\/sceaux-lagazette.fr\/index.php\/wp-json\/wp\/v2\/categories?post=34784"},{"taxonomy":"post_tag","embeddable":true,"href":"https:\/\/sceaux-lagazette.fr\/index.php\/wp-json\/wp\/v2\/tags?post=34784"}],"curies":[{"name":"wp","href":"https:\/\/api.w.org\/{rel}","templated":true}]}}