{"id":3140,"date":"2021-01-28T07:35:45","date_gmt":"2021-01-28T06:35:45","guid":{"rendered":"https:\/\/sceaux-lagazette.fr\/?p=3140"},"modified":"2022-10-17T19:07:20","modified_gmt":"2022-10-17T17:07:20","slug":"enquete-publique-charles-de-gaulle","status":"publish","type":"post","link":"https:\/\/sceaux-lagazette.fr\/index.php\/2021\/01\/28\/enquete-publique-charles-de-gaulle\/","title":{"rendered":"Enqu\u00eate publique Charles de Gaulle"},"content":{"rendered":"\n<p>A partir du 26 janvier et jusqu\u2019au 10 f\u00e9vrier, une enqu\u00eate publique est ouverte concernant le d\u00e9classement de trois portions de l\u2019espace public d\u00e9partemental. Le dossier est consultable en mairie et<a href=\"https:\/\/www.enquetes-publiques.com\/Enquetes_WEB\/FR\/EP20390\/Accueil.awp\" target=\"_blank\" rel=\"noreferrer noopener\"> sur le site <\/a>du d\u00e9partement.<\/p>\n\n\n\n<h2 class=\"wp-block-heading\">Le d\u00e9roulement<\/h2>\n\n\n\n<p>En mairie, le dossier sera consultable les lundi, mardi, mercredi et vendredi de 8 h 30 \u00e0 12h00 et de 13 h 30 \u00e0 17h30, le jeudi de 8 h 30 \u00e0 12 h 00 et le samedi de 9 h 00 \u00e0 12 h 00. Pendant trois permanences, le commissaire enqu\u00eateur recevra en personne les observations du public en mairie. Il est possible de consigner ses observations directement sur le site.<\/p>\n\n\n\n<ul class=\"wp-block-list\"><li>Mardi 26 janvier 2021, de 8 h 30 \u00e0 12 h 00<\/li><li>Samedi 30 janvier 2021, de 9 h 00 \u00e0 12 h 00<\/li><li>Mercredi 10 f\u00e9vrier 2021, de 8 h 30 \u00e0 12 h 00.<\/li><\/ul>\n\n\n\n<h2 class=\"wp-block-heading\">L\u2019objet de l\u2019enqu\u00eate<\/h2>\n\n\n\n<p>Il s\u2019agit de \u00ab&nbsp;prononcer le d\u00e9classement d\u2019une portion minime d\u2019emprises non cadastr\u00e9es composant actuellement la voirie d\u00e9partementale. Ce pour les faire entrer dans le domaine priv\u00e9 d\u00e9partemental, ce qui permettra ensuite leur vente \u00e0 la soci\u00e9t\u00e9 NACARAT et \u00e0 la soci\u00e9t\u00e9 PITCH PROMOTION&nbsp;\u00bb<\/p>\n\n\n\n<p>Cette action a pour objectif de contribuer \u00e0 la r\u00e9alisation du projet de la place du G\u00e9n\u00e9ral de Gaulle port\u00e9 par la mairie de Sceaux. Ce projet est pr\u00e9sent\u00e9 dans l\u2019enqu\u00eate comme comprenant trois ilots&nbsp;:<\/p>\n\n\n\n<ul class=\"wp-block-list\"><li>Ilot 1 ou ilot Voltaire,<\/li><li>Ilot 2 ou ilot Amiral, pr\u00e9sent\u00e9 comme devant accueillir \u00ab&nbsp;<em>l\u2019institut culinaire de France, une \u00e9cole des arts culinaires. Le permis de construire a \u00e9t\u00e9 accord\u00e9 le 26 d\u00e9cembre 2018<\/em>&nbsp;\u00bb, mais n\u2019\u00e9tant pas concern\u00e9 par la proc\u00e9dure de d\u00e9classement,<\/li><li>Ilot 3 ou ilot Houdan.<\/li><\/ul>\n\n\n\n<h2 class=\"wp-block-heading\">Les emprises faisant l&rsquo;objet d&rsquo;un projet de d\u00e9classement<\/h2>\n\n\n\n<p>Les emprises concern\u00e9es par le projet de d\u00e9classement sont les suivantes<\/p>\n\n\n\n<ul class=\"wp-block-list\"><li>Une partie du sud de la chauss\u00e9e de la rue Houdan \u00e0 l\u2019ouest du carrefour, et en continuit\u00e9, une partie du carrefour lui-m\u00eame, au niveau du parterre o\u00f9 se trouve la statue du g\u00e9n\u00e9ral De Gaulle, soit 88 m2<\/li><li>Une partie du trottoir \u00e0 l\u2019ouest de la chauss\u00e9e de la rue Voltaire, au sud du carrefour, le long de l\u2019actuel parking, sur une faible largeur (environ 30 cm) mais sur une longueur suffisante pour faire 20 m2 au total<\/li><li>Une petite portion de trottoir rue Voltaire (\u00e0 l\u2019est cette fois), au droit de l\u2019espace vert situ\u00e9 place du G\u00e9n\u00e9ral de Gaulle. Sa superficie est d\u2019environ 10 m\u00b2<\/li><\/ul>\n\n\n\n<p>Le plan de l\u2019ilot Voltaire ci-dessous fait apparaitre en vert la principale surface concern\u00e9e. Elle prend 30 cm sur la voirie le long de l\u2019ensemble immobilier devant \u00eatre implant\u00e9 \u00e0 la place du parking actuel. Elle transforme l\u2019arc de cercle de la place en une liaison anguleuse entre la rue Houdan et la rue Voltaire. &nbsp;<\/p>\n\n\n\n<figure class=\"wp-block-image size-medium\"><img decoding=\"async\" width=\"239\" height=\"300\" src=\"https:\/\/sceaux-lagazette.fr\/wp-content\/uploads\/2021\/01\/plan-ilot-Voltaire-239x300.png\" alt=\"\" class=\"wp-image-3142\" srcset=\"https:\/\/sceaux-lagazette.fr\/wp-content\/uploads\/2021\/01\/plan-ilot-Voltaire-239x300.png 239w, https:\/\/sceaux-lagazette.fr\/wp-content\/uploads\/2021\/01\/plan-ilot-Voltaire.png 447w\" sizes=\"(max-width: 239px) 100vw, 239px\" \/><\/figure>\n\n\n\n<p>Le plan ci-dessous fait apparaitre le troisi\u00e8me lot \u00e0 d\u00e9classer, en face du parterre o\u00f9 se trouve la statue. En haut \u00e0 gauche, on retrouve l\u2019angle entre la rue Houdan et la rue Voltaire qui remplacerait la liaison arrondie existant. En violet, on reconna\u00eet le projet de construction d\u2019un petit immeuble en lieu et place de la petite pelouse actuelle.&nbsp;En vert clair, la partie \u00e0 d\u00e9classer pour la construction violette.&nbsp;&nbsp;<\/p>\n\n\n\n<p>&nbsp;&nbsp;&nbsp;&nbsp;&nbsp;&nbsp;&nbsp;&nbsp;&nbsp;&nbsp;&nbsp;<\/p>\n\n\n\n<figure class=\"wp-block-image size-large\"><img decoding=\"async\" width=\"407\" height=\"409\" src=\"https:\/\/sceaux-lagazette.fr\/wp-content\/uploads\/2021\/01\/d\u00e9classement-ilot-3.png\" alt=\"\" class=\"wp-image-3143\" srcset=\"https:\/\/sceaux-lagazette.fr\/wp-content\/uploads\/2021\/01\/d\u00e9classement-ilot-3.png 407w, https:\/\/sceaux-lagazette.fr\/wp-content\/uploads\/2021\/01\/d\u00e9classement-ilot-3-300x300.png 300w, https:\/\/sceaux-lagazette.fr\/wp-content\/uploads\/2021\/01\/d\u00e9classement-ilot-3-150x150.png 150w\" sizes=\"(max-width: 407px) 100vw, 407px\" \/><\/figure>\n\n\n\n<p>Un futur article sera consacr\u00e9 aux observations diverses sur ce projet. Des propositions peuvent \u00eatre faites \u00e0 la Gazette sous forme de commentaires.<\/p>\n","protected":false},"excerpt":{"rendered":"<p>A partir du 26 janvier et jusqu\u2019au 10 f\u00e9vrier, une enqu\u00eate publique est ouverte concernant le d\u00e9classement de trois portions de l\u2019espace public d\u00e9partemental. Le dossier est consultable en mairie et sur le site du d\u00e9partement. Le d\u00e9roulement En mairie, le dossier sera consultable les lundi, mardi, mercredi et vendredi&#8230;<\/p>\n","protected":false},"author":11,"featured_media":3145,"comment_status":"open","ping_status":"open","sticky":false,"template":"","format":"standard","meta":{"om_disable_all_campaigns":false,"_monsterinsights_skip_tracking":false,"_monsterinsights_sitenote_active":false,"_monsterinsights_sitenote_note":"","_monsterinsights_sitenote_category":0,"_uf_show_specific_survey":0,"_uf_disable_surveys":false,"footnotes":""},"categories":[53,249,5,266],"tags":[],"class_list":["post-3140","post","type-post","status-publish","format-standard","has-post-thumbnail","hentry","category-analyses","category-les-plus-lus","category-des-quartiers-de-sceaux","category-sceaux","entry","simple"],"yoast_head":"<!-- This site is optimized with the Yoast SEO plugin v25.6 - https:\/\/yoast.com\/wordpress\/plugins\/seo\/ -->\n<title>Enqu\u00eate publique Charles de Gaulle - La Gazette<\/title>\n<meta name=\"robots\" content=\"index, follow, max-snippet:-1, max-image-preview:large, max-video-preview:-1\" \/>\n<link rel=\"canonical\" href=\"https:\/\/sceaux-lagazette.fr\/index.php\/2021\/01\/28\/enquete-publique-charles-de-gaulle\/\" \/>\n<meta property=\"og:locale\" content=\"fr_FR\" \/>\n<meta property=\"og:type\" content=\"article\" \/>\n<meta property=\"og:title\" content=\"Enqu\u00eate publique Charles de Gaulle - La Gazette\" \/>\n<meta property=\"og:description\" content=\"A partir du 26 janvier et jusqu\u2019au 10 f\u00e9vrier, une enqu\u00eate publique est ouverte concernant le d\u00e9classement de trois portions de l\u2019espace public d\u00e9partemental. Le dossier est consultable en mairie et sur le site du d\u00e9partement. Le d\u00e9roulement En mairie, le dossier sera consultable les lundi, mardi, mercredi et vendredi&#8230;\" \/>\n<meta property=\"og:url\" content=\"https:\/\/sceaux-lagazette.fr\/index.php\/2021\/01\/28\/enquete-publique-charles-de-gaulle\/\" \/>\n<meta property=\"og:site_name\" content=\"La Gazette\" \/>\n<meta property=\"article:published_time\" content=\"2021-01-28T06:35:45+00:00\" \/>\n<meta property=\"article:modified_time\" content=\"2022-10-17T17:07:20+00:00\" \/>\n<meta property=\"og:image\" content=\"https:\/\/sceaux-lagazette.fr\/wp-content\/uploads\/2021\/01\/affiche-enqu\u00eate-publique.png\" \/>\n\t<meta property=\"og:image:width\" content=\"382\" \/>\n\t<meta property=\"og:image:height\" content=\"295\" \/>\n\t<meta property=\"og:image:type\" content=\"image\/png\" \/>\n<meta name=\"author\" content=\"G\u00e9rard Bardier\" \/>\n<meta name=\"twitter:card\" content=\"summary_large_image\" \/>\n<meta name=\"twitter:label1\" content=\"\u00c9crit par\" \/>\n\t<meta name=\"twitter:data1\" content=\"G\u00e9rard Bardier\" \/>\n\t<meta name=\"twitter:label2\" content=\"Dur\u00e9e de lecture estim\u00e9e\" \/>\n\t<meta name=\"twitter:data2\" content=\"3 minutes\" \/>\n<script type=\"application\/ld+json\" class=\"yoast-schema-graph\">{\"@context\":\"https:\/\/schema.org\",\"@graph\":[{\"@type\":\"Article\",\"@id\":\"https:\/\/sceaux-lagazette.fr\/index.php\/2021\/01\/28\/enquete-publique-charles-de-gaulle\/#article\",\"isPartOf\":{\"@id\":\"https:\/\/sceaux-lagazette.fr\/index.php\/2021\/01\/28\/enquete-publique-charles-de-gaulle\/\"},\"author\":{\"name\":\"G\u00e9rard Bardier\",\"@id\":\"https:\/\/sceaux-lagazette.fr\/#\/schema\/person\/5650e206a121f68c6f5e76379bccfbc4\"},\"headline\":\"Enqu\u00eate publique Charles de Gaulle\",\"datePublished\":\"2021-01-28T06:35:45+00:00\",\"dateModified\":\"2022-10-17T17:07:20+00:00\",\"mainEntityOfPage\":{\"@id\":\"https:\/\/sceaux-lagazette.fr\/index.php\/2021\/01\/28\/enquete-publique-charles-de-gaulle\/\"},\"wordCount\":578,\"commentCount\":6,\"publisher\":{\"@id\":\"https:\/\/sceaux-lagazette.fr\/#organization\"},\"image\":{\"@id\":\"https:\/\/sceaux-lagazette.fr\/index.php\/2021\/01\/28\/enquete-publique-charles-de-gaulle\/#primaryimage\"},\"thumbnailUrl\":\"https:\/\/sceaux-lagazette.fr\/wp-content\/uploads\/2021\/01\/affiche-enqu\u00eate-publique.png\",\"articleSection\":[\"Analyses\",\"Les plus lus\",\"Quartiers\",\"Sceaux\"],\"inLanguage\":\"fr-FR\",\"potentialAction\":[{\"@type\":\"CommentAction\",\"name\":\"Comment\",\"target\":[\"https:\/\/sceaux-lagazette.fr\/index.php\/2021\/01\/28\/enquete-publique-charles-de-gaulle\/#respond\"]}]},{\"@type\":\"WebPage\",\"@id\":\"https:\/\/sceaux-lagazette.fr\/index.php\/2021\/01\/28\/enquete-publique-charles-de-gaulle\/\",\"url\":\"https:\/\/sceaux-lagazette.fr\/index.php\/2021\/01\/28\/enquete-publique-charles-de-gaulle\/\",\"name\":\"Enqu\u00eate publique Charles de Gaulle - La Gazette\",\"isPartOf\":{\"@id\":\"https:\/\/sceaux-lagazette.fr\/#website\"},\"primaryImageOfPage\":{\"@id\":\"https:\/\/sceaux-lagazette.fr\/index.php\/2021\/01\/28\/enquete-publique-charles-de-gaulle\/#primaryimage\"},\"image\":{\"@id\":\"https:\/\/sceaux-lagazette.fr\/index.php\/2021\/01\/28\/enquete-publique-charles-de-gaulle\/#primaryimage\"},\"thumbnailUrl\":\"https:\/\/sceaux-lagazette.fr\/wp-content\/uploads\/2021\/01\/affiche-enqu\u00eate-publique.png\",\"datePublished\":\"2021-01-28T06:35:45+00:00\",\"dateModified\":\"2022-10-17T17:07:20+00:00\",\"breadcrumb\":{\"@id\":\"https:\/\/sceaux-lagazette.fr\/index.php\/2021\/01\/28\/enquete-publique-charles-de-gaulle\/#breadcrumb\"},\"inLanguage\":\"fr-FR\",\"potentialAction\":[{\"@type\":\"ReadAction\",\"target\":[\"https:\/\/sceaux-lagazette.fr\/index.php\/2021\/01\/28\/enquete-publique-charles-de-gaulle\/\"]}]},{\"@type\":\"ImageObject\",\"inLanguage\":\"fr-FR\",\"@id\":\"https:\/\/sceaux-lagazette.fr\/index.php\/2021\/01\/28\/enquete-publique-charles-de-gaulle\/#primaryimage\",\"url\":\"https:\/\/sceaux-lagazette.fr\/wp-content\/uploads\/2021\/01\/affiche-enqu\u00eate-publique.png\",\"contentUrl\":\"https:\/\/sceaux-lagazette.fr\/wp-content\/uploads\/2021\/01\/affiche-enqu\u00eate-publique.png\",\"width\":382,\"height\":295},{\"@type\":\"BreadcrumbList\",\"@id\":\"https:\/\/sceaux-lagazette.fr\/index.php\/2021\/01\/28\/enquete-publique-charles-de-gaulle\/#breadcrumb\",\"itemListElement\":[{\"@type\":\"ListItem\",\"position\":1,\"name\":\"Accueil\",\"item\":\"https:\/\/sceaux-lagazette.fr\/\"},{\"@type\":\"ListItem\",\"position\":2,\"name\":\"Enqu\u00eate publique Charles de Gaulle\"}]},{\"@type\":\"WebSite\",\"@id\":\"https:\/\/sceaux-lagazette.fr\/#website\",\"url\":\"https:\/\/sceaux-lagazette.fr\/\",\"name\":\"La Gazette\",\"description\":\"Bourg-la-Reine, Ch\u00e2tenay, Fontenay, Sceaux\",\"publisher\":{\"@id\":\"https:\/\/sceaux-lagazette.fr\/#organization\"},\"potentialAction\":[{\"@type\":\"SearchAction\",\"target\":{\"@type\":\"EntryPoint\",\"urlTemplate\":\"https:\/\/sceaux-lagazette.fr\/?s={search_term_string}\"},\"query-input\":{\"@type\":\"PropertyValueSpecification\",\"valueRequired\":true,\"valueName\":\"search_term_string\"}}],\"inLanguage\":\"fr-FR\"},{\"@type\":\"Organization\",\"@id\":\"https:\/\/sceaux-lagazette.fr\/#organization\",\"name\":\"La Gazette\",\"url\":\"https:\/\/sceaux-lagazette.fr\/\",\"logo\":{\"@type\":\"ImageObject\",\"inLanguage\":\"fr-FR\",\"@id\":\"https:\/\/sceaux-lagazette.fr\/#\/schema\/logo\/image\/\",\"url\":\"https:\/\/sceaux-lagazette.fr\/wp-content\/uploads\/2025\/08\/Logo-Gazette-Aout-2025-V3.jpg\",\"contentUrl\":\"https:\/\/sceaux-lagazette.fr\/wp-content\/uploads\/2025\/08\/Logo-Gazette-Aout-2025-V3.jpg\",\"width\":525,\"height\":130,\"caption\":\"La Gazette\"},\"image\":{\"@id\":\"https:\/\/sceaux-lagazette.fr\/#\/schema\/logo\/image\/\"}},{\"@type\":\"Person\",\"@id\":\"https:\/\/sceaux-lagazette.fr\/#\/schema\/person\/5650e206a121f68c6f5e76379bccfbc4\",\"name\":\"G\u00e9rard Bardier\",\"image\":{\"@type\":\"ImageObject\",\"inLanguage\":\"fr-FR\",\"@id\":\"https:\/\/sceaux-lagazette.fr\/#\/schema\/person\/image\/\",\"url\":\"https:\/\/secure.gravatar.com\/avatar\/5cf4391ef9dbc0367750202561279a29?s=96&r=g\",\"contentUrl\":\"https:\/\/secure.gravatar.com\/avatar\/5cf4391ef9dbc0367750202561279a29?s=96&r=g\",\"caption\":\"G\u00e9rard Bardier\"},\"url\":\"https:\/\/sceaux-lagazette.fr\/index.php\/author\/gb\/\"}]}<\/script>\n<!-- \/ Yoast SEO plugin. -->","yoast_head_json":{"title":"Enqu\u00eate publique Charles de Gaulle - La Gazette","robots":{"index":"index","follow":"follow","max-snippet":"max-snippet:-1","max-image-preview":"max-image-preview:large","max-video-preview":"max-video-preview:-1"},"canonical":"https:\/\/sceaux-lagazette.fr\/index.php\/2021\/01\/28\/enquete-publique-charles-de-gaulle\/","og_locale":"fr_FR","og_type":"article","og_title":"Enqu\u00eate publique Charles de Gaulle - La Gazette","og_description":"A partir du 26 janvier et jusqu\u2019au 10 f\u00e9vrier, une enqu\u00eate publique est ouverte concernant le d\u00e9classement de trois portions de l\u2019espace public d\u00e9partemental. Le dossier est consultable en mairie et sur le site du d\u00e9partement. Le d\u00e9roulement En mairie, le dossier sera consultable les lundi, mardi, mercredi et vendredi&#8230;","og_url":"https:\/\/sceaux-lagazette.fr\/index.php\/2021\/01\/28\/enquete-publique-charles-de-gaulle\/","og_site_name":"La Gazette","article_published_time":"2021-01-28T06:35:45+00:00","article_modified_time":"2022-10-17T17:07:20+00:00","og_image":[{"width":382,"height":295,"url":"https:\/\/sceaux-lagazette.fr\/wp-content\/uploads\/2021\/01\/affiche-enqu\u00eate-publique.png","type":"image\/png"}],"author":"G\u00e9rard Bardier","twitter_card":"summary_large_image","twitter_misc":{"\u00c9crit par":"G\u00e9rard Bardier","Dur\u00e9e de lecture estim\u00e9e":"3 minutes"},"schema":{"@context":"https:\/\/schema.org","@graph":[{"@type":"Article","@id":"https:\/\/sceaux-lagazette.fr\/index.php\/2021\/01\/28\/enquete-publique-charles-de-gaulle\/#article","isPartOf":{"@id":"https:\/\/sceaux-lagazette.fr\/index.php\/2021\/01\/28\/enquete-publique-charles-de-gaulle\/"},"author":{"name":"G\u00e9rard Bardier","@id":"https:\/\/sceaux-lagazette.fr\/#\/schema\/person\/5650e206a121f68c6f5e76379bccfbc4"},"headline":"Enqu\u00eate publique Charles de Gaulle","datePublished":"2021-01-28T06:35:45+00:00","dateModified":"2022-10-17T17:07:20+00:00","mainEntityOfPage":{"@id":"https:\/\/sceaux-lagazette.fr\/index.php\/2021\/01\/28\/enquete-publique-charles-de-gaulle\/"},"wordCount":578,"commentCount":6,"publisher":{"@id":"https:\/\/sceaux-lagazette.fr\/#organization"},"image":{"@id":"https:\/\/sceaux-lagazette.fr\/index.php\/2021\/01\/28\/enquete-publique-charles-de-gaulle\/#primaryimage"},"thumbnailUrl":"https:\/\/sceaux-lagazette.fr\/wp-content\/uploads\/2021\/01\/affiche-enqu\u00eate-publique.png","articleSection":["Analyses","Les plus lus","Quartiers","Sceaux"],"inLanguage":"fr-FR","potentialAction":[{"@type":"CommentAction","name":"Comment","target":["https:\/\/sceaux-lagazette.fr\/index.php\/2021\/01\/28\/enquete-publique-charles-de-gaulle\/#respond"]}]},{"@type":"WebPage","@id":"https:\/\/sceaux-lagazette.fr\/index.php\/2021\/01\/28\/enquete-publique-charles-de-gaulle\/","url":"https:\/\/sceaux-lagazette.fr\/index.php\/2021\/01\/28\/enquete-publique-charles-de-gaulle\/","name":"Enqu\u00eate publique Charles de Gaulle - La Gazette","isPartOf":{"@id":"https:\/\/sceaux-lagazette.fr\/#website"},"primaryImageOfPage":{"@id":"https:\/\/sceaux-lagazette.fr\/index.php\/2021\/01\/28\/enquete-publique-charles-de-gaulle\/#primaryimage"},"image":{"@id":"https:\/\/sceaux-lagazette.fr\/index.php\/2021\/01\/28\/enquete-publique-charles-de-gaulle\/#primaryimage"},"thumbnailUrl":"https:\/\/sceaux-lagazette.fr\/wp-content\/uploads\/2021\/01\/affiche-enqu\u00eate-publique.png","datePublished":"2021-01-28T06:35:45+00:00","dateModified":"2022-10-17T17:07:20+00:00","breadcrumb":{"@id":"https:\/\/sceaux-lagazette.fr\/index.php\/2021\/01\/28\/enquete-publique-charles-de-gaulle\/#breadcrumb"},"inLanguage":"fr-FR","potentialAction":[{"@type":"ReadAction","target":["https:\/\/sceaux-lagazette.fr\/index.php\/2021\/01\/28\/enquete-publique-charles-de-gaulle\/"]}]},{"@type":"ImageObject","inLanguage":"fr-FR","@id":"https:\/\/sceaux-lagazette.fr\/index.php\/2021\/01\/28\/enquete-publique-charles-de-gaulle\/#primaryimage","url":"https:\/\/sceaux-lagazette.fr\/wp-content\/uploads\/2021\/01\/affiche-enqu\u00eate-publique.png","contentUrl":"https:\/\/sceaux-lagazette.fr\/wp-content\/uploads\/2021\/01\/affiche-enqu\u00eate-publique.png","width":382,"height":295},{"@type":"BreadcrumbList","@id":"https:\/\/sceaux-lagazette.fr\/index.php\/2021\/01\/28\/enquete-publique-charles-de-gaulle\/#breadcrumb","itemListElement":[{"@type":"ListItem","position":1,"name":"Accueil","item":"https:\/\/sceaux-lagazette.fr\/"},{"@type":"ListItem","position":2,"name":"Enqu\u00eate publique Charles de Gaulle"}]},{"@type":"WebSite","@id":"https:\/\/sceaux-lagazette.fr\/#website","url":"https:\/\/sceaux-lagazette.fr\/","name":"La Gazette","description":"Bourg-la-Reine, Ch\u00e2tenay, Fontenay, Sceaux","publisher":{"@id":"https:\/\/sceaux-lagazette.fr\/#organization"},"potentialAction":[{"@type":"SearchAction","target":{"@type":"EntryPoint","urlTemplate":"https:\/\/sceaux-lagazette.fr\/?s={search_term_string}"},"query-input":{"@type":"PropertyValueSpecification","valueRequired":true,"valueName":"search_term_string"}}],"inLanguage":"fr-FR"},{"@type":"Organization","@id":"https:\/\/sceaux-lagazette.fr\/#organization","name":"La Gazette","url":"https:\/\/sceaux-lagazette.fr\/","logo":{"@type":"ImageObject","inLanguage":"fr-FR","@id":"https:\/\/sceaux-lagazette.fr\/#\/schema\/logo\/image\/","url":"https:\/\/sceaux-lagazette.fr\/wp-content\/uploads\/2025\/08\/Logo-Gazette-Aout-2025-V3.jpg","contentUrl":"https:\/\/sceaux-lagazette.fr\/wp-content\/uploads\/2025\/08\/Logo-Gazette-Aout-2025-V3.jpg","width":525,"height":130,"caption":"La Gazette"},"image":{"@id":"https:\/\/sceaux-lagazette.fr\/#\/schema\/logo\/image\/"}},{"@type":"Person","@id":"https:\/\/sceaux-lagazette.fr\/#\/schema\/person\/5650e206a121f68c6f5e76379bccfbc4","name":"G\u00e9rard Bardier","image":{"@type":"ImageObject","inLanguage":"fr-FR","@id":"https:\/\/sceaux-lagazette.fr\/#\/schema\/person\/image\/","url":"https:\/\/secure.gravatar.com\/avatar\/5cf4391ef9dbc0367750202561279a29?s=96&r=g","contentUrl":"https:\/\/secure.gravatar.com\/avatar\/5cf4391ef9dbc0367750202561279a29?s=96&r=g","caption":"G\u00e9rard Bardier"},"url":"https:\/\/sceaux-lagazette.fr\/index.php\/author\/gb\/"}]}},"cc_featured_image_caption":{"caption_text":"","source_text":"","source_url":""},"_links":{"self":[{"href":"https:\/\/sceaux-lagazette.fr\/index.php\/wp-json\/wp\/v2\/posts\/3140"}],"collection":[{"href":"https:\/\/sceaux-lagazette.fr\/index.php\/wp-json\/wp\/v2\/posts"}],"about":[{"href":"https:\/\/sceaux-lagazette.fr\/index.php\/wp-json\/wp\/v2\/types\/post"}],"author":[{"embeddable":true,"href":"https:\/\/sceaux-lagazette.fr\/index.php\/wp-json\/wp\/v2\/users\/11"}],"replies":[{"embeddable":true,"href":"https:\/\/sceaux-lagazette.fr\/index.php\/wp-json\/wp\/v2\/comments?post=3140"}],"version-history":[{"count":3,"href":"https:\/\/sceaux-lagazette.fr\/index.php\/wp-json\/wp\/v2\/posts\/3140\/revisions"}],"predecessor-version":[{"id":3146,"href":"https:\/\/sceaux-lagazette.fr\/index.php\/wp-json\/wp\/v2\/posts\/3140\/revisions\/3146"}],"wp:featuredmedia":[{"embeddable":true,"href":"https:\/\/sceaux-lagazette.fr\/index.php\/wp-json\/wp\/v2\/media\/3145"}],"wp:attachment":[{"href":"https:\/\/sceaux-lagazette.fr\/index.php\/wp-json\/wp\/v2\/media?parent=3140"}],"wp:term":[{"taxonomy":"category","embeddable":true,"href":"https:\/\/sceaux-lagazette.fr\/index.php\/wp-json\/wp\/v2\/categories?post=3140"},{"taxonomy":"post_tag","embeddable":true,"href":"https:\/\/sceaux-lagazette.fr\/index.php\/wp-json\/wp\/v2\/tags?post=3140"}],"curies":[{"name":"wp","href":"https:\/\/api.w.org\/{rel}","templated":true}]}}