{"id":3034,"date":"2021-01-19T10:58:17","date_gmt":"2021-01-19T09:58:17","guid":{"rendered":"https:\/\/sceaux-lagazette.fr\/?p=3034"},"modified":"2021-01-19T14:20:02","modified_gmt":"2021-01-19T13:20:02","slug":"avis-du-conseil-scientifique-1-le-couvre-feu","status":"publish","type":"post","link":"https:\/\/sceaux-lagazette.fr\/index.php\/2021\/01\/19\/avis-du-conseil-scientifique-1-le-couvre-feu\/","title":{"rendered":"Avis du conseil scientifique : 1) le couvre-feu"},"content":{"rendered":"\n<p>L\u2019avis du Conseil scientifique dat\u00e9 du 12 janvier et <a href=\"https:\/\/solidarites-sante.gouv.fr\/IMG\/pdf\/avis_conseil_scientifique_12_janvier_2021_actualise_13_janvier_2021.pdf\" target=\"_blank\" rel=\"noreferrer noopener\">publi\u00e9 depuis<\/a> est sans \u00e9quivoque&nbsp;: on n\u2019\u00e9chappera pas \u00e0 un nouveau confinement d\u2019ici quelque mois, du fait de la pr\u00e9sence de plus en plus forte du variant anglais. Cet avis \u00e9tant plein d\u2019enseignements divers, il sera ici abord\u00e9 en plusieurs fois. Aujourd\u2019hui, la strat\u00e9gie propos\u00e9e par le Conseil et le choix fait par le gouvernement.<\/p>\n\n\n\n<h2 class=\"wp-block-heading\">Sc\u00e9narios&nbsp;: couvre-feu ou confinement&nbsp;?<\/h2>\n\n\n\n<p>Dans sa conf\u00e9rence de presse du 14 janvier, Jean Castex a repris de nombreuses mesures pr\u00e9conis\u00e9es dans l\u2019avis du conseil remis l\u2019avant-veille, que ce soit pour les \u00e9coles et leur surveillance, pour les universit\u00e9s, la surveillance des fronti\u00e8res en Europe ou \u00e0 Mayotte. Mais il ne l\u2019a que partiellement suivi sur le point cl\u00e9 du couvre-feu.<\/p>\n\n\n\n<p>L\u2019avis d\u00e9taille assez longuement les \u00e9tudes qui ont \u00e9t\u00e9 faites pour \u00e9valuer l\u2019impact du couvre-feu. On pourra les trouver de la page 21 \u00e0 la page 25 de l\u2019avis. On peut les r\u00e9sumer en disant qu\u2019il y a des indices importants qui plaident pour affirmer qu\u2019il y a un effet positif, mais ce n\u2019est pas une certitude. Les \u00e9tudes montrent qu\u2019il y a bien eu un impact li\u00e9 \u00e0 la mise en place du couvre-feu dans chaque cas observ\u00e9, mais qu\u2019il n\u2019est pas possible de conclure avec certitude car d\u2019autres mesures ont souvent \u00e9t\u00e9 prises au m\u00eame moment.<\/p>\n\n\n\n<p>Le Conseil a ainsi explor\u00e9 le champ des possibles&nbsp;:<\/p>\n\n\n\n<p><em>Devant la situation pr\u00e9occupante actuelle, le Conseil scientifique d\u00e9crit plusieurs sc\u00e9narios :<\/em><\/p>\n\n\n\n<ul class=\"wp-block-list\"><li><em>Installer un couvre-feu national g\u00e9n\u00e9ralis\u00e9 \u00e0 partir de 18h ;<\/em><\/li><li><em>Installer un couvre-feu national g\u00e9n\u00e9ralis\u00e9 \u00e0 partir de 18h ainsi qu\u2019un confinement dans certaines&nbsp;&nbsp; r\u00e9gions ou m\u00e9tropoles plus \u00e0 risque avec une restriction des d\u00e9placements inter-r\u00e9gionaux ;<\/em><\/li><li><em>Installer un confinement am\u00e9nag\u00e9 du m\u00eame type que celui mis en place fin octobre ;<\/em><\/li><li><em>Installer un confinement strict proche de celui mis en place en mars pour une p\u00e9riode limit\u00e9e suivie d\u2019une p\u00e9riode de couvre-feu.<\/em><\/li><\/ul>\n\n\n\n<p><em>La d\u00e9cision est politique et doit tenir compte d\u2019autres enjeux que sanitaires, en particulier \u00e9conomiques et soci\u00e9taux. Le Conseil scientifique pr\u00e9conise les sc\u00e9narios 2et 3, c\u2019est-\u00e0-dire la mise en place d\u2019un couvre-feu g\u00e9n\u00e9ralis\u00e9 \u00e0 partir de 18h, associ\u00e9 ou non, \u00e0 un confinement dans les r\u00e9gions ou m\u00e9tropoles \u00e0 risque, ou un confinement am\u00e9nag\u00e9.<\/em><\/p>\n\n\n\n<p>On l\u2019a vu, le gouvernement a choisi le sc\u00e9nario 1, le moins contraignant, mais a priori aussi le moins efficace. On peut imaginer plusieurs raisons. D\u2019abord, comme le note l\u2019avis, il doit tenir compte des cons\u00e9quences sur la vie \u00e9conomique qui souffre invariablement du confinement. Ensuite, il est dans un contexte difficile pour imposer des mesures plus contraignantes, beaucoup lui reprochant d\u2019avoir tard\u00e9 sur la vaccination (Anne Hidalgo a m\u00eame le front de lui reprocher une incomp\u00e9tence logistique, comme si elle avait montr\u00e9 ses comp\u00e9tences dans le domaine&nbsp;!). Enfin, les Fran\u00e7ais n\u2019ont sans doute pas encore suffisamment conscience de la gravit\u00e9 de la situation (certains ont d\u2019ailleurs reproch\u00e9 au Premier ministre de l\u2019avoir qualifi\u00e9 de fragile. Le mot est texto dans l\u2019avis).<\/p>\n\n\n\n<p>Il n\u2019est pas impossible que le choix du couvre-feu suffise \u00e0 faire repasser le taux de reproduction en dessous de 1, et d\u2019amorcer ainsi une lente d\u00e9crue de la circulation du virus. On ne peut que l\u2019esp\u00e9rer.<\/p>\n\n\n\n<p>Dans le cas contraire, il faudra prendre des mesures plus contraignantes, et on peut penser que les Fran\u00e7ais n\u2019en seraient pas surpris. Un confinement de 4 semaines couvrant les vacances scolaires dans toutes les zones&nbsp;? Peut-\u00eatre.<\/p>\n\n\n\n<h2 class=\"wp-block-heading\">Contre la montre<\/h2>\n\n\n\n<p>Le Conseil estime qu\u2019on va vivre dans les trois prochains mois une course de vitesse entre la vaccination des plus fragiles et le d\u00e9veloppement du variant anglais. Dans deux articles \u00e0 venir, nous verrons comment le variant anglais change la nature de la menace d\u2019une part, et les contraintes logistiques qui p\u00e8sent sur la vaccination d\u2019autre part.<\/p>\n","protected":false},"excerpt":{"rendered":"<p>L\u2019avis du Conseil scientifique dat\u00e9 du 12 janvier et publi\u00e9 depuis est sans \u00e9quivoque&nbsp;: on n\u2019\u00e9chappera pas \u00e0 un nouveau confinement d\u2019ici quelque mois, du fait de la pr\u00e9sence de plus en plus forte du variant anglais. Cet avis \u00e9tant plein d\u2019enseignements divers, il sera ici abord\u00e9 en plusieurs fois.&#8230;<\/p>\n","protected":false},"author":11,"featured_media":3036,"comment_status":"open","ping_status":"open","sticky":false,"template":"","format":"standard","meta":{"om_disable_all_campaigns":false,"_monsterinsights_skip_tracking":false,"_monsterinsights_sitenote_active":false,"_monsterinsights_sitenote_note":"","_monsterinsights_sitenote_category":0,"_uf_show_specific_survey":0,"_uf_disable_surveys":false,"footnotes":""},"categories":[53,60],"tags":[],"class_list":["post-3034","post","type-post","status-publish","format-standard","has-post-thumbnail","hentry","category-analyses","category-sante","entry","simple"],"yoast_head":"<!-- This site is optimized with the Yoast SEO plugin v25.6 - https:\/\/yoast.com\/wordpress\/plugins\/seo\/ -->\n<title>Avis du conseil scientifique : 1) le couvre-feu - La Gazette<\/title>\n<meta name=\"robots\" content=\"index, follow, max-snippet:-1, max-image-preview:large, max-video-preview:-1\" \/>\n<link rel=\"canonical\" href=\"https:\/\/sceaux-lagazette.fr\/index.php\/2021\/01\/19\/avis-du-conseil-scientifique-1-le-couvre-feu\/\" \/>\n<meta property=\"og:locale\" content=\"fr_FR\" \/>\n<meta property=\"og:type\" content=\"article\" \/>\n<meta property=\"og:title\" content=\"Avis du conseil scientifique : 1) le couvre-feu - La Gazette\" \/>\n<meta property=\"og:description\" content=\"L\u2019avis du Conseil scientifique dat\u00e9 du 12 janvier et publi\u00e9 depuis est sans \u00e9quivoque&nbsp;: on n\u2019\u00e9chappera pas \u00e0 un nouveau confinement d\u2019ici quelque mois, du fait de la pr\u00e9sence de plus en plus forte du variant anglais. Cet avis \u00e9tant plein d\u2019enseignements divers, il sera ici abord\u00e9 en plusieurs fois.&#8230;\" \/>\n<meta property=\"og:url\" content=\"https:\/\/sceaux-lagazette.fr\/index.php\/2021\/01\/19\/avis-du-conseil-scientifique-1-le-couvre-feu\/\" \/>\n<meta property=\"og:site_name\" content=\"La Gazette\" \/>\n<meta property=\"article:published_time\" content=\"2021-01-19T09:58:17+00:00\" \/>\n<meta property=\"article:modified_time\" content=\"2021-01-19T13:20:02+00:00\" \/>\n<meta property=\"og:image\" content=\"https:\/\/sceaux-lagazette.fr\/wp-content\/uploads\/2021\/01\/Jean-Fran\u00e7ois-Delfraissy.jpg\" \/>\n\t<meta property=\"og:image:width\" content=\"885\" \/>\n\t<meta property=\"og:image:height\" content=\"500\" \/>\n\t<meta property=\"og:image:type\" content=\"image\/jpeg\" \/>\n<meta name=\"author\" content=\"G\u00e9rard Bardier\" \/>\n<meta name=\"twitter:card\" content=\"summary_large_image\" \/>\n<meta name=\"twitter:label1\" content=\"\u00c9crit par\" \/>\n\t<meta name=\"twitter:data1\" content=\"G\u00e9rard Bardier\" \/>\n\t<meta name=\"twitter:label2\" content=\"Dur\u00e9e de lecture estim\u00e9e\" \/>\n\t<meta name=\"twitter:data2\" content=\"3 minutes\" \/>\n<script type=\"application\/ld+json\" class=\"yoast-schema-graph\">{\"@context\":\"https:\/\/schema.org\",\"@graph\":[{\"@type\":\"Article\",\"@id\":\"https:\/\/sceaux-lagazette.fr\/index.php\/2021\/01\/19\/avis-du-conseil-scientifique-1-le-couvre-feu\/#article\",\"isPartOf\":{\"@id\":\"https:\/\/sceaux-lagazette.fr\/index.php\/2021\/01\/19\/avis-du-conseil-scientifique-1-le-couvre-feu\/\"},\"author\":{\"name\":\"G\u00e9rard Bardier\",\"@id\":\"https:\/\/sceaux-lagazette.fr\/#\/schema\/person\/5650e206a121f68c6f5e76379bccfbc4\"},\"headline\":\"Avis du conseil scientifique : 1) le couvre-feu\",\"datePublished\":\"2021-01-19T09:58:17+00:00\",\"dateModified\":\"2021-01-19T13:20:02+00:00\",\"mainEntityOfPage\":{\"@id\":\"https:\/\/sceaux-lagazette.fr\/index.php\/2021\/01\/19\/avis-du-conseil-scientifique-1-le-couvre-feu\/\"},\"wordCount\":703,\"commentCount\":2,\"publisher\":{\"@id\":\"https:\/\/sceaux-lagazette.fr\/#organization\"},\"image\":{\"@id\":\"https:\/\/sceaux-lagazette.fr\/index.php\/2021\/01\/19\/avis-du-conseil-scientifique-1-le-couvre-feu\/#primaryimage\"},\"thumbnailUrl\":\"https:\/\/sceaux-lagazette.fr\/wp-content\/uploads\/2021\/01\/Jean-Fran\u00e7ois-Delfraissy.jpg\",\"articleSection\":[\"Analyses\",\"Sant\u00e9\"],\"inLanguage\":\"fr-FR\",\"potentialAction\":[{\"@type\":\"CommentAction\",\"name\":\"Comment\",\"target\":[\"https:\/\/sceaux-lagazette.fr\/index.php\/2021\/01\/19\/avis-du-conseil-scientifique-1-le-couvre-feu\/#respond\"]}]},{\"@type\":\"WebPage\",\"@id\":\"https:\/\/sceaux-lagazette.fr\/index.php\/2021\/01\/19\/avis-du-conseil-scientifique-1-le-couvre-feu\/\",\"url\":\"https:\/\/sceaux-lagazette.fr\/index.php\/2021\/01\/19\/avis-du-conseil-scientifique-1-le-couvre-feu\/\",\"name\":\"Avis du conseil scientifique : 1) le couvre-feu - La Gazette\",\"isPartOf\":{\"@id\":\"https:\/\/sceaux-lagazette.fr\/#website\"},\"primaryImageOfPage\":{\"@id\":\"https:\/\/sceaux-lagazette.fr\/index.php\/2021\/01\/19\/avis-du-conseil-scientifique-1-le-couvre-feu\/#primaryimage\"},\"image\":{\"@id\":\"https:\/\/sceaux-lagazette.fr\/index.php\/2021\/01\/19\/avis-du-conseil-scientifique-1-le-couvre-feu\/#primaryimage\"},\"thumbnailUrl\":\"https:\/\/sceaux-lagazette.fr\/wp-content\/uploads\/2021\/01\/Jean-Fran\u00e7ois-Delfraissy.jpg\",\"datePublished\":\"2021-01-19T09:58:17+00:00\",\"dateModified\":\"2021-01-19T13:20:02+00:00\",\"breadcrumb\":{\"@id\":\"https:\/\/sceaux-lagazette.fr\/index.php\/2021\/01\/19\/avis-du-conseil-scientifique-1-le-couvre-feu\/#breadcrumb\"},\"inLanguage\":\"fr-FR\",\"potentialAction\":[{\"@type\":\"ReadAction\",\"target\":[\"https:\/\/sceaux-lagazette.fr\/index.php\/2021\/01\/19\/avis-du-conseil-scientifique-1-le-couvre-feu\/\"]}]},{\"@type\":\"ImageObject\",\"inLanguage\":\"fr-FR\",\"@id\":\"https:\/\/sceaux-lagazette.fr\/index.php\/2021\/01\/19\/avis-du-conseil-scientifique-1-le-couvre-feu\/#primaryimage\",\"url\":\"https:\/\/sceaux-lagazette.fr\/wp-content\/uploads\/2021\/01\/Jean-Fran\u00e7ois-Delfraissy.jpg\",\"contentUrl\":\"https:\/\/sceaux-lagazette.fr\/wp-content\/uploads\/2021\/01\/Jean-Fran\u00e7ois-Delfraissy.jpg\",\"width\":885,\"height\":500},{\"@type\":\"BreadcrumbList\",\"@id\":\"https:\/\/sceaux-lagazette.fr\/index.php\/2021\/01\/19\/avis-du-conseil-scientifique-1-le-couvre-feu\/#breadcrumb\",\"itemListElement\":[{\"@type\":\"ListItem\",\"position\":1,\"name\":\"Accueil\",\"item\":\"https:\/\/sceaux-lagazette.fr\/\"},{\"@type\":\"ListItem\",\"position\":2,\"name\":\"Avis du conseil scientifique : 1) le couvre-feu\"}]},{\"@type\":\"WebSite\",\"@id\":\"https:\/\/sceaux-lagazette.fr\/#website\",\"url\":\"https:\/\/sceaux-lagazette.fr\/\",\"name\":\"La Gazette\",\"description\":\"Bourg-la-Reine, Ch\u00e2tenay, Fontenay, Sceaux\",\"publisher\":{\"@id\":\"https:\/\/sceaux-lagazette.fr\/#organization\"},\"potentialAction\":[{\"@type\":\"SearchAction\",\"target\":{\"@type\":\"EntryPoint\",\"urlTemplate\":\"https:\/\/sceaux-lagazette.fr\/?s={search_term_string}\"},\"query-input\":{\"@type\":\"PropertyValueSpecification\",\"valueRequired\":true,\"valueName\":\"search_term_string\"}}],\"inLanguage\":\"fr-FR\"},{\"@type\":\"Organization\",\"@id\":\"https:\/\/sceaux-lagazette.fr\/#organization\",\"name\":\"La Gazette\",\"url\":\"https:\/\/sceaux-lagazette.fr\/\",\"logo\":{\"@type\":\"ImageObject\",\"inLanguage\":\"fr-FR\",\"@id\":\"https:\/\/sceaux-lagazette.fr\/#\/schema\/logo\/image\/\",\"url\":\"https:\/\/sceaux-lagazette.fr\/wp-content\/uploads\/2025\/08\/Logo-Gazette-Aout-2025-V3.jpg\",\"contentUrl\":\"https:\/\/sceaux-lagazette.fr\/wp-content\/uploads\/2025\/08\/Logo-Gazette-Aout-2025-V3.jpg\",\"width\":525,\"height\":130,\"caption\":\"La Gazette\"},\"image\":{\"@id\":\"https:\/\/sceaux-lagazette.fr\/#\/schema\/logo\/image\/\"}},{\"@type\":\"Person\",\"@id\":\"https:\/\/sceaux-lagazette.fr\/#\/schema\/person\/5650e206a121f68c6f5e76379bccfbc4\",\"name\":\"G\u00e9rard Bardier\",\"image\":{\"@type\":\"ImageObject\",\"inLanguage\":\"fr-FR\",\"@id\":\"https:\/\/sceaux-lagazette.fr\/#\/schema\/person\/image\/\",\"url\":\"https:\/\/secure.gravatar.com\/avatar\/5cf4391ef9dbc0367750202561279a29?s=96&r=g\",\"contentUrl\":\"https:\/\/secure.gravatar.com\/avatar\/5cf4391ef9dbc0367750202561279a29?s=96&r=g\",\"caption\":\"G\u00e9rard Bardier\"},\"url\":\"https:\/\/sceaux-lagazette.fr\/index.php\/author\/gb\/\"}]}<\/script>\n<!-- \/ Yoast SEO plugin. -->","yoast_head_json":{"title":"Avis du conseil scientifique : 1) le couvre-feu - La Gazette","robots":{"index":"index","follow":"follow","max-snippet":"max-snippet:-1","max-image-preview":"max-image-preview:large","max-video-preview":"max-video-preview:-1"},"canonical":"https:\/\/sceaux-lagazette.fr\/index.php\/2021\/01\/19\/avis-du-conseil-scientifique-1-le-couvre-feu\/","og_locale":"fr_FR","og_type":"article","og_title":"Avis du conseil scientifique : 1) le couvre-feu - La Gazette","og_description":"L\u2019avis du Conseil scientifique dat\u00e9 du 12 janvier et publi\u00e9 depuis est sans \u00e9quivoque&nbsp;: on n\u2019\u00e9chappera pas \u00e0 un nouveau confinement d\u2019ici quelque mois, du fait de la pr\u00e9sence de plus en plus forte du variant anglais. Cet avis \u00e9tant plein d\u2019enseignements divers, il sera ici abord\u00e9 en plusieurs fois.&#8230;","og_url":"https:\/\/sceaux-lagazette.fr\/index.php\/2021\/01\/19\/avis-du-conseil-scientifique-1-le-couvre-feu\/","og_site_name":"La Gazette","article_published_time":"2021-01-19T09:58:17+00:00","article_modified_time":"2021-01-19T13:20:02+00:00","og_image":[{"width":885,"height":500,"url":"https:\/\/sceaux-lagazette.fr\/wp-content\/uploads\/2021\/01\/Jean-Fran\u00e7ois-Delfraissy.jpg","type":"image\/jpeg"}],"author":"G\u00e9rard Bardier","twitter_card":"summary_large_image","twitter_misc":{"\u00c9crit par":"G\u00e9rard Bardier","Dur\u00e9e de lecture estim\u00e9e":"3 minutes"},"schema":{"@context":"https:\/\/schema.org","@graph":[{"@type":"Article","@id":"https:\/\/sceaux-lagazette.fr\/index.php\/2021\/01\/19\/avis-du-conseil-scientifique-1-le-couvre-feu\/#article","isPartOf":{"@id":"https:\/\/sceaux-lagazette.fr\/index.php\/2021\/01\/19\/avis-du-conseil-scientifique-1-le-couvre-feu\/"},"author":{"name":"G\u00e9rard Bardier","@id":"https:\/\/sceaux-lagazette.fr\/#\/schema\/person\/5650e206a121f68c6f5e76379bccfbc4"},"headline":"Avis du conseil scientifique : 1) le couvre-feu","datePublished":"2021-01-19T09:58:17+00:00","dateModified":"2021-01-19T13:20:02+00:00","mainEntityOfPage":{"@id":"https:\/\/sceaux-lagazette.fr\/index.php\/2021\/01\/19\/avis-du-conseil-scientifique-1-le-couvre-feu\/"},"wordCount":703,"commentCount":2,"publisher":{"@id":"https:\/\/sceaux-lagazette.fr\/#organization"},"image":{"@id":"https:\/\/sceaux-lagazette.fr\/index.php\/2021\/01\/19\/avis-du-conseil-scientifique-1-le-couvre-feu\/#primaryimage"},"thumbnailUrl":"https:\/\/sceaux-lagazette.fr\/wp-content\/uploads\/2021\/01\/Jean-Fran\u00e7ois-Delfraissy.jpg","articleSection":["Analyses","Sant\u00e9"],"inLanguage":"fr-FR","potentialAction":[{"@type":"CommentAction","name":"Comment","target":["https:\/\/sceaux-lagazette.fr\/index.php\/2021\/01\/19\/avis-du-conseil-scientifique-1-le-couvre-feu\/#respond"]}]},{"@type":"WebPage","@id":"https:\/\/sceaux-lagazette.fr\/index.php\/2021\/01\/19\/avis-du-conseil-scientifique-1-le-couvre-feu\/","url":"https:\/\/sceaux-lagazette.fr\/index.php\/2021\/01\/19\/avis-du-conseil-scientifique-1-le-couvre-feu\/","name":"Avis du conseil scientifique : 1) le couvre-feu - La Gazette","isPartOf":{"@id":"https:\/\/sceaux-lagazette.fr\/#website"},"primaryImageOfPage":{"@id":"https:\/\/sceaux-lagazette.fr\/index.php\/2021\/01\/19\/avis-du-conseil-scientifique-1-le-couvre-feu\/#primaryimage"},"image":{"@id":"https:\/\/sceaux-lagazette.fr\/index.php\/2021\/01\/19\/avis-du-conseil-scientifique-1-le-couvre-feu\/#primaryimage"},"thumbnailUrl":"https:\/\/sceaux-lagazette.fr\/wp-content\/uploads\/2021\/01\/Jean-Fran\u00e7ois-Delfraissy.jpg","datePublished":"2021-01-19T09:58:17+00:00","dateModified":"2021-01-19T13:20:02+00:00","breadcrumb":{"@id":"https:\/\/sceaux-lagazette.fr\/index.php\/2021\/01\/19\/avis-du-conseil-scientifique-1-le-couvre-feu\/#breadcrumb"},"inLanguage":"fr-FR","potentialAction":[{"@type":"ReadAction","target":["https:\/\/sceaux-lagazette.fr\/index.php\/2021\/01\/19\/avis-du-conseil-scientifique-1-le-couvre-feu\/"]}]},{"@type":"ImageObject","inLanguage":"fr-FR","@id":"https:\/\/sceaux-lagazette.fr\/index.php\/2021\/01\/19\/avis-du-conseil-scientifique-1-le-couvre-feu\/#primaryimage","url":"https:\/\/sceaux-lagazette.fr\/wp-content\/uploads\/2021\/01\/Jean-Fran\u00e7ois-Delfraissy.jpg","contentUrl":"https:\/\/sceaux-lagazette.fr\/wp-content\/uploads\/2021\/01\/Jean-Fran\u00e7ois-Delfraissy.jpg","width":885,"height":500},{"@type":"BreadcrumbList","@id":"https:\/\/sceaux-lagazette.fr\/index.php\/2021\/01\/19\/avis-du-conseil-scientifique-1-le-couvre-feu\/#breadcrumb","itemListElement":[{"@type":"ListItem","position":1,"name":"Accueil","item":"https:\/\/sceaux-lagazette.fr\/"},{"@type":"ListItem","position":2,"name":"Avis du conseil scientifique : 1) le couvre-feu"}]},{"@type":"WebSite","@id":"https:\/\/sceaux-lagazette.fr\/#website","url":"https:\/\/sceaux-lagazette.fr\/","name":"La Gazette","description":"Bourg-la-Reine, Ch\u00e2tenay, Fontenay, Sceaux","publisher":{"@id":"https:\/\/sceaux-lagazette.fr\/#organization"},"potentialAction":[{"@type":"SearchAction","target":{"@type":"EntryPoint","urlTemplate":"https:\/\/sceaux-lagazette.fr\/?s={search_term_string}"},"query-input":{"@type":"PropertyValueSpecification","valueRequired":true,"valueName":"search_term_string"}}],"inLanguage":"fr-FR"},{"@type":"Organization","@id":"https:\/\/sceaux-lagazette.fr\/#organization","name":"La Gazette","url":"https:\/\/sceaux-lagazette.fr\/","logo":{"@type":"ImageObject","inLanguage":"fr-FR","@id":"https:\/\/sceaux-lagazette.fr\/#\/schema\/logo\/image\/","url":"https:\/\/sceaux-lagazette.fr\/wp-content\/uploads\/2025\/08\/Logo-Gazette-Aout-2025-V3.jpg","contentUrl":"https:\/\/sceaux-lagazette.fr\/wp-content\/uploads\/2025\/08\/Logo-Gazette-Aout-2025-V3.jpg","width":525,"height":130,"caption":"La Gazette"},"image":{"@id":"https:\/\/sceaux-lagazette.fr\/#\/schema\/logo\/image\/"}},{"@type":"Person","@id":"https:\/\/sceaux-lagazette.fr\/#\/schema\/person\/5650e206a121f68c6f5e76379bccfbc4","name":"G\u00e9rard Bardier","image":{"@type":"ImageObject","inLanguage":"fr-FR","@id":"https:\/\/sceaux-lagazette.fr\/#\/schema\/person\/image\/","url":"https:\/\/secure.gravatar.com\/avatar\/5cf4391ef9dbc0367750202561279a29?s=96&r=g","contentUrl":"https:\/\/secure.gravatar.com\/avatar\/5cf4391ef9dbc0367750202561279a29?s=96&r=g","caption":"G\u00e9rard Bardier"},"url":"https:\/\/sceaux-lagazette.fr\/index.php\/author\/gb\/"}]}},"cc_featured_image_caption":{"caption_text":false,"source_text":false,"source_url":false},"_links":{"self":[{"href":"https:\/\/sceaux-lagazette.fr\/index.php\/wp-json\/wp\/v2\/posts\/3034"}],"collection":[{"href":"https:\/\/sceaux-lagazette.fr\/index.php\/wp-json\/wp\/v2\/posts"}],"about":[{"href":"https:\/\/sceaux-lagazette.fr\/index.php\/wp-json\/wp\/v2\/types\/post"}],"author":[{"embeddable":true,"href":"https:\/\/sceaux-lagazette.fr\/index.php\/wp-json\/wp\/v2\/users\/11"}],"replies":[{"embeddable":true,"href":"https:\/\/sceaux-lagazette.fr\/index.php\/wp-json\/wp\/v2\/comments?post=3034"}],"version-history":[{"count":2,"href":"https:\/\/sceaux-lagazette.fr\/index.php\/wp-json\/wp\/v2\/posts\/3034\/revisions"}],"predecessor-version":[{"id":3041,"href":"https:\/\/sceaux-lagazette.fr\/index.php\/wp-json\/wp\/v2\/posts\/3034\/revisions\/3041"}],"wp:featuredmedia":[{"embeddable":true,"href":"https:\/\/sceaux-lagazette.fr\/index.php\/wp-json\/wp\/v2\/media\/3036"}],"wp:attachment":[{"href":"https:\/\/sceaux-lagazette.fr\/index.php\/wp-json\/wp\/v2\/media?parent=3034"}],"wp:term":[{"taxonomy":"category","embeddable":true,"href":"https:\/\/sceaux-lagazette.fr\/index.php\/wp-json\/wp\/v2\/categories?post=3034"},{"taxonomy":"post_tag","embeddable":true,"href":"https:\/\/sceaux-lagazette.fr\/index.php\/wp-json\/wp\/v2\/tags?post=3034"}],"curies":[{"name":"wp","href":"https:\/\/api.w.org\/{rel}","templated":true}]}}