{"id":2777,"date":"2020-12-19T10:47:00","date_gmt":"2020-12-19T09:47:00","guid":{"rendered":"https:\/\/sceaux-lagazette.fr\/?p=2777"},"modified":"2022-10-17T19:08:55","modified_gmt":"2022-10-17T17:08:55","slug":"betisier-7-une-surmortalite-deux-fois-plus-faible-a-sceaux","status":"publish","type":"post","link":"https:\/\/sceaux-lagazette.fr\/index.php\/2020\/12\/19\/betisier-7-une-surmortalite-deux-fois-plus-faible-a-sceaux\/","title":{"rendered":"B\u00eatisier # 7 : Une surmortalit\u00e9 deux fois plus faible \u00e0 Sceaux"},"content":{"rendered":"\n<p>Dans l<a rel=\"noreferrer noopener\" href=\"https:\/\/www.sceaux.fr\/publications\/sceaux-mag-juin-2020\" target=\"_blank\">&lsquo;\u00e9ditorial du num\u00e9ro de juin 2020<\/a> de <em>Sceaux Mag<\/em>, Philippe Laurent se f\u00e9licitait \u00ab&nbsp;d\u2019une communaut\u00e9 solidaire, responsable et mobilis\u00e9e contre une adversit\u00e9 insaisissable&nbsp;\u00bb. Selon lui, \u00ab&nbsp;<em>gr\u00e2ce \u00e0 cet esprit de responsabilit\u00e9&nbsp;<a>l<\/a>a surmortalit\u00e9 enregistr\u00e9e \u00e0 Sceaux a \u00e9t\u00e9 deux fois moindre que celle constat\u00e9e dans le d\u00e9partement<\/em>&nbsp;\u00bb.<\/p>\n\n\n\n<p>Mais v\u00e9rification faite, la comparaison entre la mortalit\u00e9 en mars et avril 2020 et les m\u00eames mois de 2019, telle que l\u2019a faite l\u2019Insee donnait les r\u00e9sultats suivants&nbsp;: +90% en Ile-de-France, +96% \u00e0 Sceaux et +113% dans les Hauts-de-Seine.  Pour expliquer ces diff\u00e9rences, nous avons pouss\u00e9 un peu plus loin l&rsquo;analyse.<\/p>\n\n\n\n<h2 class=\"wp-block-heading\">Petit r\u00e9sum\u00e9 pour ceux qui n\u2019aiment pas trop les chiffres<\/h2>\n\n\n\n<ul class=\"wp-block-list\"><li>Sceaux est trop ins\u00e9r\u00e9e dans son environnement pour avoir des r\u00e9sultats sanitaires vraiment diff\u00e9rents de ses voisins&nbsp;: les virus ne connaissent pas les limites communales.<\/li><li>Le nombre mensuel de d\u00e9c\u00e8s \u00e0 Sceaux est faible et soumis naturellement \u00e0 des variations al\u00e9atoires&nbsp;: il faut \u00eatre prudent dans l\u2019interpr\u00e9tation des variations de chiffres.<\/li><li>L\u2019Insee analyse les effets du Covid sur les seuls mois de mars et avril 2020 en les comparant avec 2019 et 2018. Sur ces p\u00e9riodes, la surmortalit\u00e9 \u00e0 Sceaux est du m\u00eame ordre de grandeur que celle observ\u00e9e dans le 92 et en Ile de France. Pour arriver \u00e0 des r\u00e9sultats diff\u00e9rents, la mairie a choisi une base et une r\u00e9f\u00e9rence plus larges (5 mois et quatre derni\u00e8res ann\u00e9es), donc une pr\u00e9sentation biais\u00e9e.<\/li><li>La mairie a aussi pr\u00e9sent\u00e9 la mortalit\u00e9 (\u00e9lev\u00e9e) des maisons de retraites avec des commentaires ubuesques<\/li><\/ul>\n\n\n\n<h2 class=\"wp-block-heading\">Une ville ins\u00e9r\u00e9e dans la r\u00e9gion<\/h2>\n\n\n\n<p>Se peut-il que la mortalit\u00e9 observ\u00e9e \u00e0 Sceaux pendant la pand\u00e9mie soit r\u00e9v\u00e9latrice de la qualit\u00e9 sanitaire dans cette ville&nbsp;? Sceaux n\u2019est pas une ile isol\u00e9e loin des autres villes du d\u00e9partement ou de la r\u00e9gion. 85 % des actifs sc\u00e9ens travaillent en dehors de la commune. 77 % des emplois \u00e0 Sceaux sont occup\u00e9s par des non-Sc\u00e9ens. Beaucoup de ceux qui fr\u00e9quentent les lyc\u00e9es et \u00e9tablissements sup\u00e9rieurs de la ville ne sont pas Sc\u00e9ens. On peut dire la m\u00eame chose pour les commerces.<\/p>\n\n\n\n<p>Alors certes, le confinement a beaucoup ralenti ces \u00e9changes (c\u2019\u00e9tait le but), mais il ne les a pas tous supprim\u00e9s. Et les contaminations d\u2019une partie de ceux qui sont d\u00e9c\u00e9d\u00e9s ont eu lieu avant le confinement.<\/p>\n\n\n\n<h2 class=\"wp-block-heading\">Des raisonnements approximatifs et orient\u00e9s<\/h2>\n\n\n\n<p>Le propos n\u2019est pas ici de montrer que la surmortalit\u00e9 a \u00e9t\u00e9 plus ou moins \u00e9lev\u00e9e que chez nos voisins (cela n\u2019a pas beaucoup de sens comme expliqu\u00e9 plus haut) mais de montrer que les r\u00e9sultats avanc\u00e9s ne reposent pas sur un raisonnement math\u00e9matique s\u00e9rieux, et, m\u00eame, sont volontairement biais\u00e9s.<\/p>\n\n\n\n<p>L\u2019INSEE a r\u00e9guli\u00e8rement \u00e9valu\u00e9 la surmortalit\u00e9 li\u00e9e au Covid, notamment lors de la \u00ab\u00a0premi\u00e8re vague\u00a0\u00bb. Elle l\u2019a toujours fait en prenant le nombre de d\u00e9c\u00e8s \u00e0 partir du 1<sup>er<\/sup> mars, et en faisant des comparaisons avec l\u2019ann\u00e9e pr\u00e9c\u00e9dente (2019) et l\u2019ann\u00e9e d\u2019avant (2018), sachant que la mortalit\u00e9 avait \u00e9t\u00e9 plus faible en 2019, sur cette p\u00e9riode au moins.<\/p>\n\n\n\n<p><em>Sceaux Mag<\/em> n\u2019explique pas comment a \u00e9t\u00e9 calcul\u00e9e la surmortalit\u00e9 \u00e0 Sceaux. Mais le sujet a \u00e9t\u00e9 abord\u00e9 lors de la s\u00e9ance du 11 juin 2020 du conseil municipal. Comme tout le monde n\u2019a pas le m\u00eame amour des chiffres que l\u2019auteur de ces lignes, on trouvera <strong>toutes les donn\u00e9es en bas de page<\/strong>.<a rel=\"noreferrer noopener\" href=\"https:\/\/www.sceaux.fr\/sites\/default\/files\/deliberations\/2020-06-11\/2020-06-11-NP-02%20-%20Rapport%20bilan%20confinement.pdf\" target=\"_blank\"> La note pr\u00e9sent\u00e9e en s\u00e9ance <\/a> prend les d\u00e9c\u00e8s de Sc\u00e9ens sur 5 mois (janvier \u00e0 mai) et depuis 2016, pour comparer les r\u00e9sultats sur 5 mois entre 2020 et la moyenne des 4 ann\u00e9es pr\u00e9c\u00e9dentes. La note ne donne pas les m\u00eames valeurs pour les Hauts-de-Seine ni la surmortalit\u00e9 constat\u00e9e en 2020 dans le d\u00e9partement.<\/p>\n\n\n\n<p>Comme la logique consiste \u00e0 suivre les modalit\u00e9s de calcul de l\u2019INSEE, LGdS a demand\u00e9 \u00e0 la mairie les donn\u00e9es mensuelles pour 2018, 2019 et 2020 (voir en bas de page).<\/p>\n\n\n\n<h2 class=\"wp-block-heading\">Un raisonnement qui porte sur des valeurs tr\u00e8s faibles<\/h2>\n\n\n\n<p>La surmortalit\u00e9 en 2020, sur la p\u00e9riode de 5 mois choisie dans la note de la mairie, est de 16 % par rapport \u00e0 2018 et de 56 % par rapport \u00e0 2019. Cette tr\u00e8s importante diff\u00e9rence s\u2019explique simplement&nbsp;: on est sur des valeurs tr\u00e8s faibles qui varient al\u00e9atoirement, ce qui est normal. C\u2019est ainsi que le nombre de d\u00e9c\u00e8s de Sc\u00e9ens est deux fois plus \u00e9lev\u00e9 en janvier 2018 que le mois suivant. Il faut donc \u00eatre prudent sur les conclusions que l\u2019on peut tirer des chiffres observ\u00e9s.<\/p>\n\n\n\n<p>Le mois d\u2019avril 2020 est cependant sans conteste un mois exceptionnel. Il y a eu ce mois-l\u00e0 33 d\u00e9c\u00e8s, quand les 34 autres valeurs mensuelles en 2018, 2019 et 2020 se situent entre 7 et 22. L\u2019explication de cette exception est bien s\u00fbr le Covid-19.<\/p>\n\n\n\n<h2 class=\"wp-block-heading\">Comparaison sur mars avril<\/h2>\n\n\n\n<p>S&rsquo;il serait illusoire de vouloir tirer on ne sait quelle conclusion sur l&rsquo;effet de l&rsquo;\u00e9pid\u00e9mie de Covid-19 sur la mortalit\u00e9 \u00e0 Sceaux, on peut estimer l&rsquo;ordre de grandeur de cette surmortalit\u00e9, \u00e0 partir des donn\u00e9es mensuelles \u00e0 Sceaux et des donn\u00e9es de l\u2019INSEE.<\/p>\n\n\n\n<p>Sur le total des seuls mois de mars et avril, on compte 30 d\u00e9c\u00e8s de Sc\u00e9ens en 2018, 25 en 2019 et 49 en 2020. La surmortalit\u00e9 de 2020 est de 63% si l\u2019on compare avec 2018, de 96% si l\u2019on compare avec 2019. Une <a rel=\"noreferrer noopener\" href=\"https:\/\/www.insee.fr\/fr\/statistiques\/4500439?sommaire=4487854\" target=\"_blank\">note de l\u2019INSEE<\/a> dont la premi\u00e8re parution est d\u2019avant le conseil municipal du 11 juin, donne une surmortalit\u00e9 par rapport \u00e0 2019 de 90% en Ile-de-France et de 113% dans les Hauts-de-Seine. Dit autrement, la surmortalit\u00e9 \u00e0 Sceaux a \u00e9t\u00e9 du m\u00eame ordre de grandeur que celle constat\u00e9e dans le d\u00e9partement et la r\u00e9gion. L\u2019affirmation d\u2019une mortalit\u00e9 deux fois plus faible \u00e0 Sceaux n\u2019est donc justifi\u00e9e que par une pr\u00e9sentation biais\u00e9e des chiffres (en calculant sur 5 mois et en se r\u00e9f\u00e9rant aux 4 ann\u00e9es pr\u00e9c\u00e9dentes, on introduit des donn\u00e9es qui font baisser la surmortalit\u00e9 apparente).<\/p>\n\n\n\n<h2 class=\"wp-block-heading\">Le cas des maisons de retraites<\/h2>\n\n\n\n<p>La note pr\u00e9sent\u00e9e au conseil municipal comprenait un focus sur les maisons de retraite, avec un tableau sur le nombre de cas observ\u00e9s (par test) et le nombre de d\u00e9c\u00e8s. Un commentaire qui se finissait par la phrase suivante&nbsp;:<em> \u00ab\u00a0Sceaux est donc tr\u00e8s en dessous des chiffres nationaux ou de l&rsquo;Ile de France.<\/em>\u00ab\u00a0<\/p>\n\n\n\n<p>Le mot \u00ab&nbsp;donc&nbsp;\u00bb dans cette phrase devrait impliquer une d\u00e9duction de ce qui est expliqu\u00e9 au-dessus. Or en fait, le texte donne la surmortalit\u00e9 en France et en Ile-de-France, mais <strong>pas<\/strong> dans les maisons de retraite sc\u00e9ennes, ce qui ne permet \u00e9videmment pas d\u2019en conclure quoi que ce soit. <\/p>\n\n\n\n<p>Si on veut malgr\u00e9 tout faire des comparaisons, on peut observer qu\u2019il y a eu au total 21 d\u00e9c\u00e8s pour 305 r\u00e9sidents \u00e0 Sceaux. Ramen\u00e9 aux 700.000 (environ) r\u00e9sidents en EHPAD en France, le m\u00eame taux de mortalit\u00e9 donnerait 48.200 d\u00e9c\u00e8s, soit environ quatre plus que le nombre r\u00e9el. Encore une fois, on ne peut rien en conclure, on est sur des valeurs faibles.<\/p>\n\n\n\n<h2 class=\"wp-block-heading\">Les explications donn\u00e9es en s\u00e9ance<\/h2>\n\n\n\n<p>Francis Brunelle, 4\u00e8me adjoint au maire en charge des questions de sant\u00e9 publique donne les explications suivantes :<\/p>\n\n\n\n<blockquote class=\"wp-block-quote is-layout-flow wp-block-quote-is-layout-flow\"><p><em>Si l\u2019on compare la surmortalit\u00e9 de 24 % de la ville de Sceaux par rapport \u00e0 la France enti\u00e8re et surtout avec les Hauts-de-Seine, o\u00f9 la surmortalit\u00e9 a \u00e9t\u00e9 de +308 % (triplement), on constate que Sceaux est tr\u00e8s en dessous des chiffres nationaux ou de l\u2019Ile-de-France.<\/em><\/p><cite>Proc\u00e8s-verbal de la s\u00e9ance du conseil municipal du 11 juin 2020, page 19<\/cite><\/blockquote>\n\n\n\n<p>Cette fois, on aurait une surmortalit\u00e9 13 fois plus forte dans les Hauts de Seine qu\u2019\u00e0 Sceaux&nbsp;! L\u2019orateur semble avoir lu (trop vite) les donn\u00e9es de la note et en a fait un joli boulgi boulga entre la surmortalit\u00e9 sur 5 mois dans l\u2019ensemble de la ville et celle sur deux mois dans les seuls EHPAD. En passant, il reprend une \u00e9normit\u00e9 d\u00e9j\u00e0 pr\u00e9sente dans la note&nbsp;: non, une augmentation de 300 % ne correspond pas \u00e0 un triplement mais \u00e0 un quadruplement&nbsp;!<\/p>\n\n\n\n<hr class=\"wp-block-separator\"\/>\n\n\n\n<h2 class=\"wp-block-heading\">Donn\u00e9es \u00e9voqu\u00e9es dans cet article <\/h2>\n\n\n\n<ol class=\"wp-block-list\"><li>Premier<strong> extrait de la note de pr\u00e9sentation<\/strong> intitul\u00e9e \u00ab\u00a0rapport relatif \u00e0 la gestion et \u00e0 l&rsquo;impact de la crise sanitaire du Covid-19\u00a0\u00bb, lors du conseil municipal du 11 juin 2020 &nbsp;<\/li><\/ol>\n\n\n\n<p><em>Sur la p\u00e9riode du 1er janvier au 31 mai, le nombre de d\u00e9c\u00e8s depuis 2016 est de :&nbsp;&nbsp;<\/em><br><em>\u2022 2016 : 26 d\u00e9c\u00e8s et 44 transcriptions, soit 70 d\u00e9c\u00e8s<\/em><br><em>\u2022 2017 : 31 d\u00e9c\u00e8s et 46 transcriptions, soit 77 d\u00e9c\u00e8s<\/em><br><em>\u2022 2018 : 26 d\u00e9c\u00e8s et 48 transcriptions, soit 74 d\u00e9c\u00e8s<\/em><br><em>\u2022 2019 : 14 d\u00e9c\u00e8s et 41 transcriptions, soit 55 d\u00e9c\u00e8s<\/em><br><em>\u2022 2020 : 44 d\u00e9c\u00e8s et 42 transcriptions, soit 86 d\u00e9c\u00e8s&nbsp;<\/em><br><em>Le nombre de d\u00e9c\u00e8s constat\u00e9 \u00e0 Sceaux entre janvier et mai 2020 augmente de 24 % par rapport \u00e0 la moyenne des d\u00e9c\u00e8s des 4 ann\u00e9es pr\u00e9c\u00e9dentes (69 d\u00e9c\u00e8s\/an en moyenne).&nbsp;<\/em><\/p>\n\n\n\n<p><em>2)<\/em> <strong>Somme des d\u00e9c\u00e8s recens\u00e9s \u00e0 Sceaux&nbsp;et retranscrits<\/strong> (donn\u00e9es mensuelles, fournies par la mairie \u00e0 la demande de LGdS)<\/p>\n\n\n\n<figure class=\"wp-block-table is-style-stripes\"><table class=\"has-fixed-layout\"><tbody><tr><td>Mois<\/td><td class=\"has-text-align-center\" data-align=\"center\">2018<\/td><td class=\"has-text-align-center\" data-align=\"center\">2019<\/td><td class=\"has-text-align-center\" data-align=\"center\">2020<\/td><\/tr><tr><td>Janvier<\/td><td class=\"has-text-align-center\" data-align=\"center\">20<\/td><td class=\"has-text-align-center\" data-align=\"center\">21<\/td><td class=\"has-text-align-center\" data-align=\"center\">14<\/td><\/tr><tr><td>F\u00e9vrier<\/td><td class=\"has-text-align-center\" data-align=\"center\">9<\/td><td class=\"has-text-align-center\" data-align=\"center\">16<\/td><td class=\"has-text-align-center\" data-align=\"center\">14<\/td><\/tr><tr><td>Mars<\/td><td class=\"has-text-align-center\" data-align=\"center\">14<\/td><td class=\"has-text-align-center\" data-align=\"center\">11<\/td><td class=\"has-text-align-center\" data-align=\"center\">16<\/td><\/tr><tr><td>Avril<\/td><td class=\"has-text-align-center\" data-align=\"center\">16<\/td><td class=\"has-text-align-center\" data-align=\"center\">14<\/td><td class=\"has-text-align-center\" data-align=\"center\">33<\/td><\/tr><tr><td>Mai<\/td><td class=\"has-text-align-center\" data-align=\"center\">15<\/td><td class=\"has-text-align-center\" data-align=\"center\">13<\/td><td class=\"has-text-align-center\" data-align=\"center\">15<\/td><\/tr><tr><td>J+F+Mai<\/td><td class=\"has-text-align-center\" data-align=\"center\">44<\/td><td class=\"has-text-align-center\" data-align=\"center\">50<\/td><td class=\"has-text-align-center\" data-align=\"center\">43<\/td><\/tr><tr><td>Mars + Avril<\/td><td class=\"has-text-align-center\" data-align=\"center\">30<\/td><td class=\"has-text-align-center\" data-align=\"center\">25<\/td><td class=\"has-text-align-center\" data-align=\"center\">49<\/td><\/tr><\/tbody><\/table><\/figure>\n\n\n\n<p><strong>3) Les EHPAD et la r\u00e9sidence autonomie de mars \u00e0 mai 2020<\/strong><\/p>\n\n\n\n<p>Extrait de la note de pr\u00e9sentation d\u00e9j\u00e0 cit\u00e9e  ci dessus<\/p>\n\n\n\n<figure class=\"wp-block-table is-style-stripes\"><table><tbody><tr><td>Nom de l&rsquo;\u00e9quipement<\/td><td class=\"has-text-align-center\" data-align=\"center\">Nbre de r\u00e9sidents<\/td><td class=\"has-text-align-center\" data-align=\"center\">D\u00e9c\u00e8s<\/td><\/tr><tr><td>R\u00e9sidence autonomie Les Imberg\u00e8res<\/td><td class=\"has-text-align-center\" data-align=\"center\">48<\/td><td class=\"has-text-align-center\" data-align=\"center\">0<\/td><\/tr><tr><td>EHPAD Renaudin<\/td><td class=\"has-text-align-center\" data-align=\"center\">84<\/td><td class=\"has-text-align-center\" data-align=\"center\">5<\/td><\/tr><tr><td>La Fa\u00efencerie<\/td><td class=\"has-text-align-center\" data-align=\"center\">121<\/td><td class=\"has-text-align-center\" data-align=\"center\">9<\/td><\/tr><tr><td>EHPAD Korian Saint Charles<\/td><td class=\"has-text-align-center\" data-align=\"center\">52<\/td><td class=\"has-text-align-center\" data-align=\"center\">7<\/td><\/tr><\/tbody><\/table><figcaption><em>Sur la France enti\u00e8re, les d\u00e9c\u00e8s en EHPAD repr\u00e9sentent 50% des d\u00e9c\u00e8s. Le bilan au 4 mai est de 12 769 d\u00e9c\u00e8s sur les 25 531 sur la p\u00e9riode du 1er mars au 20 avril, un fort pourcentage a \u00e9t\u00e9 hospitalis\u00e9 et est d\u00e9c\u00e9d\u00e9 \u00e0 l&rsquo;h\u00f4pital. La surmortalit\u00e9 en EHPAD pour la p\u00e9riode du COVID en Ile-de-France est de + 172 %, et de + 308 % (triplement) pour les Hauts de Seine. Sceaux est donc tr\u00e8s en dessous des chiffres nationaux ou de l&rsquo;Ile de France.<\/em><\/figcaption><\/figure>\n\n\n\n<hr class=\"wp-block-separator\"\/>\n\n\n\n<p>Pour aller plus loin<\/p>\n\n\n\n<ol class=\"wp-block-list\"><li><a href=\"https:\/\/www.sceaux.fr\/sites\/default\/files\/deliberations\/2020-06-11\/2020-06-11-NP-02%20-%20Rapport%20bilan%20confinement.pdf\">https:\/\/www.sceaux.fr\/sites\/default\/files\/deliberations\/2020-06-11\/2020-06-11-NP-02%20-%20Rapport%20bilan%20confinement.pdf<\/a> <\/li><li><a href=\"https:\/\/www.sceaux.fr\/sites\/default\/files\/2020-07\/2020_06_11_sceaux_conseil_municipal_approuv%C3%A9.pdf\">https:\/\/www.sceaux.fr\/sites\/default\/files\/2020-07\/2020_06_11_sceaux_conseil_municipal_approuv%C3%A9.pdf<\/a><\/li><li><a href=\"https:\/\/www.sceaux.fr\/publications\/sceaux-mag-juin-2020\">https:\/\/www.sceaux.fr\/publications\/sceaux-mag-juin-2020<\/a><\/li><li><a href=\"https:\/\/www.insee.fr\/fr\/statistiques\/4500439?sommaire=4487854\">https:\/\/www.insee.fr\/fr\/statistiques\/4500439?sommaire=4487854<\/a><\/li><\/ol>\n\n\n\n<hr class=\"wp-block-separator\"\/>\n\n\n\n<p>Dans la Gazette, sur le m\u00eame sujet : <\/p>\n\n\n\n<p><a rel=\"noreferrer noopener\" href=\"https:\/\/sceaux-lagazette.fr\/index.php\/2020\/11\/24\/le-confinement-morsceaux-choisis\/\" target=\"_blank\">Le confinement: mor(S)ceaux choisis<\/a><br>B\u00eatisier 1 : <a rel=\"noreferrer noopener\" href=\"https:\/\/sceaux-lagazette.fr\/index.php\/2020\/11\/12\/betisier-1-pas-plus-de-morts-quavec-les-trottinettes\/\" target=\"_blank\">Pas plus de morts qu\u2019avec les trottinettes<\/a><br>B\u00eatisier 2 : <a rel=\"noreferrer noopener\" href=\"https:\/\/sceaux-lagazette.fr\/index.php\/2020\/11\/16\/betisier-2-on-nous-cache-tout-on-nous-dit-rien\/\" target=\"_blank\">On nous cache tout, on nous dit rien<\/a><br>B\u00eatisier 3 :<a rel=\"noreferrer noopener\" href=\"https:\/\/sceaux-lagazette.fr\/index.php\/2020\/11\/27\/betisier-3-lepidemie-seteindra-toute-seule\/\" target=\"_blank\"> L\u2019\u00e9pid\u00e9mie s\u2019\u00e9teindra toute seule<\/a><br>B\u00eatisier 4 : <a rel=\"noreferrer noopener\" href=\"https:\/\/sceaux-lagazette.fr\/index.php\/2020\/12\/02\/betisier-4-les-rares-victimes-allaient-mourir-bientot-de-toutes-manieres\/\" target=\"_blank\">Les rares victimes allaient mourir de toutes mani\u00e8res<\/a><br>B\u00eatisier 5 : <a rel=\"noreferrer noopener\" href=\"https:\/\/sceaux-lagazette.fr\/index.php\/2020\/12\/05\/betisier-5-on-dispose-dun-traitement-efficace-quon-interdit-de-prescrire\/\" target=\"_blank\">on dispose d\u2019un traitement efficace qu\u2019on interdit de prescrire<\/a><br>B\u00eatisier 6 :<a rel=\"noreferrer noopener\" href=\"https:\/\/sceaux-lagazette.fr\/index.php\/2020\/12\/09\/betisier-6-faisons-comme-les-suedois\/\" target=\"_blank\"> faisons comme les Su\u00e9dois<\/a><\/p>\n","protected":false},"excerpt":{"rendered":"<p>Dans l&lsquo;\u00e9ditorial du num\u00e9ro de juin 2020 de Sceaux Mag, Philippe Laurent se f\u00e9licitait \u00ab&nbsp;d\u2019une communaut\u00e9 solidaire, responsable et mobilis\u00e9e contre une adversit\u00e9 insaisissable&nbsp;\u00bb. Selon lui, \u00ab&nbsp;gr\u00e2ce \u00e0 cet esprit de responsabilit\u00e9&nbsp;la surmortalit\u00e9 enregistr\u00e9e \u00e0 Sceaux a \u00e9t\u00e9 deux fois moindre que celle constat\u00e9e dans le d\u00e9partement&nbsp;\u00bb. Mais v\u00e9rification faite,&#8230;<\/p>\n","protected":false},"author":11,"featured_media":0,"comment_status":"open","ping_status":"open","sticky":false,"template":"","format":"standard","meta":{"om_disable_all_campaigns":false,"_monsterinsights_skip_tracking":false,"_monsterinsights_sitenote_active":false,"_monsterinsights_sitenote_note":"","_monsterinsights_sitenote_category":0,"_uf_show_specific_survey":0,"_uf_disable_surveys":false,"footnotes":""},"categories":[53,60,266],"tags":[],"class_list":["post-2777","post","type-post","status-publish","format-standard","hentry","category-analyses","category-sante","category-sceaux","entry","simple"],"yoast_head":"<!-- This site is optimized with the Yoast SEO plugin v25.6 - https:\/\/yoast.com\/wordpress\/plugins\/seo\/ -->\n<title>B\u00eatisier # 7 : Une surmortalit\u00e9 deux fois plus faible \u00e0 Sceaux - La Gazette<\/title>\n<meta name=\"robots\" content=\"index, follow, max-snippet:-1, max-image-preview:large, max-video-preview:-1\" \/>\n<link rel=\"canonical\" href=\"https:\/\/sceaux-lagazette.fr\/index.php\/2020\/12\/19\/betisier-7-une-surmortalite-deux-fois-plus-faible-a-sceaux\/\" \/>\n<meta property=\"og:locale\" content=\"fr_FR\" \/>\n<meta property=\"og:type\" content=\"article\" \/>\n<meta property=\"og:title\" content=\"B\u00eatisier # 7 : Une surmortalit\u00e9 deux fois plus faible \u00e0 Sceaux - La Gazette\" \/>\n<meta property=\"og:description\" content=\"Dans l&lsquo;\u00e9ditorial du num\u00e9ro de juin 2020 de Sceaux Mag, Philippe Laurent se f\u00e9licitait \u00ab&nbsp;d\u2019une communaut\u00e9 solidaire, responsable et mobilis\u00e9e contre une adversit\u00e9 insaisissable&nbsp;\u00bb. Selon lui, \u00ab&nbsp;gr\u00e2ce \u00e0 cet esprit de responsabilit\u00e9&nbsp;la surmortalit\u00e9 enregistr\u00e9e \u00e0 Sceaux a \u00e9t\u00e9 deux fois moindre que celle constat\u00e9e dans le d\u00e9partement&nbsp;\u00bb. Mais v\u00e9rification faite,&#8230;\" \/>\n<meta property=\"og:url\" content=\"https:\/\/sceaux-lagazette.fr\/index.php\/2020\/12\/19\/betisier-7-une-surmortalite-deux-fois-plus-faible-a-sceaux\/\" \/>\n<meta property=\"og:site_name\" content=\"La Gazette\" \/>\n<meta property=\"article:published_time\" content=\"2020-12-19T09:47:00+00:00\" \/>\n<meta property=\"article:modified_time\" content=\"2022-10-17T17:08:55+00:00\" \/>\n<meta property=\"og:image\" content=\"https:\/\/sceaux-lagazette.fr\/wp-content\/uploads\/2025\/12\/Logo-Titre-Gazette-2025-08.jpg\" \/>\n\t<meta property=\"og:image:width\" content=\"636\" \/>\n\t<meta property=\"og:image:height\" content=\"148\" \/>\n\t<meta property=\"og:image:type\" content=\"image\/jpeg\" \/>\n<meta name=\"author\" content=\"G\u00e9rard Bardier\" \/>\n<meta name=\"twitter:card\" content=\"summary_large_image\" \/>\n<meta name=\"twitter:label1\" content=\"\u00c9crit par\" \/>\n\t<meta name=\"twitter:data1\" content=\"G\u00e9rard Bardier\" \/>\n\t<meta name=\"twitter:label2\" content=\"Dur\u00e9e de lecture estim\u00e9e\" \/>\n\t<meta name=\"twitter:data2\" content=\"9 minutes\" \/>\n<script type=\"application\/ld+json\" class=\"yoast-schema-graph\">{\"@context\":\"https:\/\/schema.org\",\"@graph\":[{\"@type\":\"Article\",\"@id\":\"https:\/\/sceaux-lagazette.fr\/index.php\/2020\/12\/19\/betisier-7-une-surmortalite-deux-fois-plus-faible-a-sceaux\/#article\",\"isPartOf\":{\"@id\":\"https:\/\/sceaux-lagazette.fr\/index.php\/2020\/12\/19\/betisier-7-une-surmortalite-deux-fois-plus-faible-a-sceaux\/\"},\"author\":{\"name\":\"G\u00e9rard Bardier\",\"@id\":\"https:\/\/sceaux-lagazette.fr\/#\/schema\/person\/5650e206a121f68c6f5e76379bccfbc4\"},\"headline\":\"B\u00eatisier # 7 : Une surmortalit\u00e9 deux fois plus faible \u00e0 Sceaux\",\"datePublished\":\"2020-12-19T09:47:00+00:00\",\"dateModified\":\"2022-10-17T17:08:55+00:00\",\"mainEntityOfPage\":{\"@id\":\"https:\/\/sceaux-lagazette.fr\/index.php\/2020\/12\/19\/betisier-7-une-surmortalite-deux-fois-plus-faible-a-sceaux\/\"},\"wordCount\":1848,\"commentCount\":0,\"publisher\":{\"@id\":\"https:\/\/sceaux-lagazette.fr\/#organization\"},\"articleSection\":[\"Analyses\",\"Sant\u00e9\",\"Sceaux\"],\"inLanguage\":\"fr-FR\",\"potentialAction\":[{\"@type\":\"CommentAction\",\"name\":\"Comment\",\"target\":[\"https:\/\/sceaux-lagazette.fr\/index.php\/2020\/12\/19\/betisier-7-une-surmortalite-deux-fois-plus-faible-a-sceaux\/#respond\"]}]},{\"@type\":\"WebPage\",\"@id\":\"https:\/\/sceaux-lagazette.fr\/index.php\/2020\/12\/19\/betisier-7-une-surmortalite-deux-fois-plus-faible-a-sceaux\/\",\"url\":\"https:\/\/sceaux-lagazette.fr\/index.php\/2020\/12\/19\/betisier-7-une-surmortalite-deux-fois-plus-faible-a-sceaux\/\",\"name\":\"B\u00eatisier # 7 : Une surmortalit\u00e9 deux fois plus faible \u00e0 Sceaux - La Gazette\",\"isPartOf\":{\"@id\":\"https:\/\/sceaux-lagazette.fr\/#website\"},\"datePublished\":\"2020-12-19T09:47:00+00:00\",\"dateModified\":\"2022-10-17T17:08:55+00:00\",\"breadcrumb\":{\"@id\":\"https:\/\/sceaux-lagazette.fr\/index.php\/2020\/12\/19\/betisier-7-une-surmortalite-deux-fois-plus-faible-a-sceaux\/#breadcrumb\"},\"inLanguage\":\"fr-FR\",\"potentialAction\":[{\"@type\":\"ReadAction\",\"target\":[\"https:\/\/sceaux-lagazette.fr\/index.php\/2020\/12\/19\/betisier-7-une-surmortalite-deux-fois-plus-faible-a-sceaux\/\"]}]},{\"@type\":\"BreadcrumbList\",\"@id\":\"https:\/\/sceaux-lagazette.fr\/index.php\/2020\/12\/19\/betisier-7-une-surmortalite-deux-fois-plus-faible-a-sceaux\/#breadcrumb\",\"itemListElement\":[{\"@type\":\"ListItem\",\"position\":1,\"name\":\"Accueil\",\"item\":\"https:\/\/sceaux-lagazette.fr\/\"},{\"@type\":\"ListItem\",\"position\":2,\"name\":\"B\u00eatisier # 7 : Une surmortalit\u00e9 deux fois plus faible \u00e0 Sceaux\"}]},{\"@type\":\"WebSite\",\"@id\":\"https:\/\/sceaux-lagazette.fr\/#website\",\"url\":\"https:\/\/sceaux-lagazette.fr\/\",\"name\":\"La Gazette\",\"description\":\"Bourg-la-Reine, Ch\u00e2tenay, Fontenay, Sceaux\",\"publisher\":{\"@id\":\"https:\/\/sceaux-lagazette.fr\/#organization\"},\"potentialAction\":[{\"@type\":\"SearchAction\",\"target\":{\"@type\":\"EntryPoint\",\"urlTemplate\":\"https:\/\/sceaux-lagazette.fr\/?s={search_term_string}\"},\"query-input\":{\"@type\":\"PropertyValueSpecification\",\"valueRequired\":true,\"valueName\":\"search_term_string\"}}],\"inLanguage\":\"fr-FR\"},{\"@type\":\"Organization\",\"@id\":\"https:\/\/sceaux-lagazette.fr\/#organization\",\"name\":\"La Gazette\",\"url\":\"https:\/\/sceaux-lagazette.fr\/\",\"logo\":{\"@type\":\"ImageObject\",\"inLanguage\":\"fr-FR\",\"@id\":\"https:\/\/sceaux-lagazette.fr\/#\/schema\/logo\/image\/\",\"url\":\"https:\/\/sceaux-lagazette.fr\/wp-content\/uploads\/2025\/08\/Logo-Gazette-Aout-2025-V3.jpg\",\"contentUrl\":\"https:\/\/sceaux-lagazette.fr\/wp-content\/uploads\/2025\/08\/Logo-Gazette-Aout-2025-V3.jpg\",\"width\":525,\"height\":130,\"caption\":\"La Gazette\"},\"image\":{\"@id\":\"https:\/\/sceaux-lagazette.fr\/#\/schema\/logo\/image\/\"}},{\"@type\":\"Person\",\"@id\":\"https:\/\/sceaux-lagazette.fr\/#\/schema\/person\/5650e206a121f68c6f5e76379bccfbc4\",\"name\":\"G\u00e9rard Bardier\",\"image\":{\"@type\":\"ImageObject\",\"inLanguage\":\"fr-FR\",\"@id\":\"https:\/\/sceaux-lagazette.fr\/#\/schema\/person\/image\/\",\"url\":\"https:\/\/secure.gravatar.com\/avatar\/5cf4391ef9dbc0367750202561279a29?s=96&r=g\",\"contentUrl\":\"https:\/\/secure.gravatar.com\/avatar\/5cf4391ef9dbc0367750202561279a29?s=96&r=g\",\"caption\":\"G\u00e9rard Bardier\"},\"url\":\"https:\/\/sceaux-lagazette.fr\/index.php\/author\/gb\/\"}]}<\/script>\n<!-- \/ Yoast SEO plugin. -->","yoast_head_json":{"title":"B\u00eatisier # 7 : Une surmortalit\u00e9 deux fois plus faible \u00e0 Sceaux - La Gazette","robots":{"index":"index","follow":"follow","max-snippet":"max-snippet:-1","max-image-preview":"max-image-preview:large","max-video-preview":"max-video-preview:-1"},"canonical":"https:\/\/sceaux-lagazette.fr\/index.php\/2020\/12\/19\/betisier-7-une-surmortalite-deux-fois-plus-faible-a-sceaux\/","og_locale":"fr_FR","og_type":"article","og_title":"B\u00eatisier # 7 : Une surmortalit\u00e9 deux fois plus faible \u00e0 Sceaux - La Gazette","og_description":"Dans l&lsquo;\u00e9ditorial du num\u00e9ro de juin 2020 de Sceaux Mag, Philippe Laurent se f\u00e9licitait \u00ab&nbsp;d\u2019une communaut\u00e9 solidaire, responsable et mobilis\u00e9e contre une adversit\u00e9 insaisissable&nbsp;\u00bb. Selon lui, \u00ab&nbsp;gr\u00e2ce \u00e0 cet esprit de responsabilit\u00e9&nbsp;la surmortalit\u00e9 enregistr\u00e9e \u00e0 Sceaux a \u00e9t\u00e9 deux fois moindre que celle constat\u00e9e dans le d\u00e9partement&nbsp;\u00bb. Mais v\u00e9rification faite,&#8230;","og_url":"https:\/\/sceaux-lagazette.fr\/index.php\/2020\/12\/19\/betisier-7-une-surmortalite-deux-fois-plus-faible-a-sceaux\/","og_site_name":"La Gazette","article_published_time":"2020-12-19T09:47:00+00:00","article_modified_time":"2022-10-17T17:08:55+00:00","og_image":[{"width":636,"height":148,"url":"https:\/\/sceaux-lagazette.fr\/wp-content\/uploads\/2025\/12\/Logo-Titre-Gazette-2025-08.jpg","type":"image\/jpeg"}],"author":"G\u00e9rard Bardier","twitter_card":"summary_large_image","twitter_misc":{"\u00c9crit par":"G\u00e9rard Bardier","Dur\u00e9e de lecture estim\u00e9e":"9 minutes"},"schema":{"@context":"https:\/\/schema.org","@graph":[{"@type":"Article","@id":"https:\/\/sceaux-lagazette.fr\/index.php\/2020\/12\/19\/betisier-7-une-surmortalite-deux-fois-plus-faible-a-sceaux\/#article","isPartOf":{"@id":"https:\/\/sceaux-lagazette.fr\/index.php\/2020\/12\/19\/betisier-7-une-surmortalite-deux-fois-plus-faible-a-sceaux\/"},"author":{"name":"G\u00e9rard Bardier","@id":"https:\/\/sceaux-lagazette.fr\/#\/schema\/person\/5650e206a121f68c6f5e76379bccfbc4"},"headline":"B\u00eatisier # 7 : Une surmortalit\u00e9 deux fois plus faible \u00e0 Sceaux","datePublished":"2020-12-19T09:47:00+00:00","dateModified":"2022-10-17T17:08:55+00:00","mainEntityOfPage":{"@id":"https:\/\/sceaux-lagazette.fr\/index.php\/2020\/12\/19\/betisier-7-une-surmortalite-deux-fois-plus-faible-a-sceaux\/"},"wordCount":1848,"commentCount":0,"publisher":{"@id":"https:\/\/sceaux-lagazette.fr\/#organization"},"articleSection":["Analyses","Sant\u00e9","Sceaux"],"inLanguage":"fr-FR","potentialAction":[{"@type":"CommentAction","name":"Comment","target":["https:\/\/sceaux-lagazette.fr\/index.php\/2020\/12\/19\/betisier-7-une-surmortalite-deux-fois-plus-faible-a-sceaux\/#respond"]}]},{"@type":"WebPage","@id":"https:\/\/sceaux-lagazette.fr\/index.php\/2020\/12\/19\/betisier-7-une-surmortalite-deux-fois-plus-faible-a-sceaux\/","url":"https:\/\/sceaux-lagazette.fr\/index.php\/2020\/12\/19\/betisier-7-une-surmortalite-deux-fois-plus-faible-a-sceaux\/","name":"B\u00eatisier # 7 : Une surmortalit\u00e9 deux fois plus faible \u00e0 Sceaux - La Gazette","isPartOf":{"@id":"https:\/\/sceaux-lagazette.fr\/#website"},"datePublished":"2020-12-19T09:47:00+00:00","dateModified":"2022-10-17T17:08:55+00:00","breadcrumb":{"@id":"https:\/\/sceaux-lagazette.fr\/index.php\/2020\/12\/19\/betisier-7-une-surmortalite-deux-fois-plus-faible-a-sceaux\/#breadcrumb"},"inLanguage":"fr-FR","potentialAction":[{"@type":"ReadAction","target":["https:\/\/sceaux-lagazette.fr\/index.php\/2020\/12\/19\/betisier-7-une-surmortalite-deux-fois-plus-faible-a-sceaux\/"]}]},{"@type":"BreadcrumbList","@id":"https:\/\/sceaux-lagazette.fr\/index.php\/2020\/12\/19\/betisier-7-une-surmortalite-deux-fois-plus-faible-a-sceaux\/#breadcrumb","itemListElement":[{"@type":"ListItem","position":1,"name":"Accueil","item":"https:\/\/sceaux-lagazette.fr\/"},{"@type":"ListItem","position":2,"name":"B\u00eatisier # 7 : Une surmortalit\u00e9 deux fois plus faible \u00e0 Sceaux"}]},{"@type":"WebSite","@id":"https:\/\/sceaux-lagazette.fr\/#website","url":"https:\/\/sceaux-lagazette.fr\/","name":"La Gazette","description":"Bourg-la-Reine, Ch\u00e2tenay, Fontenay, Sceaux","publisher":{"@id":"https:\/\/sceaux-lagazette.fr\/#organization"},"potentialAction":[{"@type":"SearchAction","target":{"@type":"EntryPoint","urlTemplate":"https:\/\/sceaux-lagazette.fr\/?s={search_term_string}"},"query-input":{"@type":"PropertyValueSpecification","valueRequired":true,"valueName":"search_term_string"}}],"inLanguage":"fr-FR"},{"@type":"Organization","@id":"https:\/\/sceaux-lagazette.fr\/#organization","name":"La Gazette","url":"https:\/\/sceaux-lagazette.fr\/","logo":{"@type":"ImageObject","inLanguage":"fr-FR","@id":"https:\/\/sceaux-lagazette.fr\/#\/schema\/logo\/image\/","url":"https:\/\/sceaux-lagazette.fr\/wp-content\/uploads\/2025\/08\/Logo-Gazette-Aout-2025-V3.jpg","contentUrl":"https:\/\/sceaux-lagazette.fr\/wp-content\/uploads\/2025\/08\/Logo-Gazette-Aout-2025-V3.jpg","width":525,"height":130,"caption":"La Gazette"},"image":{"@id":"https:\/\/sceaux-lagazette.fr\/#\/schema\/logo\/image\/"}},{"@type":"Person","@id":"https:\/\/sceaux-lagazette.fr\/#\/schema\/person\/5650e206a121f68c6f5e76379bccfbc4","name":"G\u00e9rard Bardier","image":{"@type":"ImageObject","inLanguage":"fr-FR","@id":"https:\/\/sceaux-lagazette.fr\/#\/schema\/person\/image\/","url":"https:\/\/secure.gravatar.com\/avatar\/5cf4391ef9dbc0367750202561279a29?s=96&r=g","contentUrl":"https:\/\/secure.gravatar.com\/avatar\/5cf4391ef9dbc0367750202561279a29?s=96&r=g","caption":"G\u00e9rard Bardier"},"url":"https:\/\/sceaux-lagazette.fr\/index.php\/author\/gb\/"}]}},"cc_featured_image_caption":{"caption_text":"","source_text":"","source_url":""},"_links":{"self":[{"href":"https:\/\/sceaux-lagazette.fr\/index.php\/wp-json\/wp\/v2\/posts\/2777"}],"collection":[{"href":"https:\/\/sceaux-lagazette.fr\/index.php\/wp-json\/wp\/v2\/posts"}],"about":[{"href":"https:\/\/sceaux-lagazette.fr\/index.php\/wp-json\/wp\/v2\/types\/post"}],"author":[{"embeddable":true,"href":"https:\/\/sceaux-lagazette.fr\/index.php\/wp-json\/wp\/v2\/users\/11"}],"replies":[{"embeddable":true,"href":"https:\/\/sceaux-lagazette.fr\/index.php\/wp-json\/wp\/v2\/comments?post=2777"}],"version-history":[{"count":22,"href":"https:\/\/sceaux-lagazette.fr\/index.php\/wp-json\/wp\/v2\/posts\/2777\/revisions"}],"predecessor-version":[{"id":7748,"href":"https:\/\/sceaux-lagazette.fr\/index.php\/wp-json\/wp\/v2\/posts\/2777\/revisions\/7748"}],"wp:attachment":[{"href":"https:\/\/sceaux-lagazette.fr\/index.php\/wp-json\/wp\/v2\/media?parent=2777"}],"wp:term":[{"taxonomy":"category","embeddable":true,"href":"https:\/\/sceaux-lagazette.fr\/index.php\/wp-json\/wp\/v2\/categories?post=2777"},{"taxonomy":"post_tag","embeddable":true,"href":"https:\/\/sceaux-lagazette.fr\/index.php\/wp-json\/wp\/v2\/tags?post=2777"}],"curies":[{"name":"wp","href":"https:\/\/api.w.org\/{rel}","templated":true}]}}