{"id":2726,"date":"2020-12-08T11:41:11","date_gmt":"2020-12-08T10:41:11","guid":{"rendered":"https:\/\/sceaux-lagazette.fr\/?p=2726"},"modified":"2023-08-18T17:25:29","modified_gmt":"2023-08-18T15:25:29","slug":"kevin-et-les-nourritures-terrestres","status":"publish","type":"post","link":"https:\/\/sceaux-lagazette.fr\/index.php\/2020\/12\/08\/kevin-et-les-nourritures-terrestres\/","title":{"rendered":"Kevin et les nourritures terrestres"},"content":{"rendered":"\n<p>Ne vous fiez pas \u00e0 son nom comme sorti d\u2019une nouvelle d\u2019Alphonse Allais. Le Porcelet Rose est un lieu de gastronomie&nbsp;; sa devanture abondante et color\u00e9e le montre d\u00e8s l\u2019abord. Poussez la porte et c\u2019est un pr\u00e9sentoir vitr\u00e9 couvert de dix p\u00e2t\u00e9s en cro\u00fbte diff\u00e9rents. Tout autour, le long des murs et des comptoirs r\u00e9frig\u00e9r\u00e9s, c\u2019est une pl\u00e9iade de produits. A l\u2019arri\u00e8re, invisible, sur deux niveaux&nbsp;: la cuisine, on dit le labo. Il faut du monde pour faire tout \u00e7a. Et le Porcelet Rose, c\u2019est quelque vingt-cinq personnes. Parmi elles, Kevin Guerin, 30 ans, grand, mince, responsable des ventes. Comment est-il donc arriv\u00e9 l\u00e0&nbsp;?<\/p>\n\n\n\n<h2 class=\"wp-block-heading\">L\u2019arriv\u00e9e<\/h2>\n\n\n\n<p>Comme souvent, rien ne l\u2019y disposait a priori. Il passe un bac qui ne l\u2019int\u00e9resse gu\u00e8re, confie-t-il, souhaitant travailler au plus t\u00f4t et non pas continuer ses \u00e9tudes. Un cousin qui tient une modeste r\u00f4tisserie lui propose un remplacement de quelques mois. Un \u00ab&nbsp;service midi&nbsp;\u00bb sous pression dans une zone d\u2019entreprises. Les paninis, les pizzas, les poulets r\u00f4tis, les salades, pourquoi pas&nbsp;? Il n\u2019y aurait pas pens\u00e9 un an plus t\u00f4t, mais le contact avec les gens, \u00e7a lui pla\u00eet vraiment.<\/p>\n\n\n\n<p>Le remplacement termin\u00e9, il cherche une place similaire. P\u00f4le Emploi. Une proposition \u00e0 Courbevoie. Envoi dare-dare d\u2019un CV et d\u2019une lettre de motivation. L\u2019entretien se passe bien. Il a 22 ans. Il commence. Ses patrons, un couple de son \u00e2ge, Melissa et Benjamin Delaye, de vrais charcutiers, eux. Il d\u00e9couvre le monde de la prouesse culinaire. Pour un esprit curieux, c\u2019est un horizon qui s\u2019ouvre.<\/p>\n\n\n\n<p>Ce sera quatre ans, tout pr\u00e8s de la D\u00e9fense, avec le peuple des bureaux qui d\u00e9barque pour d\u00e9jeuner. Le midi, c\u2019est le feu. Il y en a qui ne supportent pas, Kevin, lui, aime \u00e7a. D\u2019autant que les produits ont fi\u00e8re allure. Les patrons viennent de l\u2019\u00e9coleFerrandi<a href=\"#_ftn1\">[1]<\/a>, ce qui change tout. Il apprend. Ce sont des vari\u00e9t\u00e9s de salades aux compositions surprenantes, des jambons et des saucissons venus de r\u00e9gions lointaines, des plats cuisin\u00e9s jamais banals, un sens de l\u2019ornementation des produits traiteur. Apprendre c\u2019est son mot&nbsp;; il est gourmand de ce c\u00f4t\u00e9-l\u00e0. Mais pas seulement du c\u00f4t\u00e9 th\u00e9orique. Il go\u00fbte aussi, pour conna\u00eetre, il prend des kilos. \u00c7a rend jaloux, parce que rester mince en prenant des kilos, ce n\u2019est pas juste&nbsp;\ud83d\ude09.<\/p>\n\n\n\n<p>Quand Melissa et Benjamin Delaye veulent plus grand, vendent, s\u2019installent \u00e0 Sceaux, Kevin, \u00e0 Courbevoie, trouve de nouveaux patrons tr\u00e8s gestionnaires. Le faire les int\u00e9resse peu. Ils attendent des r\u00e9sultats, entendez financiers. Kevin a 26 ans, Il ne trouve plus son compte. \u00ab&nbsp;Je suis s\u00e9rieux, de confiance, dit-il sans forfanterie.&nbsp;\u00bb Il faut croire&nbsp;: quelques mois plus tard, il commence au Porcelet Rose.<\/p>\n\n\n\n<h2 class=\"wp-block-heading\">Agenda serr\u00e9<\/h2>\n\n\n\n<p>\u00catre responsable de la vente, pour Kevin, c\u2019est comprendre l\u2019\u00e9quipe, \u00e9pauler les d\u00e9butants, faire confiance aux exp\u00e9riment\u00e9s, c\u2019est coordonner les actions des 4 ou 5 vendeurs. En p\u00e9riode d\u2019affluence, il faut du r\u00e9flexe&nbsp;: avoir l\u2019\u0153il sur les produits et leur mise en valeur sur les rayons. Savoir anticiper les r\u00e9approvisionnements pour ne pas manquer d\u2019un produit sans en pr\u00e9parer trop, passer les demandes de nouvelles cuissons au labo&#8230; Le tout, en accueillant les clients.<\/p>\n\n\n\n<p>Mais responsable ou pas, tous les vendeurs qui ne sont pas en cong\u00e9 commencent la journ\u00e9e \u00e0 7h30 quand il faut installer les produits&nbsp;: salades, compositions traiteur, charcuterie, plats cuisin\u00e9s, fromages, desserts, couper les jambons pour la pr\u00e9sentation, remettre les \u00e9tiquettes. \u00ab&nbsp;C\u2019est un vrai travail, croyez-moi, qui prend autour d\u2019une heure et demie&nbsp;\u00bb.<\/p>\n\n\n\n<p>Et puis, la boutique ouvre. La vente, c\u2019est plein de choses, \u00e0 commencer par la pr\u00e9cision des gestes, le conseil aux clients h\u00e9sitants, la juste compr\u00e9hension de ce qu\u2019ils expriment. \u00ab&nbsp;Et ne pas faire r\u00e9p\u00e9ter, pr\u00e9cise-t-il, en souriant.&nbsp;\u00bb. C\u2019est travailler en s\u00e9curit\u00e9 avec les couteaux, les trancheuses.<\/p>\n\n\n\n<p>[<em>Tandis que sur un jambon \u00e0 l\u2019os imaginaire, il faisait une d\u00e9monstration des gestes \u00e0 \u00e9viter, je me souvenais des charcutiers qui, il n\u2019y pas si longtemps, avan\u00e7aient vers la lame tournante une main que rien ne prot\u00e9geait.]<\/em><\/p>\n\n\n\n<p>Entre 13h30 et 15h, d\u00e9jeuner, d\u00e9tente. La boutique rouvre. \u00ab&nbsp;Vers 19h30, on commence \u00e0 placer sur des chariots, les \u00ab&nbsp;traiteurs&nbsp;\u00bb qui se vendent peu le soir, les clients press\u00e9s de rentrer chez eux ach\u00e8tent surtout des quiches, des salades ou des plats cuisin\u00e9s.&nbsp;\u00bb<\/p>\n\n\n\n<p>Ils ferment \u00e0 20h. Ce sont de longues journ\u00e9es, comme dans tous les commerces de bouche, les boulangeries, les boucheries. \u00ab&nbsp;Les grandes amplitudes sont dans la culture de nos m\u00e9tiers. Nous avons les cong\u00e9s en rapport. J\u2019ai deux jours et demi par semaine.&nbsp;\u00bb<\/p>\n\n\n\n<p>Il \u00e9voque le labo et leur charge de travail sur la journ\u00e9e tout enti\u00e8re&nbsp;: la r\u00e9ception du frais, viandes, l\u00e9gumes, qui arrive chaque jour&nbsp;; la pr\u00e9paration, le matin, des plats pour la journ\u00e9e, puis les r\u00e9appros \u00e0 la demande. Il y a d\u2019habitude les repas d\u2019entreprises, les mariages, les bapt\u00eames, la sous-traitance pour d\u2019autres charcuteries que la notori\u00e9t\u00e9 des produits a permis d\u2019accro\u00eetre.<\/p>\n\n\n\n<h2 class=\"wp-block-heading\">Le besoin de changement<\/h2>\n\n\n\n<p>Kevin n\u2019a pas besoin de longues d\u00e9monstrations. Ses yeux parlent d\u2019eux-m\u00eames, ils disent que son m\u00e9tier, c\u2019est lui, et qu\u2019il ne regrette certainement pas des \u00e9tudes sup\u00e9rieures. Que trouve-t-il parmi les tomates confites et la coriandre, lui qui vient d\u2019Argenteuil o\u00f9 le riz Jos\u00e9phine ni le p\u00e2t\u00e9 de faisan ne faisaient l\u2019ordinaire ou m\u00eame l\u2019extraordinaire&nbsp;? Le savoir-faire. Le renouvellement. Il ne se lasse pas. Les clients changent, le patron aime innover, les produits changent. \u00c0 c\u00f4t\u00e9 des terrines classiques, ce sera une terrine basque travaill\u00e9e sur une base campagne avec du piment d\u2019Espelette.<\/p>\n\n\n\n<p>\u00ab&nbsp;Quand on a essay\u00e9, se souvient-il, les oeufs meurette sur une mousseline de chou-fleur, c\u2019\u00e9tait un pari. 50 sont partis en un jour. J\u2019aurais plein d\u2019autres exemples. Nous avons des clients curieux&nbsp;; ils veulent se faire plaisir, essaient de nouveaux produits, h\u00e9sitent, nous font confiance. C\u2019est tr\u00e8s motivant.&nbsp;\u00bb<\/p>\n\n\n\n<div class=\"wp-block-image\"><figure class=\"alignleft size-medium\"><img decoding=\"async\" width=\"300\" height=\"225\" src=\"https:\/\/sceaux-lagazette.fr\/wp-content\/uploads\/2020\/12\/Oreiller-300x225.jpg\" alt=\"\" class=\"wp-image-2729\" srcset=\"https:\/\/sceaux-lagazette.fr\/wp-content\/uploads\/2020\/12\/Oreiller-300x225.jpg 300w, https:\/\/sceaux-lagazette.fr\/wp-content\/uploads\/2020\/12\/Oreiller-1024x768.jpg 1024w, https:\/\/sceaux-lagazette.fr\/wp-content\/uploads\/2020\/12\/Oreiller-768x576.jpg 768w, https:\/\/sceaux-lagazette.fr\/wp-content\/uploads\/2020\/12\/Oreiller-1536x1152.jpg 1536w, https:\/\/sceaux-lagazette.fr\/wp-content\/uploads\/2020\/12\/Oreiller-2048x1536.jpg 2048w\" sizes=\"(max-width: 300px) 100vw, 300px\" \/><\/figure><\/div>\n\n\n\n<p>No\u00ebl arrive avec son catalogue d&rsquo;entr\u00e9es prestige, de foie gras, de p\u00e2t\u00e9s en cro\u00fbte, avec (hommage \u00e0 Brillat-Savarin) l\u2019<a href=\"https:\/\/www.lechef.com\/au-quotidien\/2018-12-05-le-mot-a-la-bouche-loreiller-de-la-belle-aurore\/\">oreiller de la belle Aurore<\/a>, avec des plats cuisin\u00e9s aux astucieux raffinements. Avec une client\u00e8le \u00e0 l\u2019exigence redoubl\u00e9e par les frustrations du confinement. Avec un m\u00e9lange de gourmandises qui fait cette vari\u00e9t\u00e9 qu\u2019il aime. \u00ab&nbsp;Pas un jour n\u2019est comme un autre, dit-il. Pas un client n\u2019est comme un autre.&nbsp;\u00bb Il suffit de le regarder pour comprendre que son plaisir est l\u00e0.<\/p>\n\n\n\n<hr class=\"wp-block-separator\"\/>\n\n\n\n<p><a href=\"#_ftnref1\">[1]<\/a> L\u2019\u00e9cole Ferrandi est une <a href=\"https:\/\/fr.wikipedia.org\/wiki\/\u00c9cole_Ferrandi_Paris\">grande \u00e9cole de cuisine<\/a> situ\u00e9e \u00e0 Paris.<\/p>\n","protected":false},"excerpt":{"rendered":"<p>Ne vous fiez pas \u00e0 son nom comme sorti d\u2019une nouvelle d\u2019Alphonse Allais. Le Porcelet Rose est un lieu de gastronomie&nbsp;; sa devanture abondante et color\u00e9e le montre d\u00e8s l\u2019abord. Poussez la porte et c\u2019est un pr\u00e9sentoir vitr\u00e9 couvert de dix p\u00e2t\u00e9s en cro\u00fbte diff\u00e9rents. Tout autour, le long des&#8230;<\/p>\n","protected":false},"author":6,"featured_media":2728,"comment_status":"open","ping_status":"open","sticky":false,"template":"","format":"standard","meta":{"om_disable_all_campaigns":false,"_monsterinsights_skip_tracking":false,"_monsterinsights_sitenote_active":false,"_monsterinsights_sitenote_note":"","_monsterinsights_sitenote_category":0,"_uf_show_specific_survey":0,"_uf_disable_surveys":false,"footnotes":""},"categories":[59],"tags":[],"class_list":["post-2726","post","type-post","status-publish","format-standard","has-post-thumbnail","hentry","category-portraits","entry","simple"],"yoast_head":"<!-- This site is optimized with the Yoast SEO plugin v25.6 - https:\/\/yoast.com\/wordpress\/plugins\/seo\/ -->\n<title>Kevin et les nourritures terrestres - La Gazette<\/title>\n<meta name=\"robots\" content=\"index, follow, max-snippet:-1, max-image-preview:large, max-video-preview:-1\" \/>\n<link rel=\"canonical\" href=\"https:\/\/sceaux-lagazette.fr\/index.php\/2020\/12\/08\/kevin-et-les-nourritures-terrestres\/\" \/>\n<meta property=\"og:locale\" content=\"fr_FR\" \/>\n<meta property=\"og:type\" content=\"article\" \/>\n<meta property=\"og:title\" content=\"Kevin et les nourritures terrestres - La Gazette\" \/>\n<meta property=\"og:description\" content=\"Ne vous fiez pas \u00e0 son nom comme sorti d\u2019une nouvelle d\u2019Alphonse Allais. Le Porcelet Rose est un lieu de gastronomie&nbsp;; sa devanture abondante et color\u00e9e le montre d\u00e8s l\u2019abord. Poussez la porte et c\u2019est un pr\u00e9sentoir vitr\u00e9 couvert de dix p\u00e2t\u00e9s en cro\u00fbte diff\u00e9rents. Tout autour, le long des&#8230;\" \/>\n<meta property=\"og:url\" content=\"https:\/\/sceaux-lagazette.fr\/index.php\/2020\/12\/08\/kevin-et-les-nourritures-terrestres\/\" \/>\n<meta property=\"og:site_name\" content=\"La Gazette\" \/>\n<meta property=\"article:published_time\" content=\"2020-12-08T10:41:11+00:00\" \/>\n<meta property=\"article:modified_time\" content=\"2023-08-18T15:25:29+00:00\" \/>\n<meta property=\"og:image\" content=\"https:\/\/sceaux-lagazette.fr\/wp-content\/uploads\/2020\/12\/Kevin-scaled.jpg\" \/>\n\t<meta property=\"og:image:width\" content=\"1920\" \/>\n\t<meta property=\"og:image:height\" content=\"2560\" \/>\n\t<meta property=\"og:image:type\" content=\"image\/jpeg\" \/>\n<meta name=\"author\" content=\"Maurice Zytnicki\" \/>\n<meta name=\"twitter:card\" content=\"summary_large_image\" \/>\n<meta name=\"twitter:label1\" content=\"\u00c9crit par\" \/>\n\t<meta name=\"twitter:data1\" content=\"Maurice Zytnicki\" \/>\n\t<meta name=\"twitter:label2\" content=\"Dur\u00e9e de lecture estim\u00e9e\" \/>\n\t<meta name=\"twitter:data2\" content=\"6 minutes\" \/>\n<script type=\"application\/ld+json\" class=\"yoast-schema-graph\">{\"@context\":\"https:\/\/schema.org\",\"@graph\":[{\"@type\":\"Article\",\"@id\":\"https:\/\/sceaux-lagazette.fr\/index.php\/2020\/12\/08\/kevin-et-les-nourritures-terrestres\/#article\",\"isPartOf\":{\"@id\":\"https:\/\/sceaux-lagazette.fr\/index.php\/2020\/12\/08\/kevin-et-les-nourritures-terrestres\/\"},\"author\":{\"name\":\"Maurice Zytnicki\",\"@id\":\"https:\/\/sceaux-lagazette.fr\/#\/schema\/person\/060ab8fc058c4220d9079707a58da9f1\"},\"headline\":\"Kevin et les nourritures terrestres\",\"datePublished\":\"2020-12-08T10:41:11+00:00\",\"dateModified\":\"2023-08-18T15:25:29+00:00\",\"mainEntityOfPage\":{\"@id\":\"https:\/\/sceaux-lagazette.fr\/index.php\/2020\/12\/08\/kevin-et-les-nourritures-terrestres\/\"},\"wordCount\":1211,\"commentCount\":1,\"publisher\":{\"@id\":\"https:\/\/sceaux-lagazette.fr\/#organization\"},\"image\":{\"@id\":\"https:\/\/sceaux-lagazette.fr\/index.php\/2020\/12\/08\/kevin-et-les-nourritures-terrestres\/#primaryimage\"},\"thumbnailUrl\":\"https:\/\/sceaux-lagazette.fr\/wp-content\/uploads\/2020\/12\/Kevin-scaled.jpg\",\"articleSection\":[\"Portraits\"],\"inLanguage\":\"fr-FR\",\"potentialAction\":[{\"@type\":\"CommentAction\",\"name\":\"Comment\",\"target\":[\"https:\/\/sceaux-lagazette.fr\/index.php\/2020\/12\/08\/kevin-et-les-nourritures-terrestres\/#respond\"]}]},{\"@type\":\"WebPage\",\"@id\":\"https:\/\/sceaux-lagazette.fr\/index.php\/2020\/12\/08\/kevin-et-les-nourritures-terrestres\/\",\"url\":\"https:\/\/sceaux-lagazette.fr\/index.php\/2020\/12\/08\/kevin-et-les-nourritures-terrestres\/\",\"name\":\"Kevin et les nourritures terrestres - La Gazette\",\"isPartOf\":{\"@id\":\"https:\/\/sceaux-lagazette.fr\/#website\"},\"primaryImageOfPage\":{\"@id\":\"https:\/\/sceaux-lagazette.fr\/index.php\/2020\/12\/08\/kevin-et-les-nourritures-terrestres\/#primaryimage\"},\"image\":{\"@id\":\"https:\/\/sceaux-lagazette.fr\/index.php\/2020\/12\/08\/kevin-et-les-nourritures-terrestres\/#primaryimage\"},\"thumbnailUrl\":\"https:\/\/sceaux-lagazette.fr\/wp-content\/uploads\/2020\/12\/Kevin-scaled.jpg\",\"datePublished\":\"2020-12-08T10:41:11+00:00\",\"dateModified\":\"2023-08-18T15:25:29+00:00\",\"breadcrumb\":{\"@id\":\"https:\/\/sceaux-lagazette.fr\/index.php\/2020\/12\/08\/kevin-et-les-nourritures-terrestres\/#breadcrumb\"},\"inLanguage\":\"fr-FR\",\"potentialAction\":[{\"@type\":\"ReadAction\",\"target\":[\"https:\/\/sceaux-lagazette.fr\/index.php\/2020\/12\/08\/kevin-et-les-nourritures-terrestres\/\"]}]},{\"@type\":\"ImageObject\",\"inLanguage\":\"fr-FR\",\"@id\":\"https:\/\/sceaux-lagazette.fr\/index.php\/2020\/12\/08\/kevin-et-les-nourritures-terrestres\/#primaryimage\",\"url\":\"https:\/\/sceaux-lagazette.fr\/wp-content\/uploads\/2020\/12\/Kevin-scaled.jpg\",\"contentUrl\":\"https:\/\/sceaux-lagazette.fr\/wp-content\/uploads\/2020\/12\/Kevin-scaled.jpg\",\"width\":1920,\"height\":2560},{\"@type\":\"BreadcrumbList\",\"@id\":\"https:\/\/sceaux-lagazette.fr\/index.php\/2020\/12\/08\/kevin-et-les-nourritures-terrestres\/#breadcrumb\",\"itemListElement\":[{\"@type\":\"ListItem\",\"position\":1,\"name\":\"Accueil\",\"item\":\"https:\/\/sceaux-lagazette.fr\/\"},{\"@type\":\"ListItem\",\"position\":2,\"name\":\"Kevin et les nourritures terrestres\"}]},{\"@type\":\"WebSite\",\"@id\":\"https:\/\/sceaux-lagazette.fr\/#website\",\"url\":\"https:\/\/sceaux-lagazette.fr\/\",\"name\":\"La Gazette\",\"description\":\"Bourg-la-Reine, Ch\u00e2tenay, Fontenay, Sceaux\",\"publisher\":{\"@id\":\"https:\/\/sceaux-lagazette.fr\/#organization\"},\"potentialAction\":[{\"@type\":\"SearchAction\",\"target\":{\"@type\":\"EntryPoint\",\"urlTemplate\":\"https:\/\/sceaux-lagazette.fr\/?s={search_term_string}\"},\"query-input\":{\"@type\":\"PropertyValueSpecification\",\"valueRequired\":true,\"valueName\":\"search_term_string\"}}],\"inLanguage\":\"fr-FR\"},{\"@type\":\"Organization\",\"@id\":\"https:\/\/sceaux-lagazette.fr\/#organization\",\"name\":\"La Gazette\",\"url\":\"https:\/\/sceaux-lagazette.fr\/\",\"logo\":{\"@type\":\"ImageObject\",\"inLanguage\":\"fr-FR\",\"@id\":\"https:\/\/sceaux-lagazette.fr\/#\/schema\/logo\/image\/\",\"url\":\"https:\/\/sceaux-lagazette.fr\/wp-content\/uploads\/2025\/08\/Logo-Gazette-Aout-2025-V3.jpg\",\"contentUrl\":\"https:\/\/sceaux-lagazette.fr\/wp-content\/uploads\/2025\/08\/Logo-Gazette-Aout-2025-V3.jpg\",\"width\":525,\"height\":130,\"caption\":\"La Gazette\"},\"image\":{\"@id\":\"https:\/\/sceaux-lagazette.fr\/#\/schema\/logo\/image\/\"}},{\"@type\":\"Person\",\"@id\":\"https:\/\/sceaux-lagazette.fr\/#\/schema\/person\/060ab8fc058c4220d9079707a58da9f1\",\"name\":\"Maurice Zytnicki\",\"image\":{\"@type\":\"ImageObject\",\"inLanguage\":\"fr-FR\",\"@id\":\"https:\/\/sceaux-lagazette.fr\/#\/schema\/person\/image\/\",\"url\":\"https:\/\/secure.gravatar.com\/avatar\/d94d30d6fa0e9cb7af48a89366fc0cdb?s=96&r=g\",\"contentUrl\":\"https:\/\/secure.gravatar.com\/avatar\/d94d30d6fa0e9cb7af48a89366fc0cdb?s=96&r=g\",\"caption\":\"Maurice Zytnicki\"},\"url\":\"https:\/\/sceaux-lagazette.fr\/index.php\/author\/maurice\/\"}]}<\/script>\n<!-- \/ Yoast SEO plugin. -->","yoast_head_json":{"title":"Kevin et les nourritures terrestres - La Gazette","robots":{"index":"index","follow":"follow","max-snippet":"max-snippet:-1","max-image-preview":"max-image-preview:large","max-video-preview":"max-video-preview:-1"},"canonical":"https:\/\/sceaux-lagazette.fr\/index.php\/2020\/12\/08\/kevin-et-les-nourritures-terrestres\/","og_locale":"fr_FR","og_type":"article","og_title":"Kevin et les nourritures terrestres - La Gazette","og_description":"Ne vous fiez pas \u00e0 son nom comme sorti d\u2019une nouvelle d\u2019Alphonse Allais. Le Porcelet Rose est un lieu de gastronomie&nbsp;; sa devanture abondante et color\u00e9e le montre d\u00e8s l\u2019abord. Poussez la porte et c\u2019est un pr\u00e9sentoir vitr\u00e9 couvert de dix p\u00e2t\u00e9s en cro\u00fbte diff\u00e9rents. Tout autour, le long des&#8230;","og_url":"https:\/\/sceaux-lagazette.fr\/index.php\/2020\/12\/08\/kevin-et-les-nourritures-terrestres\/","og_site_name":"La Gazette","article_published_time":"2020-12-08T10:41:11+00:00","article_modified_time":"2023-08-18T15:25:29+00:00","og_image":[{"width":1920,"height":2560,"url":"https:\/\/sceaux-lagazette.fr\/wp-content\/uploads\/2020\/12\/Kevin-scaled.jpg","type":"image\/jpeg"}],"author":"Maurice Zytnicki","twitter_card":"summary_large_image","twitter_misc":{"\u00c9crit par":"Maurice Zytnicki","Dur\u00e9e de lecture estim\u00e9e":"6 minutes"},"schema":{"@context":"https:\/\/schema.org","@graph":[{"@type":"Article","@id":"https:\/\/sceaux-lagazette.fr\/index.php\/2020\/12\/08\/kevin-et-les-nourritures-terrestres\/#article","isPartOf":{"@id":"https:\/\/sceaux-lagazette.fr\/index.php\/2020\/12\/08\/kevin-et-les-nourritures-terrestres\/"},"author":{"name":"Maurice Zytnicki","@id":"https:\/\/sceaux-lagazette.fr\/#\/schema\/person\/060ab8fc058c4220d9079707a58da9f1"},"headline":"Kevin et les nourritures terrestres","datePublished":"2020-12-08T10:41:11+00:00","dateModified":"2023-08-18T15:25:29+00:00","mainEntityOfPage":{"@id":"https:\/\/sceaux-lagazette.fr\/index.php\/2020\/12\/08\/kevin-et-les-nourritures-terrestres\/"},"wordCount":1211,"commentCount":1,"publisher":{"@id":"https:\/\/sceaux-lagazette.fr\/#organization"},"image":{"@id":"https:\/\/sceaux-lagazette.fr\/index.php\/2020\/12\/08\/kevin-et-les-nourritures-terrestres\/#primaryimage"},"thumbnailUrl":"https:\/\/sceaux-lagazette.fr\/wp-content\/uploads\/2020\/12\/Kevin-scaled.jpg","articleSection":["Portraits"],"inLanguage":"fr-FR","potentialAction":[{"@type":"CommentAction","name":"Comment","target":["https:\/\/sceaux-lagazette.fr\/index.php\/2020\/12\/08\/kevin-et-les-nourritures-terrestres\/#respond"]}]},{"@type":"WebPage","@id":"https:\/\/sceaux-lagazette.fr\/index.php\/2020\/12\/08\/kevin-et-les-nourritures-terrestres\/","url":"https:\/\/sceaux-lagazette.fr\/index.php\/2020\/12\/08\/kevin-et-les-nourritures-terrestres\/","name":"Kevin et les nourritures terrestres - La Gazette","isPartOf":{"@id":"https:\/\/sceaux-lagazette.fr\/#website"},"primaryImageOfPage":{"@id":"https:\/\/sceaux-lagazette.fr\/index.php\/2020\/12\/08\/kevin-et-les-nourritures-terrestres\/#primaryimage"},"image":{"@id":"https:\/\/sceaux-lagazette.fr\/index.php\/2020\/12\/08\/kevin-et-les-nourritures-terrestres\/#primaryimage"},"thumbnailUrl":"https:\/\/sceaux-lagazette.fr\/wp-content\/uploads\/2020\/12\/Kevin-scaled.jpg","datePublished":"2020-12-08T10:41:11+00:00","dateModified":"2023-08-18T15:25:29+00:00","breadcrumb":{"@id":"https:\/\/sceaux-lagazette.fr\/index.php\/2020\/12\/08\/kevin-et-les-nourritures-terrestres\/#breadcrumb"},"inLanguage":"fr-FR","potentialAction":[{"@type":"ReadAction","target":["https:\/\/sceaux-lagazette.fr\/index.php\/2020\/12\/08\/kevin-et-les-nourritures-terrestres\/"]}]},{"@type":"ImageObject","inLanguage":"fr-FR","@id":"https:\/\/sceaux-lagazette.fr\/index.php\/2020\/12\/08\/kevin-et-les-nourritures-terrestres\/#primaryimage","url":"https:\/\/sceaux-lagazette.fr\/wp-content\/uploads\/2020\/12\/Kevin-scaled.jpg","contentUrl":"https:\/\/sceaux-lagazette.fr\/wp-content\/uploads\/2020\/12\/Kevin-scaled.jpg","width":1920,"height":2560},{"@type":"BreadcrumbList","@id":"https:\/\/sceaux-lagazette.fr\/index.php\/2020\/12\/08\/kevin-et-les-nourritures-terrestres\/#breadcrumb","itemListElement":[{"@type":"ListItem","position":1,"name":"Accueil","item":"https:\/\/sceaux-lagazette.fr\/"},{"@type":"ListItem","position":2,"name":"Kevin et les nourritures terrestres"}]},{"@type":"WebSite","@id":"https:\/\/sceaux-lagazette.fr\/#website","url":"https:\/\/sceaux-lagazette.fr\/","name":"La Gazette","description":"Bourg-la-Reine, Ch\u00e2tenay, Fontenay, Sceaux","publisher":{"@id":"https:\/\/sceaux-lagazette.fr\/#organization"},"potentialAction":[{"@type":"SearchAction","target":{"@type":"EntryPoint","urlTemplate":"https:\/\/sceaux-lagazette.fr\/?s={search_term_string}"},"query-input":{"@type":"PropertyValueSpecification","valueRequired":true,"valueName":"search_term_string"}}],"inLanguage":"fr-FR"},{"@type":"Organization","@id":"https:\/\/sceaux-lagazette.fr\/#organization","name":"La Gazette","url":"https:\/\/sceaux-lagazette.fr\/","logo":{"@type":"ImageObject","inLanguage":"fr-FR","@id":"https:\/\/sceaux-lagazette.fr\/#\/schema\/logo\/image\/","url":"https:\/\/sceaux-lagazette.fr\/wp-content\/uploads\/2025\/08\/Logo-Gazette-Aout-2025-V3.jpg","contentUrl":"https:\/\/sceaux-lagazette.fr\/wp-content\/uploads\/2025\/08\/Logo-Gazette-Aout-2025-V3.jpg","width":525,"height":130,"caption":"La Gazette"},"image":{"@id":"https:\/\/sceaux-lagazette.fr\/#\/schema\/logo\/image\/"}},{"@type":"Person","@id":"https:\/\/sceaux-lagazette.fr\/#\/schema\/person\/060ab8fc058c4220d9079707a58da9f1","name":"Maurice Zytnicki","image":{"@type":"ImageObject","inLanguage":"fr-FR","@id":"https:\/\/sceaux-lagazette.fr\/#\/schema\/person\/image\/","url":"https:\/\/secure.gravatar.com\/avatar\/d94d30d6fa0e9cb7af48a89366fc0cdb?s=96&r=g","contentUrl":"https:\/\/secure.gravatar.com\/avatar\/d94d30d6fa0e9cb7af48a89366fc0cdb?s=96&r=g","caption":"Maurice Zytnicki"},"url":"https:\/\/sceaux-lagazette.fr\/index.php\/author\/maurice\/"}]}},"cc_featured_image_caption":{"caption_text":false,"source_text":false,"source_url":false},"_links":{"self":[{"href":"https:\/\/sceaux-lagazette.fr\/index.php\/wp-json\/wp\/v2\/posts\/2726"}],"collection":[{"href":"https:\/\/sceaux-lagazette.fr\/index.php\/wp-json\/wp\/v2\/posts"}],"about":[{"href":"https:\/\/sceaux-lagazette.fr\/index.php\/wp-json\/wp\/v2\/types\/post"}],"author":[{"embeddable":true,"href":"https:\/\/sceaux-lagazette.fr\/index.php\/wp-json\/wp\/v2\/users\/6"}],"replies":[{"embeddable":true,"href":"https:\/\/sceaux-lagazette.fr\/index.php\/wp-json\/wp\/v2\/comments?post=2726"}],"version-history":[{"count":6,"href":"https:\/\/sceaux-lagazette.fr\/index.php\/wp-json\/wp\/v2\/posts\/2726\/revisions"}],"predecessor-version":[{"id":2735,"href":"https:\/\/sceaux-lagazette.fr\/index.php\/wp-json\/wp\/v2\/posts\/2726\/revisions\/2735"}],"wp:featuredmedia":[{"embeddable":true,"href":"https:\/\/sceaux-lagazette.fr\/index.php\/wp-json\/wp\/v2\/media\/2728"}],"wp:attachment":[{"href":"https:\/\/sceaux-lagazette.fr\/index.php\/wp-json\/wp\/v2\/media?parent=2726"}],"wp:term":[{"taxonomy":"category","embeddable":true,"href":"https:\/\/sceaux-lagazette.fr\/index.php\/wp-json\/wp\/v2\/categories?post=2726"},{"taxonomy":"post_tag","embeddable":true,"href":"https:\/\/sceaux-lagazette.fr\/index.php\/wp-json\/wp\/v2\/tags?post=2726"}],"curies":[{"name":"wp","href":"https:\/\/api.w.org\/{rel}","templated":true}]}}