{"id":2723,"date":"2020-12-09T11:50:44","date_gmt":"2020-12-09T10:50:44","guid":{"rendered":"https:\/\/sceaux-lagazette.fr\/?p=2723"},"modified":"2020-12-09T11:50:44","modified_gmt":"2020-12-09T10:50:44","slug":"betisier-6-faisons-comme-les-suedois","status":"publish","type":"post","link":"https:\/\/sceaux-lagazette.fr\/index.php\/2020\/12\/09\/betisier-6-faisons-comme-les-suedois\/","title":{"rendered":"B\u00eatisier #6 : faisons comme les Su\u00e9dois !"},"content":{"rendered":"\n<p>Les adversaires du confinement font souvent r\u00e9f\u00e9rence \u00e0 la Su\u00e8de qui aurait eu de bons r\u00e9sultats contre le Covid sans recours \u00e0 des mesures autoritaires, et ne connaitrait pas de deuxi\u00e8me vague parce qu\u2019elle a fait confiance \u00e0 l\u2019immunit\u00e9 collective. La r\u00e9alit\u00e9 est assez \u00e9loign\u00e9e de cette description idyllique&nbsp;!<\/p>\n\n\n\n<h2 class=\"wp-block-heading\">Les mesures prises en Su\u00e8de<\/h2>\n\n\n\n<p>La Su\u00e8de a effectivement eu une mani\u00e8re particuli\u00e8re de lutter contre l\u2019\u00e9pid\u00e9mie Covid-19, dans sa mani\u00e8re de conjuguer des mesures contraignantes et des recommandations<\/p>\n\n\n\n<p>Pendant la premi\u00e8re phase (mars \/juin), les mesures contraignantes ont consist\u00e9 \u00e0<\/p>\n\n\n\n<ul class=\"wp-block-list\"><li>Interdire les visites dans les maisons de retraite le 31 mars<\/li><li>Fermer les bars et nightclubs qui ne permettaient pas une distanciation sociale suffisante<\/li><li>Fermer les lyc\u00e9es et facult\u00e9s<\/li><li>Interdire les rassemblements de plus de 50 personnes<\/li><\/ul>\n\n\n\n<p>Les recommandations ont port\u00e9 sur<\/p>\n\n\n\n<ul class=\"wp-block-list\"><li>Le travail \u00e0 domicile pour les travailleurs des villes \u00e0 forte densit\u00e9 de population (Stockholm)<\/li><li>La limitation des contacts sociaux<\/li><\/ul>\n\n\n\n<p>Face \u00e0 une r\u00e9cente deuxi\u00e8me phase, la Su\u00e8de a pris une mesure plus contraignante qu\u2019en premi\u00e8re phase, interdisant depuis le 16 novembre les rassemblements de plus de 8 personnes et renouvelant l\u2019interdiction de visite dans les maisons de retraite.<\/p>\n\n\n\n<p>Il est \u00e9galement recommand\u00e9 (pour trois r\u00e9gions, Stockholm, V\u00e4stra G\u00f6taland et \u00d6sterg\u00f6tland), d\u2019\u00e9viter de se trouver dans des environnements int\u00e9rieurs (centres commerciaux, gymnases, mais les courses sont autoris\u00e9es), d\u2019aller \u00e0 des r\u00e9unions (concerts, afterworks, spectacles, pratique du sport [ne s&rsquo;applique pas aux enfants n\u00e9s apr\u00e8s 2005]).<\/p>\n\n\n\n<p>En outre, le travail \u00e0 domicile est \u00e0 nouveau recommand\u00e9 fortement.<\/p>\n\n\n\n<h2 class=\"wp-block-heading\">Les r\u00e9sultats obtenus<\/h2>\n\n\n\n<p>Lors de la premi\u00e8re vague, la Su\u00e8de a eu un peu plus de d\u00e9c\u00e8s par habitants que la France. Elle en eu \u00e9galement beaucoup plus que ses voisins scandinaves&nbsp;: environ 5 fois plus qu\u2019au Danemark, 10 fois plus qu\u2019en Norv\u00e8ge ou en Finlande. L\u2019une des particularit\u00e9s de cette premi\u00e8re vague en Su\u00e8de, par rapport \u00e0 d\u2019autres pays europ\u00e9ens, est que la d\u00e9croissance de la vague a \u00e9t\u00e9 beaucoup plus lente. Comme partout, les mesures prises pour r\u00e9duire les contacts ont fait passer le taux de reproduction en dessous de 1. En France, il s\u2019est situ\u00e9 autour de 0,7\/0,75. Le nombre de contaminations (et \u00e0 leur suite d\u2019hospitalisations et de d\u00e9c\u00e8s) a donc \u00e9t\u00e9 divis\u00e9 par 2 toutes les deux semaines, ce qui l\u2019a men\u00e9 assez bas d\u00e8s le mois de mai.&nbsp; En Su\u00e8de, avec un taux de reproduction plus \u00e9lev\u00e9 (0,85\/0,9&nbsp;?), on a une division par deux tous les mois, les r\u00e9sultats tr\u00e8s bas obtenus en France vers la mi-mai ne se produisant que vers juillet. Le taux de mortalit\u00e9 par millions d\u2019habitants, qui \u00e9tait plus faible en Su\u00e8de jusqu\u2019en juin, a ensuite d\u00e9pass\u00e9 celui de la France.<\/p>\n\n\n\n<p>L\u2019une des cons\u00e9quences de la lenteur de la d\u00e9croissance est que l\u2019\u00e9conomie su\u00e9doise a \u00e9t\u00e9 fortement touch\u00e9e, plus que celle de la France, et plus que celle des pays voisins.<\/p>\n\n\n\n<p>La deuxi\u00e8me vague a commenc\u00e9 \u00e0 \u00eatre visible dans le courant du mois d\u2019octobre. Elle est encore dans une phase ascendante (ce que ne montrent pas les derniers chiffres car il y a des d\u00e9lais assez long de d\u00e9claration des d\u00e9c\u00e8s en Su\u00e8de, la vue des graphiques peut \u00eatre trompeuse). Il est trop t\u00f4t pour en tirer des comparaisons. Les autres pays scandinaves connaissent \u00e9galement une deuxi\u00e8me vague, \u00e9galement plus faible qu\u2019en Su\u00e8de.<\/p>\n\n\n\n<h2 class=\"wp-block-heading\">Discussion<\/h2>\n\n\n\n<p>Quelle \u00e9valuation peut-on faire de la m\u00e9thode choisie par les Su\u00e9dois&nbsp;?<\/p>\n\n\n\n<p>Premi\u00e8re remarque&nbsp;: elle n\u2019a pas permis de faire mieux que les pays europ\u00e9ens les plus touch\u00e9s par l\u2019\u00e9pid\u00e9mie (Belgique, Angleterre, Italie, France et Espagne).<\/p>\n\n\n\n<p>Au-del\u00e0 de cette remarque, les conclusions sont plus fragiles, tant chaque pays a son histoire. Il suffit de regarder l\u2019importance qu\u2019a eu le rassemblement de Mulhouse en f\u00e9vrier pour la France, ou de comparer la situation en Ile de France et en Bretagne.<\/p>\n\n\n\n<p>On peut cependant signaler que la Su\u00e8de avait a priori deux caract\u00e9ristiques qui conduisent \u00e0 s\u2019\u00e9tonner qu&rsquo;elle ait eu une mortalit\u00e9 si \u00e9lev\u00e9e<\/p>\n\n\n\n<ul class=\"wp-block-list\"><li>Ses voisins (Norv\u00e8ge, Danemark et Finlande) ont eu une mortalit\u00e9 beaucoup plus basse qu\u2019elle (quand la France est entour\u00e9e de pays qui ont \u00e9t\u00e9 tr\u00e8s touch\u00e9s)<\/li><li>Elle a une faible densit\u00e9 de population&nbsp;: presque aussi grande que la France, mais avec 6 fois moins d\u2019habitants. La capitale fait moins d\u2019un million d\u2019habitants sur un territoire double de celui de Paris. Or, l\u2019\u00e9pid\u00e9mie a touch\u00e9 en priorit\u00e9 les grandes villes tr\u00e8s denses et connect\u00e9es au monde entier&nbsp;: New York, Londres, Paris ou la Lombardie. On comprend que dans les villes tr\u00e8s denses, chacun a plus de contacts que dans des zones tr\u00e8s peu peupl\u00e9es (que ce soit la Creuse ou le Nord de la Su\u00e8de)<\/li><\/ul>\n\n\n\n<p>Par ailleurs, toutes les enqu\u00eates montrent depuis des d\u00e9cennies que les Su\u00e9dois ont plus confiance en leur gouvernement que les Fran\u00e7ais, et suivent mieux les consignes (ce qui ne veut pas dire qu\u2019ils les suivent tous&nbsp;!). Qui pense vraiment qu\u2019il suffisait de recommander aux Fran\u00e7ais d\u2019appliquer plus strictement les gestes barri\u00e8res pour qu\u2019ils le fassent&nbsp;? Apr\u00e8s tout, les discours d\u2019alertes r\u00e9p\u00e9t\u00e9s n\u2019ont pas emp\u00each\u00e9 un taux de reproduction sup\u00e9rieur \u00e0 1 pendant tout l\u2019\u00e9t\u00e9&nbsp;!<\/p>\n","protected":false},"excerpt":{"rendered":"<p>Les adversaires du confinement font souvent r\u00e9f\u00e9rence \u00e0 la Su\u00e8de qui aurait eu de bons r\u00e9sultats contre le Covid sans recours \u00e0 des mesures autoritaires, et ne connaitrait pas de deuxi\u00e8me vague parce qu\u2019elle a fait confiance \u00e0 l\u2019immunit\u00e9 collective. La r\u00e9alit\u00e9 est assez \u00e9loign\u00e9e de cette description idyllique&nbsp;! Les&#8230;<\/p>\n","protected":false},"author":11,"featured_media":2736,"comment_status":"open","ping_status":"open","sticky":false,"template":"","format":"standard","meta":{"om_disable_all_campaigns":false,"_monsterinsights_skip_tracking":false,"_monsterinsights_sitenote_active":false,"_monsterinsights_sitenote_note":"","_monsterinsights_sitenote_category":0,"_uf_show_specific_survey":0,"_uf_disable_surveys":false,"footnotes":""},"categories":[53,60],"tags":[],"class_list":["post-2723","post","type-post","status-publish","format-standard","has-post-thumbnail","hentry","category-analyses","category-sante","entry","simple"],"yoast_head":"<!-- This site is optimized with the Yoast SEO plugin v25.6 - https:\/\/yoast.com\/wordpress\/plugins\/seo\/ -->\n<title>B\u00eatisier #6 : faisons comme les Su\u00e9dois ! - La Gazette<\/title>\n<meta name=\"robots\" content=\"index, follow, max-snippet:-1, max-image-preview:large, max-video-preview:-1\" \/>\n<link rel=\"canonical\" href=\"https:\/\/sceaux-lagazette.fr\/index.php\/2020\/12\/09\/betisier-6-faisons-comme-les-suedois\/\" \/>\n<meta property=\"og:locale\" content=\"fr_FR\" \/>\n<meta property=\"og:type\" content=\"article\" \/>\n<meta property=\"og:title\" content=\"B\u00eatisier #6 : faisons comme les Su\u00e9dois ! - La Gazette\" \/>\n<meta property=\"og:description\" content=\"Les adversaires du confinement font souvent r\u00e9f\u00e9rence \u00e0 la Su\u00e8de qui aurait eu de bons r\u00e9sultats contre le Covid sans recours \u00e0 des mesures autoritaires, et ne connaitrait pas de deuxi\u00e8me vague parce qu\u2019elle a fait confiance \u00e0 l\u2019immunit\u00e9 collective. La r\u00e9alit\u00e9 est assez \u00e9loign\u00e9e de cette description idyllique&nbsp;! Les&#8230;\" \/>\n<meta property=\"og:url\" content=\"https:\/\/sceaux-lagazette.fr\/index.php\/2020\/12\/09\/betisier-6-faisons-comme-les-suedois\/\" \/>\n<meta property=\"og:site_name\" content=\"La Gazette\" \/>\n<meta property=\"article:published_time\" content=\"2020-12-09T10:50:44+00:00\" \/>\n<meta property=\"og:image\" content=\"https:\/\/sceaux-lagazette.fr\/wp-content\/uploads\/2020\/12\/drapeau-suede-suedois-145-cm-x-90-cm.jpg\" \/>\n\t<meta property=\"og:image:width\" content=\"700\" \/>\n\t<meta property=\"og:image:height\" content=\"700\" \/>\n\t<meta property=\"og:image:type\" content=\"image\/jpeg\" \/>\n<meta name=\"author\" content=\"G\u00e9rard Bardier\" \/>\n<meta name=\"twitter:card\" content=\"summary_large_image\" \/>\n<meta name=\"twitter:label1\" content=\"\u00c9crit par\" \/>\n\t<meta name=\"twitter:data1\" content=\"G\u00e9rard Bardier\" \/>\n\t<meta name=\"twitter:label2\" content=\"Dur\u00e9e de lecture estim\u00e9e\" \/>\n\t<meta name=\"twitter:data2\" content=\"5 minutes\" \/>\n<script type=\"application\/ld+json\" class=\"yoast-schema-graph\">{\"@context\":\"https:\/\/schema.org\",\"@graph\":[{\"@type\":\"Article\",\"@id\":\"https:\/\/sceaux-lagazette.fr\/index.php\/2020\/12\/09\/betisier-6-faisons-comme-les-suedois\/#article\",\"isPartOf\":{\"@id\":\"https:\/\/sceaux-lagazette.fr\/index.php\/2020\/12\/09\/betisier-6-faisons-comme-les-suedois\/\"},\"author\":{\"name\":\"G\u00e9rard Bardier\",\"@id\":\"https:\/\/sceaux-lagazette.fr\/#\/schema\/person\/5650e206a121f68c6f5e76379bccfbc4\"},\"headline\":\"B\u00eatisier #6 : faisons comme les Su\u00e9dois !\",\"datePublished\":\"2020-12-09T10:50:44+00:00\",\"mainEntityOfPage\":{\"@id\":\"https:\/\/sceaux-lagazette.fr\/index.php\/2020\/12\/09\/betisier-6-faisons-comme-les-suedois\/\"},\"wordCount\":956,\"commentCount\":0,\"publisher\":{\"@id\":\"https:\/\/sceaux-lagazette.fr\/#organization\"},\"image\":{\"@id\":\"https:\/\/sceaux-lagazette.fr\/index.php\/2020\/12\/09\/betisier-6-faisons-comme-les-suedois\/#primaryimage\"},\"thumbnailUrl\":\"https:\/\/sceaux-lagazette.fr\/wp-content\/uploads\/2020\/12\/drapeau-suede-suedois-145-cm-x-90-cm.jpg\",\"articleSection\":[\"Analyses\",\"Sant\u00e9\"],\"inLanguage\":\"fr-FR\",\"potentialAction\":[{\"@type\":\"CommentAction\",\"name\":\"Comment\",\"target\":[\"https:\/\/sceaux-lagazette.fr\/index.php\/2020\/12\/09\/betisier-6-faisons-comme-les-suedois\/#respond\"]}]},{\"@type\":\"WebPage\",\"@id\":\"https:\/\/sceaux-lagazette.fr\/index.php\/2020\/12\/09\/betisier-6-faisons-comme-les-suedois\/\",\"url\":\"https:\/\/sceaux-lagazette.fr\/index.php\/2020\/12\/09\/betisier-6-faisons-comme-les-suedois\/\",\"name\":\"B\u00eatisier #6 : faisons comme les Su\u00e9dois ! - La Gazette\",\"isPartOf\":{\"@id\":\"https:\/\/sceaux-lagazette.fr\/#website\"},\"primaryImageOfPage\":{\"@id\":\"https:\/\/sceaux-lagazette.fr\/index.php\/2020\/12\/09\/betisier-6-faisons-comme-les-suedois\/#primaryimage\"},\"image\":{\"@id\":\"https:\/\/sceaux-lagazette.fr\/index.php\/2020\/12\/09\/betisier-6-faisons-comme-les-suedois\/#primaryimage\"},\"thumbnailUrl\":\"https:\/\/sceaux-lagazette.fr\/wp-content\/uploads\/2020\/12\/drapeau-suede-suedois-145-cm-x-90-cm.jpg\",\"datePublished\":\"2020-12-09T10:50:44+00:00\",\"breadcrumb\":{\"@id\":\"https:\/\/sceaux-lagazette.fr\/index.php\/2020\/12\/09\/betisier-6-faisons-comme-les-suedois\/#breadcrumb\"},\"inLanguage\":\"fr-FR\",\"potentialAction\":[{\"@type\":\"ReadAction\",\"target\":[\"https:\/\/sceaux-lagazette.fr\/index.php\/2020\/12\/09\/betisier-6-faisons-comme-les-suedois\/\"]}]},{\"@type\":\"ImageObject\",\"inLanguage\":\"fr-FR\",\"@id\":\"https:\/\/sceaux-lagazette.fr\/index.php\/2020\/12\/09\/betisier-6-faisons-comme-les-suedois\/#primaryimage\",\"url\":\"https:\/\/sceaux-lagazette.fr\/wp-content\/uploads\/2020\/12\/drapeau-suede-suedois-145-cm-x-90-cm.jpg\",\"contentUrl\":\"https:\/\/sceaux-lagazette.fr\/wp-content\/uploads\/2020\/12\/drapeau-suede-suedois-145-cm-x-90-cm.jpg\",\"width\":700,\"height\":700},{\"@type\":\"BreadcrumbList\",\"@id\":\"https:\/\/sceaux-lagazette.fr\/index.php\/2020\/12\/09\/betisier-6-faisons-comme-les-suedois\/#breadcrumb\",\"itemListElement\":[{\"@type\":\"ListItem\",\"position\":1,\"name\":\"Accueil\",\"item\":\"https:\/\/sceaux-lagazette.fr\/\"},{\"@type\":\"ListItem\",\"position\":2,\"name\":\"B\u00eatisier #6 : faisons comme les Su\u00e9dois !\"}]},{\"@type\":\"WebSite\",\"@id\":\"https:\/\/sceaux-lagazette.fr\/#website\",\"url\":\"https:\/\/sceaux-lagazette.fr\/\",\"name\":\"La Gazette\",\"description\":\"Bourg-la-Reine, Ch\u00e2tenay, Fontenay, Sceaux\",\"publisher\":{\"@id\":\"https:\/\/sceaux-lagazette.fr\/#organization\"},\"potentialAction\":[{\"@type\":\"SearchAction\",\"target\":{\"@type\":\"EntryPoint\",\"urlTemplate\":\"https:\/\/sceaux-lagazette.fr\/?s={search_term_string}\"},\"query-input\":{\"@type\":\"PropertyValueSpecification\",\"valueRequired\":true,\"valueName\":\"search_term_string\"}}],\"inLanguage\":\"fr-FR\"},{\"@type\":\"Organization\",\"@id\":\"https:\/\/sceaux-lagazette.fr\/#organization\",\"name\":\"La Gazette\",\"url\":\"https:\/\/sceaux-lagazette.fr\/\",\"logo\":{\"@type\":\"ImageObject\",\"inLanguage\":\"fr-FR\",\"@id\":\"https:\/\/sceaux-lagazette.fr\/#\/schema\/logo\/image\/\",\"url\":\"https:\/\/sceaux-lagazette.fr\/wp-content\/uploads\/2025\/08\/Logo-Gazette-Aout-2025-V3.jpg\",\"contentUrl\":\"https:\/\/sceaux-lagazette.fr\/wp-content\/uploads\/2025\/08\/Logo-Gazette-Aout-2025-V3.jpg\",\"width\":525,\"height\":130,\"caption\":\"La Gazette\"},\"image\":{\"@id\":\"https:\/\/sceaux-lagazette.fr\/#\/schema\/logo\/image\/\"}},{\"@type\":\"Person\",\"@id\":\"https:\/\/sceaux-lagazette.fr\/#\/schema\/person\/5650e206a121f68c6f5e76379bccfbc4\",\"name\":\"G\u00e9rard Bardier\",\"image\":{\"@type\":\"ImageObject\",\"inLanguage\":\"fr-FR\",\"@id\":\"https:\/\/sceaux-lagazette.fr\/#\/schema\/person\/image\/\",\"url\":\"https:\/\/secure.gravatar.com\/avatar\/5cf4391ef9dbc0367750202561279a29?s=96&r=g\",\"contentUrl\":\"https:\/\/secure.gravatar.com\/avatar\/5cf4391ef9dbc0367750202561279a29?s=96&r=g\",\"caption\":\"G\u00e9rard Bardier\"},\"url\":\"https:\/\/sceaux-lagazette.fr\/index.php\/author\/gb\/\"}]}<\/script>\n<!-- \/ Yoast SEO plugin. -->","yoast_head_json":{"title":"B\u00eatisier #6 : faisons comme les Su\u00e9dois ! - La Gazette","robots":{"index":"index","follow":"follow","max-snippet":"max-snippet:-1","max-image-preview":"max-image-preview:large","max-video-preview":"max-video-preview:-1"},"canonical":"https:\/\/sceaux-lagazette.fr\/index.php\/2020\/12\/09\/betisier-6-faisons-comme-les-suedois\/","og_locale":"fr_FR","og_type":"article","og_title":"B\u00eatisier #6 : faisons comme les Su\u00e9dois ! - La Gazette","og_description":"Les adversaires du confinement font souvent r\u00e9f\u00e9rence \u00e0 la Su\u00e8de qui aurait eu de bons r\u00e9sultats contre le Covid sans recours \u00e0 des mesures autoritaires, et ne connaitrait pas de deuxi\u00e8me vague parce qu\u2019elle a fait confiance \u00e0 l\u2019immunit\u00e9 collective. La r\u00e9alit\u00e9 est assez \u00e9loign\u00e9e de cette description idyllique&nbsp;! Les&#8230;","og_url":"https:\/\/sceaux-lagazette.fr\/index.php\/2020\/12\/09\/betisier-6-faisons-comme-les-suedois\/","og_site_name":"La Gazette","article_published_time":"2020-12-09T10:50:44+00:00","og_image":[{"width":700,"height":700,"url":"https:\/\/sceaux-lagazette.fr\/wp-content\/uploads\/2020\/12\/drapeau-suede-suedois-145-cm-x-90-cm.jpg","type":"image\/jpeg"}],"author":"G\u00e9rard Bardier","twitter_card":"summary_large_image","twitter_misc":{"\u00c9crit par":"G\u00e9rard Bardier","Dur\u00e9e de lecture estim\u00e9e":"5 minutes"},"schema":{"@context":"https:\/\/schema.org","@graph":[{"@type":"Article","@id":"https:\/\/sceaux-lagazette.fr\/index.php\/2020\/12\/09\/betisier-6-faisons-comme-les-suedois\/#article","isPartOf":{"@id":"https:\/\/sceaux-lagazette.fr\/index.php\/2020\/12\/09\/betisier-6-faisons-comme-les-suedois\/"},"author":{"name":"G\u00e9rard Bardier","@id":"https:\/\/sceaux-lagazette.fr\/#\/schema\/person\/5650e206a121f68c6f5e76379bccfbc4"},"headline":"B\u00eatisier #6 : faisons comme les Su\u00e9dois !","datePublished":"2020-12-09T10:50:44+00:00","mainEntityOfPage":{"@id":"https:\/\/sceaux-lagazette.fr\/index.php\/2020\/12\/09\/betisier-6-faisons-comme-les-suedois\/"},"wordCount":956,"commentCount":0,"publisher":{"@id":"https:\/\/sceaux-lagazette.fr\/#organization"},"image":{"@id":"https:\/\/sceaux-lagazette.fr\/index.php\/2020\/12\/09\/betisier-6-faisons-comme-les-suedois\/#primaryimage"},"thumbnailUrl":"https:\/\/sceaux-lagazette.fr\/wp-content\/uploads\/2020\/12\/drapeau-suede-suedois-145-cm-x-90-cm.jpg","articleSection":["Analyses","Sant\u00e9"],"inLanguage":"fr-FR","potentialAction":[{"@type":"CommentAction","name":"Comment","target":["https:\/\/sceaux-lagazette.fr\/index.php\/2020\/12\/09\/betisier-6-faisons-comme-les-suedois\/#respond"]}]},{"@type":"WebPage","@id":"https:\/\/sceaux-lagazette.fr\/index.php\/2020\/12\/09\/betisier-6-faisons-comme-les-suedois\/","url":"https:\/\/sceaux-lagazette.fr\/index.php\/2020\/12\/09\/betisier-6-faisons-comme-les-suedois\/","name":"B\u00eatisier #6 : faisons comme les Su\u00e9dois ! - La Gazette","isPartOf":{"@id":"https:\/\/sceaux-lagazette.fr\/#website"},"primaryImageOfPage":{"@id":"https:\/\/sceaux-lagazette.fr\/index.php\/2020\/12\/09\/betisier-6-faisons-comme-les-suedois\/#primaryimage"},"image":{"@id":"https:\/\/sceaux-lagazette.fr\/index.php\/2020\/12\/09\/betisier-6-faisons-comme-les-suedois\/#primaryimage"},"thumbnailUrl":"https:\/\/sceaux-lagazette.fr\/wp-content\/uploads\/2020\/12\/drapeau-suede-suedois-145-cm-x-90-cm.jpg","datePublished":"2020-12-09T10:50:44+00:00","breadcrumb":{"@id":"https:\/\/sceaux-lagazette.fr\/index.php\/2020\/12\/09\/betisier-6-faisons-comme-les-suedois\/#breadcrumb"},"inLanguage":"fr-FR","potentialAction":[{"@type":"ReadAction","target":["https:\/\/sceaux-lagazette.fr\/index.php\/2020\/12\/09\/betisier-6-faisons-comme-les-suedois\/"]}]},{"@type":"ImageObject","inLanguage":"fr-FR","@id":"https:\/\/sceaux-lagazette.fr\/index.php\/2020\/12\/09\/betisier-6-faisons-comme-les-suedois\/#primaryimage","url":"https:\/\/sceaux-lagazette.fr\/wp-content\/uploads\/2020\/12\/drapeau-suede-suedois-145-cm-x-90-cm.jpg","contentUrl":"https:\/\/sceaux-lagazette.fr\/wp-content\/uploads\/2020\/12\/drapeau-suede-suedois-145-cm-x-90-cm.jpg","width":700,"height":700},{"@type":"BreadcrumbList","@id":"https:\/\/sceaux-lagazette.fr\/index.php\/2020\/12\/09\/betisier-6-faisons-comme-les-suedois\/#breadcrumb","itemListElement":[{"@type":"ListItem","position":1,"name":"Accueil","item":"https:\/\/sceaux-lagazette.fr\/"},{"@type":"ListItem","position":2,"name":"B\u00eatisier #6 : faisons comme les Su\u00e9dois !"}]},{"@type":"WebSite","@id":"https:\/\/sceaux-lagazette.fr\/#website","url":"https:\/\/sceaux-lagazette.fr\/","name":"La Gazette","description":"Bourg-la-Reine, Ch\u00e2tenay, Fontenay, Sceaux","publisher":{"@id":"https:\/\/sceaux-lagazette.fr\/#organization"},"potentialAction":[{"@type":"SearchAction","target":{"@type":"EntryPoint","urlTemplate":"https:\/\/sceaux-lagazette.fr\/?s={search_term_string}"},"query-input":{"@type":"PropertyValueSpecification","valueRequired":true,"valueName":"search_term_string"}}],"inLanguage":"fr-FR"},{"@type":"Organization","@id":"https:\/\/sceaux-lagazette.fr\/#organization","name":"La Gazette","url":"https:\/\/sceaux-lagazette.fr\/","logo":{"@type":"ImageObject","inLanguage":"fr-FR","@id":"https:\/\/sceaux-lagazette.fr\/#\/schema\/logo\/image\/","url":"https:\/\/sceaux-lagazette.fr\/wp-content\/uploads\/2025\/08\/Logo-Gazette-Aout-2025-V3.jpg","contentUrl":"https:\/\/sceaux-lagazette.fr\/wp-content\/uploads\/2025\/08\/Logo-Gazette-Aout-2025-V3.jpg","width":525,"height":130,"caption":"La Gazette"},"image":{"@id":"https:\/\/sceaux-lagazette.fr\/#\/schema\/logo\/image\/"}},{"@type":"Person","@id":"https:\/\/sceaux-lagazette.fr\/#\/schema\/person\/5650e206a121f68c6f5e76379bccfbc4","name":"G\u00e9rard Bardier","image":{"@type":"ImageObject","inLanguage":"fr-FR","@id":"https:\/\/sceaux-lagazette.fr\/#\/schema\/person\/image\/","url":"https:\/\/secure.gravatar.com\/avatar\/5cf4391ef9dbc0367750202561279a29?s=96&r=g","contentUrl":"https:\/\/secure.gravatar.com\/avatar\/5cf4391ef9dbc0367750202561279a29?s=96&r=g","caption":"G\u00e9rard Bardier"},"url":"https:\/\/sceaux-lagazette.fr\/index.php\/author\/gb\/"}]}},"cc_featured_image_caption":{"caption_text":false,"source_text":false,"source_url":false},"_links":{"self":[{"href":"https:\/\/sceaux-lagazette.fr\/index.php\/wp-json\/wp\/v2\/posts\/2723"}],"collection":[{"href":"https:\/\/sceaux-lagazette.fr\/index.php\/wp-json\/wp\/v2\/posts"}],"about":[{"href":"https:\/\/sceaux-lagazette.fr\/index.php\/wp-json\/wp\/v2\/types\/post"}],"author":[{"embeddable":true,"href":"https:\/\/sceaux-lagazette.fr\/index.php\/wp-json\/wp\/v2\/users\/11"}],"replies":[{"embeddable":true,"href":"https:\/\/sceaux-lagazette.fr\/index.php\/wp-json\/wp\/v2\/comments?post=2723"}],"version-history":[{"count":2,"href":"https:\/\/sceaux-lagazette.fr\/index.php\/wp-json\/wp\/v2\/posts\/2723\/revisions"}],"predecessor-version":[{"id":2737,"href":"https:\/\/sceaux-lagazette.fr\/index.php\/wp-json\/wp\/v2\/posts\/2723\/revisions\/2737"}],"wp:featuredmedia":[{"embeddable":true,"href":"https:\/\/sceaux-lagazette.fr\/index.php\/wp-json\/wp\/v2\/media\/2736"}],"wp:attachment":[{"href":"https:\/\/sceaux-lagazette.fr\/index.php\/wp-json\/wp\/v2\/media?parent=2723"}],"wp:term":[{"taxonomy":"category","embeddable":true,"href":"https:\/\/sceaux-lagazette.fr\/index.php\/wp-json\/wp\/v2\/categories?post=2723"},{"taxonomy":"post_tag","embeddable":true,"href":"https:\/\/sceaux-lagazette.fr\/index.php\/wp-json\/wp\/v2\/tags?post=2723"}],"curies":[{"name":"wp","href":"https:\/\/api.w.org\/{rel}","templated":true}]}}