{"id":2663,"date":"2020-12-02T09:02:25","date_gmt":"2020-12-02T08:02:25","guid":{"rendered":"https:\/\/sceaux-lagazette.fr\/?p=2663"},"modified":"2020-12-05T09:36:19","modified_gmt":"2020-12-05T08:36:19","slug":"betisier-4-les-rares-victimes-allaient-mourir-bientot-de-toutes-manieres","status":"publish","type":"post","link":"https:\/\/sceaux-lagazette.fr\/index.php\/2020\/12\/02\/betisier-4-les-rares-victimes-allaient-mourir-bientot-de-toutes-manieres\/","title":{"rendered":"B\u00eatisier # 4 les rares victimes allaient mourir bient\u00f4t de toutes mani\u00e8res"},"content":{"rendered":"\n<p>C\u2019est l\u2019un des arguments majeurs de ceux qui trouvent largement exag\u00e9r\u00e9es les mesures prises pour emp\u00eacher que l\u2019\u00e9pid\u00e9mie ne d\u00e9borde les h\u00f4pitaux&nbsp;: ceux qui meurent sont <a href=\"https:\/\/twitter.com\/ArteDesintox\/status\/1331321689913757696\" target=\"_blank\" rel=\"noreferrer noopener\">des vieux <\/a>qui n\u2019avaient de toute mani\u00e8re <a href=\"https:\/\/www.francetvinfo.fr\/sante\/maladie\/coronavirus\/confinement\/desintox-covid-19-non-les-personnes-decedees-ne-seraient-pas-mortes-de-toute-facon-dans-l-annee_4194865.html\" target=\"_blank\" rel=\"noreferrer noopener\">que quelques mois \u00e0 vivre<\/a>. Et d\u2019ajouter deux arguments pour appuyer leur th\u00e8se&nbsp;: la moyenne d\u2019\u00e2ge des morts de la Covid est de 82 ans (ce qui est \u00e0 peu pr\u00e8s l\u2019esp\u00e9rance de vie actuellement) et une grande partie de ceux qui d\u00e9c\u00e8dent ont des comorbidit\u00e9s (hypertension, diab\u00e8te, ob\u00e9sit\u00e9, cancer\u2026) qui les d\u00e9signaient manifestement pour un d\u00e9c\u00e8s proche.<\/p>\n\n\n\n<h2 class=\"wp-block-heading\">Ma m\u00e8re a-t-elle le droit de vivre&nbsp;?<\/h2>\n\n\n\n<p>En dehors des arguments rationnels expos\u00e9s plus bas, veut-on d\u2019une soci\u00e9t\u00e9 bas\u00e9e sur \u00ab&nbsp;<em>laissons mourir les vieux plut\u00f4t que de nous obliger \u00e0 des contraintes<\/em>&nbsp;\u00bb&nbsp;? Sur le sujet, le mieux est de citer <a href=\"https:\/\/twitter.com\/Grompf3\/status\/1330608730187198466\" target=\"_blank\" rel=\"noreferrer noopener\">ce t\u00e9moignage<\/a> parmi beaucoup d\u2019autres, d\u2019un citoyen lambda, qui, apr\u00e8s avoir \u00e9voqu\u00e9 la situation de sa vieille dame de m\u00e8re, \u00e9crit&nbsp;:<\/p>\n\n\n\n<p><em>Je vois plein de gens qui racontent que la mort d&rsquo;un petit vieux ou d&rsquo;une petite vieille, ce n&rsquo;est pas si grave que \u00e7a. Et je me demande. Ces gens-l\u00e0, ils ont eu une m\u00e8re ? Ou ils ont \u00e9t\u00e9 fabriqu\u00e9s en laboratoire, comme dans \u00ab\u00a0Le Meilleur des Mondes\u00a0\u00bb d&rsquo;Aldous Huxley ? Qu&rsquo;une vieille dame au c\u0153ur fragile puisse mourir d&rsquo;un moment \u00e0 l&rsquo;autre, \u00e7a, OK. Mais qu&rsquo;on pr\u00f4ne ouvertement l&rsquo;id\u00e9e que laisser crever nos petits vieux, \u00e7a ne serait pas un drame&#8230; D&rsquo;o\u00f9 sortent ces gens ? Qu&rsquo;est-ce que leur m\u00e8re leur a fait ?<\/em><\/p>\n\n\n\n<p>Certains pensent peut-\u00eatre que l\u2019attention aux vieux est une d\u00e9rive de notre soci\u00e9t\u00e9, comportement qu\u2019on ne pouvait se permettre quand les conditions \u00e9taient plus difficiles. Ils ne savent probablement pas qu\u2019on a d\u00e9couvert (\u00e0 <a href=\"https:\/\/fr.wikipedia.org\/wiki\/La_Chapelle-aux-Saints_1\" target=\"_blank\" rel=\"noreferrer noopener\">la Chapelle aux Saints<\/a> et dans la <a href=\"https:\/\/fr.wikipedia.org\/wiki\/Shanidar\" target=\"_blank\" rel=\"noreferrer noopener\">grotte de Shanidar<\/a>) des restes de n\u00e9andertaliens \u00e2g\u00e9s et ayant surv\u00e9cu \u00e0 de graves blessures les rendant incapables de survivre sans l\u2019aide de leur clan (l\u2019un d\u2019eux ne pouvait manifestement plus marcher). C\u2019\u00e9tait dans les deux cas il y a environ 50&nbsp;000 ans. Ces deux exemples (parmi d\u2019autres) sont consid\u00e9r\u00e9s comme la preuve de <strong>l\u2019humanit\u00e9<\/strong> des n\u00e9andertaliens. Ce serait quoi la n\u00f4tre si elle devait \u00eatre diff\u00e9rente&nbsp;? C\u2019est quoi notre <strong>humanit\u00e9<\/strong>&nbsp;?<\/p>\n\n\n\n<p>Faut il rappeler que l\u2019esp\u00e8ce humaine fait partie de celles qui prot\u00e8gent les individus les plus fragiles, m\u00eame quand ce n\u2019est pas utile \u00e0 l\u2019avenir du groupe&nbsp;?<\/p>\n\n\n\n<h2 class=\"wp-block-heading\">Esp\u00e9rance de vie \u00e0 80 ans<\/h2>\n\n\n\n<p>Le taux de mortalit\u00e9 augmente fortement avec l\u2019\u00e2ge. 53% des personnes d\u00e9c\u00e9d\u00e9es lors de la premi\u00e8re vague avaient au moins 80 ans. Certains en ont rapidement conclu que, puisque l\u2019esp\u00e9rance de vie est de l\u2019ordre de 80 ans en France, la plupart des personnes d\u00e9c\u00e9d\u00e9es seraient mortes de toute mani\u00e8re dans l\u2019ann\u00e9e. Si c\u2019\u00e9tait vrai, on aurait d\u00fb avoir, apr\u00e8s la premi\u00e8re vague, une mortalit\u00e9 nettement plus faible que les ann\u00e9es pr\u00e9c\u00e9dentes, ce qui n\u2019a pas \u00e9t\u00e9 le cas. Comme ont pu le remarquer certains observateurs, ceux qui portent cet argument confondent (volontairement ou par ignorance) esp\u00e9rance de vie \u00e0 la naissance et esp\u00e9rance de vie totale \u00e0 un \u00e2ge donn\u00e9.<\/p>\n\n\n\n<p>Une personne arriv\u00e9e \u00e0 l\u2019\u00e2ge de 80 ans a d\u00e9j\u00e0 \u00e9chapp\u00e9 \u00e0 tout ce qui aurait pu la faire mourir \u00e0 la naissance, \u00e0 5, 25 ou 60 ans. L\u2019esp\u00e9rance de vie calcul\u00e9e tient compte de toutes les personnes qui sont d\u00e9c\u00e9d\u00e9es \u00e0 ces \u00e2ges-l\u00e0, alors qu\u2019elle-m\u00eame appartient au groupe plus restreint des personnes qui d\u00e9c\u00e8deront entre 80 et 122 ans (\u00e2ge du d\u00e9c\u00e8s de Jeanne Calment). Actuellement, l\u2019esp\u00e9rance de vie restante pour un homme de 80 ans est de 9 ans, et pour une femme de 80 ans de 11 ans.<\/p>\n\n\n\n<p>A noter qu\u2019il y a plusieurs si\u00e8cles, les personnes qui avaient surv\u00e9cu \u00e0 la tr\u00e8s forte mortalit\u00e9 infantile, avaient \u00e0 5 ans une esp\u00e9rance de vie restante sup\u00e9rieure \u00e0 l\u2019esp\u00e9rance de vie \u00e0 la naissance&nbsp;!<\/p>\n\n\n\n<h2 class=\"wp-block-heading\">\u00c9tat de sant\u00e9 de la population<\/h2>\n\n\n\n<p>Pour ceux qui minimisent cette pand\u00e9mie, s\u2019ajoutent dans les d\u00e9c\u00e8s tous ceux qui n\u2019ont pas un \u00e2ge avanc\u00e9 mais des \u00ab&nbsp;comorbidit\u00e9s&nbsp;\u00bb, autrement dit des gens dont les jours \u00e9taient compt\u00e9s, eux aussi. Une fois de plus, cet argument montre l\u2019ignorance (ou la mauvaise foi) de ceux qui les mettent en avant. Pour s\u2019en convaincre, il faut regarder l\u2019\u00e9tat de sant\u00e9 des Fran\u00e7ais, tel qu\u2019il ressort des <a href=\"https:\/\/drees.solidarites-sante.gouv.fr\/IMG\/pdf\/esp2017_5_principales_causes_de_deces_et_de_morbidite.pdf\" target=\"_blank\" rel=\"noreferrer noopener\">\u00e9tudes publi\u00e9es par la DREES<\/a>. Voil\u00e0 les r\u00e9ponses des Fran\u00e7ais \u00e0 la question \u00ab&nbsp;Au cours des 12 derniers mois, avez-vous eu une de ces maladies ou probl\u00e8mes de sant\u00e9.<\/p>\n\n\n\n<figure class=\"wp-block-image size-large\"><img decoding=\"async\" width=\"605\" height=\"504\" src=\"https:\/\/sceaux-lagazette.fr\/wp-content\/uploads\/2020\/11\/Etat-de-sant\u00e9-population.png\" alt=\"\" class=\"wp-image-2664\" srcset=\"https:\/\/sceaux-lagazette.fr\/wp-content\/uploads\/2020\/11\/Etat-de-sant\u00e9-population.png 605w, https:\/\/sceaux-lagazette.fr\/wp-content\/uploads\/2020\/11\/Etat-de-sant\u00e9-population-300x250.png 300w\" sizes=\"(max-width: 605px) 100vw, 605px\" \/><\/figure>\n\n\n\n<p>On observe parmi les plus de 65 ans une proportion \u00e9lev\u00e9e de ceux qui d\u00e9clarent l\u2019un ou l\u2019autre des probl\u00e8mes identifi\u00e9s comme comorbidit\u00e9s pour la Covid (hypertension&nbsp;: 35%, autres probl\u00e8mes cardiaques&nbsp;: 12 %, diab\u00e8te&nbsp;: 20 %, maladies pulmonaires&nbsp;: 22 %&#8230;). Dans ce tableau, 12,8 % des plus de 65 ans n\u2019ont aucune pathologie ou probl\u00e8me de sant\u00e9 d\u00e9clar\u00e9&nbsp;: on comprend pourquoi, parmi les victimes de la Covid, il y en a peu qui n\u2019ont pas de comorbidit\u00e9s&nbsp;!<\/p>\n\n\n\n<p>Rappelons que les experts qui ont regard\u00e9 la solution conduisant \u00e0 ne confiner que les Fran\u00e7ais \u00e2g\u00e9es et\/ou fragiles en ont trouv\u00e9 22 millions, un tiers de la population&nbsp;!<\/p>\n\n\n\n<h2 class=\"wp-block-heading\">Individu et collectif<\/h2>\n\n\n\n<p>Le discours sur \u00ab&nbsp;ce sont des vieux qui allaient mourir bient\u00f4t&nbsp;\u00bb refl\u00e8te surtout le point de vue de gens qui ne veulent pas supporter de contraintes leur semblant ne b\u00e9n\u00e9ficier qu\u2019\u00e0 d\u2019autres. C\u2019est en r\u00e9alit\u00e9 la marque d\u2019un individualisme triomphant qui veut rejeter le collectif aux oubliettes. Le m\u00eame individualisme que ceux qui refusent de se faire vacciner de crainte d\u2019un effet secondaire pourtant exceptionnel, et refusent d\u2019entendre que c\u2019est un \u00e9l\u00e9ment cl\u00e9 de l\u2019immunit\u00e9 de groupe.<\/p>\n\n\n\n<p>Au temps des chasseurs cueilleurs, chacun savait que sa survie d\u00e9pendait de celle du groupe. Dans la tradition biblique, les dix commandements valorisent l\u2019individu en s\u2019adressant \u00e0 lui (tu\u2026) mais imm\u00e9diatement pour lui rappeler que les autres comptent chacun autant que lui (tu aimeras ton prochain comme toi-m\u00eame).<\/p>\n\n\n\n<p>Peut-\u00eatre une soci\u00e9t\u00e9 devenue \u00e0 la fois hyper-sp\u00e9cialis\u00e9e, profond\u00e9ment marchande et riche, fait elle oublier \u00e0 certains qu\u2019ils d\u00e9pendent des autres\u00a0? Ceux-l\u00e0 m\u00eame qui ne veulent plus se consacrer qu\u2019\u00e0 leur \u00e9go\u00a0?<\/p>\n\n\n\n<p>Sur le m\u00eame sujet :<\/p>\n\n\n\n<ul class=\"wp-block-list\"><li>Covid : faire bonne mesure<\/li><li>Le confinement: mor(S)ceaux choisis<\/li><li>B\u00eatisier 1 : Pas plus de morts qu&rsquo;avec les trottinettes<\/li><li>B\u00eatisier 2 : On nous cache tout, on nous dit rien<\/li><li>B\u00eatisier 3 : L\u2019\u00e9pid\u00e9mie s&rsquo;\u00e9teindra toute seule<\/li><li>B\u00eatisier 5 : On dispose d&rsquo;un traitement<a rel=\"noreferrer noopener\" href=\"https:\/\/sceaux-lagazette.fr\/index.php\/2020\/12\/02\/betisier-4-les-rares-victimes-allaient-mourir-bientot-de-toutes-manieres\/\" target=\"_blank\"> <\/a><a href=\"https:\/\/sceaux-lagazette.fr\/index.php\/2020\/12\/05\/betisier-5-on-dispose-dun-traitement-efficace-quon-interdit-de-prescrire\/\" target=\"_blank\" rel=\"noreferrer noopener\">efficace qu&rsquo;on interdit de prescrire<\/a><\/li><\/ul>\n\n\n\n<p><\/p>\n","protected":false},"excerpt":{"rendered":"<p>C\u2019est l\u2019un des arguments majeurs de ceux qui trouvent largement exag\u00e9r\u00e9es les mesures prises pour emp\u00eacher que l\u2019\u00e9pid\u00e9mie ne d\u00e9borde les h\u00f4pitaux&nbsp;: ceux qui meurent sont des vieux qui n\u2019avaient de toute mani\u00e8re que quelques mois \u00e0 vivre. Et d\u2019ajouter deux arguments pour appuyer leur th\u00e8se&nbsp;: la moyenne d\u2019\u00e2ge des&#8230;<\/p>\n","protected":false},"author":11,"featured_media":2665,"comment_status":"open","ping_status":"open","sticky":false,"template":"","format":"standard","meta":{"om_disable_all_campaigns":false,"_monsterinsights_skip_tracking":false,"_monsterinsights_sitenote_active":false,"_monsterinsights_sitenote_note":"","_monsterinsights_sitenote_category":0,"_uf_show_specific_survey":0,"_uf_disable_surveys":false,"footnotes":""},"categories":[53,60],"tags":[],"class_list":["post-2663","post","type-post","status-publish","format-standard","has-post-thumbnail","hentry","category-analyses","category-sante","entry","simple"],"yoast_head":"<!-- This site is optimized with the Yoast SEO plugin v25.6 - https:\/\/yoast.com\/wordpress\/plugins\/seo\/ -->\n<title>B\u00eatisier # 4 les rares victimes allaient mourir bient\u00f4t de toutes mani\u00e8res - La Gazette<\/title>\n<meta name=\"robots\" content=\"index, follow, max-snippet:-1, max-image-preview:large, max-video-preview:-1\" \/>\n<link rel=\"canonical\" href=\"https:\/\/sceaux-lagazette.fr\/index.php\/2020\/12\/02\/betisier-4-les-rares-victimes-allaient-mourir-bientot-de-toutes-manieres\/\" \/>\n<meta property=\"og:locale\" content=\"fr_FR\" \/>\n<meta property=\"og:type\" content=\"article\" \/>\n<meta property=\"og:title\" content=\"B\u00eatisier # 4 les rares victimes allaient mourir bient\u00f4t de toutes mani\u00e8res - La Gazette\" \/>\n<meta property=\"og:description\" content=\"C\u2019est l\u2019un des arguments majeurs de ceux qui trouvent largement exag\u00e9r\u00e9es les mesures prises pour emp\u00eacher que l\u2019\u00e9pid\u00e9mie ne d\u00e9borde les h\u00f4pitaux&nbsp;: ceux qui meurent sont des vieux qui n\u2019avaient de toute mani\u00e8re que quelques mois \u00e0 vivre. Et d\u2019ajouter deux arguments pour appuyer leur th\u00e8se&nbsp;: la moyenne d\u2019\u00e2ge des&#8230;\" \/>\n<meta property=\"og:url\" content=\"https:\/\/sceaux-lagazette.fr\/index.php\/2020\/12\/02\/betisier-4-les-rares-victimes-allaient-mourir-bientot-de-toutes-manieres\/\" \/>\n<meta property=\"og:site_name\" content=\"La Gazette\" \/>\n<meta property=\"article:published_time\" content=\"2020-12-02T08:02:25+00:00\" \/>\n<meta property=\"article:modified_time\" content=\"2020-12-05T08:36:19+00:00\" \/>\n<meta property=\"og:image\" content=\"https:\/\/sceaux-lagazette.fr\/wp-content\/uploads\/2020\/11\/60-aide-\u00e0-domicile.jpg\" \/>\n\t<meta property=\"og:image:width\" content=\"720\" \/>\n\t<meta property=\"og:image:height\" content=\"480\" \/>\n\t<meta property=\"og:image:type\" content=\"image\/jpeg\" \/>\n<meta name=\"author\" content=\"G\u00e9rard Bardier\" \/>\n<meta name=\"twitter:card\" content=\"summary_large_image\" \/>\n<meta name=\"twitter:label1\" content=\"\u00c9crit par\" \/>\n\t<meta name=\"twitter:data1\" content=\"G\u00e9rard Bardier\" \/>\n\t<meta name=\"twitter:label2\" content=\"Dur\u00e9e de lecture estim\u00e9e\" \/>\n\t<meta name=\"twitter:data2\" content=\"6 minutes\" \/>\n<script type=\"application\/ld+json\" class=\"yoast-schema-graph\">{\"@context\":\"https:\/\/schema.org\",\"@graph\":[{\"@type\":\"Article\",\"@id\":\"https:\/\/sceaux-lagazette.fr\/index.php\/2020\/12\/02\/betisier-4-les-rares-victimes-allaient-mourir-bientot-de-toutes-manieres\/#article\",\"isPartOf\":{\"@id\":\"https:\/\/sceaux-lagazette.fr\/index.php\/2020\/12\/02\/betisier-4-les-rares-victimes-allaient-mourir-bientot-de-toutes-manieres\/\"},\"author\":{\"name\":\"G\u00e9rard Bardier\",\"@id\":\"https:\/\/sceaux-lagazette.fr\/#\/schema\/person\/5650e206a121f68c6f5e76379bccfbc4\"},\"headline\":\"B\u00eatisier # 4 les rares victimes allaient mourir bient\u00f4t de toutes mani\u00e8res\",\"datePublished\":\"2020-12-02T08:02:25+00:00\",\"dateModified\":\"2020-12-05T08:36:19+00:00\",\"mainEntityOfPage\":{\"@id\":\"https:\/\/sceaux-lagazette.fr\/index.php\/2020\/12\/02\/betisier-4-les-rares-victimes-allaient-mourir-bientot-de-toutes-manieres\/\"},\"wordCount\":1224,\"commentCount\":2,\"publisher\":{\"@id\":\"https:\/\/sceaux-lagazette.fr\/#organization\"},\"image\":{\"@id\":\"https:\/\/sceaux-lagazette.fr\/index.php\/2020\/12\/02\/betisier-4-les-rares-victimes-allaient-mourir-bientot-de-toutes-manieres\/#primaryimage\"},\"thumbnailUrl\":\"https:\/\/sceaux-lagazette.fr\/wp-content\/uploads\/2020\/11\/60-aide-\u00e0-domicile.jpg\",\"articleSection\":[\"Analyses\",\"Sant\u00e9\"],\"inLanguage\":\"fr-FR\",\"potentialAction\":[{\"@type\":\"CommentAction\",\"name\":\"Comment\",\"target\":[\"https:\/\/sceaux-lagazette.fr\/index.php\/2020\/12\/02\/betisier-4-les-rares-victimes-allaient-mourir-bientot-de-toutes-manieres\/#respond\"]}]},{\"@type\":\"WebPage\",\"@id\":\"https:\/\/sceaux-lagazette.fr\/index.php\/2020\/12\/02\/betisier-4-les-rares-victimes-allaient-mourir-bientot-de-toutes-manieres\/\",\"url\":\"https:\/\/sceaux-lagazette.fr\/index.php\/2020\/12\/02\/betisier-4-les-rares-victimes-allaient-mourir-bientot-de-toutes-manieres\/\",\"name\":\"B\u00eatisier # 4 les rares victimes allaient mourir bient\u00f4t de toutes mani\u00e8res - La Gazette\",\"isPartOf\":{\"@id\":\"https:\/\/sceaux-lagazette.fr\/#website\"},\"primaryImageOfPage\":{\"@id\":\"https:\/\/sceaux-lagazette.fr\/index.php\/2020\/12\/02\/betisier-4-les-rares-victimes-allaient-mourir-bientot-de-toutes-manieres\/#primaryimage\"},\"image\":{\"@id\":\"https:\/\/sceaux-lagazette.fr\/index.php\/2020\/12\/02\/betisier-4-les-rares-victimes-allaient-mourir-bientot-de-toutes-manieres\/#primaryimage\"},\"thumbnailUrl\":\"https:\/\/sceaux-lagazette.fr\/wp-content\/uploads\/2020\/11\/60-aide-\u00e0-domicile.jpg\",\"datePublished\":\"2020-12-02T08:02:25+00:00\",\"dateModified\":\"2020-12-05T08:36:19+00:00\",\"breadcrumb\":{\"@id\":\"https:\/\/sceaux-lagazette.fr\/index.php\/2020\/12\/02\/betisier-4-les-rares-victimes-allaient-mourir-bientot-de-toutes-manieres\/#breadcrumb\"},\"inLanguage\":\"fr-FR\",\"potentialAction\":[{\"@type\":\"ReadAction\",\"target\":[\"https:\/\/sceaux-lagazette.fr\/index.php\/2020\/12\/02\/betisier-4-les-rares-victimes-allaient-mourir-bientot-de-toutes-manieres\/\"]}]},{\"@type\":\"ImageObject\",\"inLanguage\":\"fr-FR\",\"@id\":\"https:\/\/sceaux-lagazette.fr\/index.php\/2020\/12\/02\/betisier-4-les-rares-victimes-allaient-mourir-bientot-de-toutes-manieres\/#primaryimage\",\"url\":\"https:\/\/sceaux-lagazette.fr\/wp-content\/uploads\/2020\/11\/60-aide-\u00e0-domicile.jpg\",\"contentUrl\":\"https:\/\/sceaux-lagazette.fr\/wp-content\/uploads\/2020\/11\/60-aide-\u00e0-domicile.jpg\",\"width\":720,\"height\":480},{\"@type\":\"BreadcrumbList\",\"@id\":\"https:\/\/sceaux-lagazette.fr\/index.php\/2020\/12\/02\/betisier-4-les-rares-victimes-allaient-mourir-bientot-de-toutes-manieres\/#breadcrumb\",\"itemListElement\":[{\"@type\":\"ListItem\",\"position\":1,\"name\":\"Accueil\",\"item\":\"https:\/\/sceaux-lagazette.fr\/\"},{\"@type\":\"ListItem\",\"position\":2,\"name\":\"B\u00eatisier # 4 les rares victimes allaient mourir bient\u00f4t de toutes mani\u00e8res\"}]},{\"@type\":\"WebSite\",\"@id\":\"https:\/\/sceaux-lagazette.fr\/#website\",\"url\":\"https:\/\/sceaux-lagazette.fr\/\",\"name\":\"La Gazette\",\"description\":\"Bourg-la-Reine, Ch\u00e2tenay, Fontenay, Sceaux\",\"publisher\":{\"@id\":\"https:\/\/sceaux-lagazette.fr\/#organization\"},\"potentialAction\":[{\"@type\":\"SearchAction\",\"target\":{\"@type\":\"EntryPoint\",\"urlTemplate\":\"https:\/\/sceaux-lagazette.fr\/?s={search_term_string}\"},\"query-input\":{\"@type\":\"PropertyValueSpecification\",\"valueRequired\":true,\"valueName\":\"search_term_string\"}}],\"inLanguage\":\"fr-FR\"},{\"@type\":\"Organization\",\"@id\":\"https:\/\/sceaux-lagazette.fr\/#organization\",\"name\":\"La Gazette\",\"url\":\"https:\/\/sceaux-lagazette.fr\/\",\"logo\":{\"@type\":\"ImageObject\",\"inLanguage\":\"fr-FR\",\"@id\":\"https:\/\/sceaux-lagazette.fr\/#\/schema\/logo\/image\/\",\"url\":\"https:\/\/sceaux-lagazette.fr\/wp-content\/uploads\/2025\/08\/Logo-Gazette-Aout-2025-V3.jpg\",\"contentUrl\":\"https:\/\/sceaux-lagazette.fr\/wp-content\/uploads\/2025\/08\/Logo-Gazette-Aout-2025-V3.jpg\",\"width\":525,\"height\":130,\"caption\":\"La Gazette\"},\"image\":{\"@id\":\"https:\/\/sceaux-lagazette.fr\/#\/schema\/logo\/image\/\"}},{\"@type\":\"Person\",\"@id\":\"https:\/\/sceaux-lagazette.fr\/#\/schema\/person\/5650e206a121f68c6f5e76379bccfbc4\",\"name\":\"G\u00e9rard Bardier\",\"image\":{\"@type\":\"ImageObject\",\"inLanguage\":\"fr-FR\",\"@id\":\"https:\/\/sceaux-lagazette.fr\/#\/schema\/person\/image\/\",\"url\":\"https:\/\/secure.gravatar.com\/avatar\/5cf4391ef9dbc0367750202561279a29?s=96&r=g\",\"contentUrl\":\"https:\/\/secure.gravatar.com\/avatar\/5cf4391ef9dbc0367750202561279a29?s=96&r=g\",\"caption\":\"G\u00e9rard Bardier\"},\"url\":\"https:\/\/sceaux-lagazette.fr\/index.php\/author\/gb\/\"}]}<\/script>\n<!-- \/ Yoast SEO plugin. -->","yoast_head_json":{"title":"B\u00eatisier # 4 les rares victimes allaient mourir bient\u00f4t de toutes mani\u00e8res - La Gazette","robots":{"index":"index","follow":"follow","max-snippet":"max-snippet:-1","max-image-preview":"max-image-preview:large","max-video-preview":"max-video-preview:-1"},"canonical":"https:\/\/sceaux-lagazette.fr\/index.php\/2020\/12\/02\/betisier-4-les-rares-victimes-allaient-mourir-bientot-de-toutes-manieres\/","og_locale":"fr_FR","og_type":"article","og_title":"B\u00eatisier # 4 les rares victimes allaient mourir bient\u00f4t de toutes mani\u00e8res - La Gazette","og_description":"C\u2019est l\u2019un des arguments majeurs de ceux qui trouvent largement exag\u00e9r\u00e9es les mesures prises pour emp\u00eacher que l\u2019\u00e9pid\u00e9mie ne d\u00e9borde les h\u00f4pitaux&nbsp;: ceux qui meurent sont des vieux qui n\u2019avaient de toute mani\u00e8re que quelques mois \u00e0 vivre. Et d\u2019ajouter deux arguments pour appuyer leur th\u00e8se&nbsp;: la moyenne d\u2019\u00e2ge des&#8230;","og_url":"https:\/\/sceaux-lagazette.fr\/index.php\/2020\/12\/02\/betisier-4-les-rares-victimes-allaient-mourir-bientot-de-toutes-manieres\/","og_site_name":"La Gazette","article_published_time":"2020-12-02T08:02:25+00:00","article_modified_time":"2020-12-05T08:36:19+00:00","og_image":[{"width":720,"height":480,"url":"https:\/\/sceaux-lagazette.fr\/wp-content\/uploads\/2020\/11\/60-aide-\u00e0-domicile.jpg","type":"image\/jpeg"}],"author":"G\u00e9rard Bardier","twitter_card":"summary_large_image","twitter_misc":{"\u00c9crit par":"G\u00e9rard Bardier","Dur\u00e9e de lecture estim\u00e9e":"6 minutes"},"schema":{"@context":"https:\/\/schema.org","@graph":[{"@type":"Article","@id":"https:\/\/sceaux-lagazette.fr\/index.php\/2020\/12\/02\/betisier-4-les-rares-victimes-allaient-mourir-bientot-de-toutes-manieres\/#article","isPartOf":{"@id":"https:\/\/sceaux-lagazette.fr\/index.php\/2020\/12\/02\/betisier-4-les-rares-victimes-allaient-mourir-bientot-de-toutes-manieres\/"},"author":{"name":"G\u00e9rard Bardier","@id":"https:\/\/sceaux-lagazette.fr\/#\/schema\/person\/5650e206a121f68c6f5e76379bccfbc4"},"headline":"B\u00eatisier # 4 les rares victimes allaient mourir bient\u00f4t de toutes mani\u00e8res","datePublished":"2020-12-02T08:02:25+00:00","dateModified":"2020-12-05T08:36:19+00:00","mainEntityOfPage":{"@id":"https:\/\/sceaux-lagazette.fr\/index.php\/2020\/12\/02\/betisier-4-les-rares-victimes-allaient-mourir-bientot-de-toutes-manieres\/"},"wordCount":1224,"commentCount":2,"publisher":{"@id":"https:\/\/sceaux-lagazette.fr\/#organization"},"image":{"@id":"https:\/\/sceaux-lagazette.fr\/index.php\/2020\/12\/02\/betisier-4-les-rares-victimes-allaient-mourir-bientot-de-toutes-manieres\/#primaryimage"},"thumbnailUrl":"https:\/\/sceaux-lagazette.fr\/wp-content\/uploads\/2020\/11\/60-aide-\u00e0-domicile.jpg","articleSection":["Analyses","Sant\u00e9"],"inLanguage":"fr-FR","potentialAction":[{"@type":"CommentAction","name":"Comment","target":["https:\/\/sceaux-lagazette.fr\/index.php\/2020\/12\/02\/betisier-4-les-rares-victimes-allaient-mourir-bientot-de-toutes-manieres\/#respond"]}]},{"@type":"WebPage","@id":"https:\/\/sceaux-lagazette.fr\/index.php\/2020\/12\/02\/betisier-4-les-rares-victimes-allaient-mourir-bientot-de-toutes-manieres\/","url":"https:\/\/sceaux-lagazette.fr\/index.php\/2020\/12\/02\/betisier-4-les-rares-victimes-allaient-mourir-bientot-de-toutes-manieres\/","name":"B\u00eatisier # 4 les rares victimes allaient mourir bient\u00f4t de toutes mani\u00e8res - La Gazette","isPartOf":{"@id":"https:\/\/sceaux-lagazette.fr\/#website"},"primaryImageOfPage":{"@id":"https:\/\/sceaux-lagazette.fr\/index.php\/2020\/12\/02\/betisier-4-les-rares-victimes-allaient-mourir-bientot-de-toutes-manieres\/#primaryimage"},"image":{"@id":"https:\/\/sceaux-lagazette.fr\/index.php\/2020\/12\/02\/betisier-4-les-rares-victimes-allaient-mourir-bientot-de-toutes-manieres\/#primaryimage"},"thumbnailUrl":"https:\/\/sceaux-lagazette.fr\/wp-content\/uploads\/2020\/11\/60-aide-\u00e0-domicile.jpg","datePublished":"2020-12-02T08:02:25+00:00","dateModified":"2020-12-05T08:36:19+00:00","breadcrumb":{"@id":"https:\/\/sceaux-lagazette.fr\/index.php\/2020\/12\/02\/betisier-4-les-rares-victimes-allaient-mourir-bientot-de-toutes-manieres\/#breadcrumb"},"inLanguage":"fr-FR","potentialAction":[{"@type":"ReadAction","target":["https:\/\/sceaux-lagazette.fr\/index.php\/2020\/12\/02\/betisier-4-les-rares-victimes-allaient-mourir-bientot-de-toutes-manieres\/"]}]},{"@type":"ImageObject","inLanguage":"fr-FR","@id":"https:\/\/sceaux-lagazette.fr\/index.php\/2020\/12\/02\/betisier-4-les-rares-victimes-allaient-mourir-bientot-de-toutes-manieres\/#primaryimage","url":"https:\/\/sceaux-lagazette.fr\/wp-content\/uploads\/2020\/11\/60-aide-\u00e0-domicile.jpg","contentUrl":"https:\/\/sceaux-lagazette.fr\/wp-content\/uploads\/2020\/11\/60-aide-\u00e0-domicile.jpg","width":720,"height":480},{"@type":"BreadcrumbList","@id":"https:\/\/sceaux-lagazette.fr\/index.php\/2020\/12\/02\/betisier-4-les-rares-victimes-allaient-mourir-bientot-de-toutes-manieres\/#breadcrumb","itemListElement":[{"@type":"ListItem","position":1,"name":"Accueil","item":"https:\/\/sceaux-lagazette.fr\/"},{"@type":"ListItem","position":2,"name":"B\u00eatisier # 4 les rares victimes allaient mourir bient\u00f4t de toutes mani\u00e8res"}]},{"@type":"WebSite","@id":"https:\/\/sceaux-lagazette.fr\/#website","url":"https:\/\/sceaux-lagazette.fr\/","name":"La Gazette","description":"Bourg-la-Reine, Ch\u00e2tenay, Fontenay, Sceaux","publisher":{"@id":"https:\/\/sceaux-lagazette.fr\/#organization"},"potentialAction":[{"@type":"SearchAction","target":{"@type":"EntryPoint","urlTemplate":"https:\/\/sceaux-lagazette.fr\/?s={search_term_string}"},"query-input":{"@type":"PropertyValueSpecification","valueRequired":true,"valueName":"search_term_string"}}],"inLanguage":"fr-FR"},{"@type":"Organization","@id":"https:\/\/sceaux-lagazette.fr\/#organization","name":"La Gazette","url":"https:\/\/sceaux-lagazette.fr\/","logo":{"@type":"ImageObject","inLanguage":"fr-FR","@id":"https:\/\/sceaux-lagazette.fr\/#\/schema\/logo\/image\/","url":"https:\/\/sceaux-lagazette.fr\/wp-content\/uploads\/2025\/08\/Logo-Gazette-Aout-2025-V3.jpg","contentUrl":"https:\/\/sceaux-lagazette.fr\/wp-content\/uploads\/2025\/08\/Logo-Gazette-Aout-2025-V3.jpg","width":525,"height":130,"caption":"La Gazette"},"image":{"@id":"https:\/\/sceaux-lagazette.fr\/#\/schema\/logo\/image\/"}},{"@type":"Person","@id":"https:\/\/sceaux-lagazette.fr\/#\/schema\/person\/5650e206a121f68c6f5e76379bccfbc4","name":"G\u00e9rard Bardier","image":{"@type":"ImageObject","inLanguage":"fr-FR","@id":"https:\/\/sceaux-lagazette.fr\/#\/schema\/person\/image\/","url":"https:\/\/secure.gravatar.com\/avatar\/5cf4391ef9dbc0367750202561279a29?s=96&r=g","contentUrl":"https:\/\/secure.gravatar.com\/avatar\/5cf4391ef9dbc0367750202561279a29?s=96&r=g","caption":"G\u00e9rard Bardier"},"url":"https:\/\/sceaux-lagazette.fr\/index.php\/author\/gb\/"}]}},"cc_featured_image_caption":{"caption_text":false,"source_text":false,"source_url":false},"_links":{"self":[{"href":"https:\/\/sceaux-lagazette.fr\/index.php\/wp-json\/wp\/v2\/posts\/2663"}],"collection":[{"href":"https:\/\/sceaux-lagazette.fr\/index.php\/wp-json\/wp\/v2\/posts"}],"about":[{"href":"https:\/\/sceaux-lagazette.fr\/index.php\/wp-json\/wp\/v2\/types\/post"}],"author":[{"embeddable":true,"href":"https:\/\/sceaux-lagazette.fr\/index.php\/wp-json\/wp\/v2\/users\/11"}],"replies":[{"embeddable":true,"href":"https:\/\/sceaux-lagazette.fr\/index.php\/wp-json\/wp\/v2\/comments?post=2663"}],"version-history":[{"count":5,"href":"https:\/\/sceaux-lagazette.fr\/index.php\/wp-json\/wp\/v2\/posts\/2663\/revisions"}],"predecessor-version":[{"id":2715,"href":"https:\/\/sceaux-lagazette.fr\/index.php\/wp-json\/wp\/v2\/posts\/2663\/revisions\/2715"}],"wp:featuredmedia":[{"embeddable":true,"href":"https:\/\/sceaux-lagazette.fr\/index.php\/wp-json\/wp\/v2\/media\/2665"}],"wp:attachment":[{"href":"https:\/\/sceaux-lagazette.fr\/index.php\/wp-json\/wp\/v2\/media?parent=2663"}],"wp:term":[{"taxonomy":"category","embeddable":true,"href":"https:\/\/sceaux-lagazette.fr\/index.php\/wp-json\/wp\/v2\/categories?post=2663"},{"taxonomy":"post_tag","embeddable":true,"href":"https:\/\/sceaux-lagazette.fr\/index.php\/wp-json\/wp\/v2\/tags?post=2663"}],"curies":[{"name":"wp","href":"https:\/\/api.w.org\/{rel}","templated":true}]}}