{"id":2633,"date":"2020-11-24T09:22:49","date_gmt":"2020-11-24T08:22:49","guid":{"rendered":"https:\/\/sceaux-lagazette.fr\/?p=2633"},"modified":"2020-12-05T10:04:50","modified_gmt":"2020-12-05T09:04:50","slug":"le-confinement-morsceaux-choisis","status":"publish","type":"post","link":"https:\/\/sceaux-lagazette.fr\/index.php\/2020\/11\/24\/le-confinement-morsceaux-choisis\/","title":{"rendered":"Le confinement : mor(S)ceaux choisis"},"content":{"rendered":"\n<p>\u00ab&nbsp;Les Sc\u00e9ens sont plut\u00f4t plus raisonnables que la moyenne face \u00e0 l\u2019\u00e9pid\u00e9mie&nbsp;\u00bb d\u00e9clare un Sc\u00e9en, cadre de sant\u00e9, interrog\u00e9 sur le sujet. Notre enqu\u00eate \u00e0 ce propos.<\/p>\n\n\n\n<h2 class=\"wp-block-heading\">La situation nationale<\/h2>\n\n\n\n<p>Apr\u00e8s 3 semaines de confinement, le nombre quotidien de nouveaux cas Covid est en nette baisse.&nbsp;Il en est de m\u00eame des entr\u00e9es \u00e0 l\u2019h\u00f4pital et en r\u00e9animation. Cette r\u00e9duction de la circulation du virus est la cons\u00e9quence des comportements prudents de beaucoup de Fran\u00e7ais, comme le montre le graphique ci-dessous, issu de la<a rel=\"noreferrer noopener\" href=\"https:\/\/www.santepubliquefrance.fr\/maladies-et-traumatismes\/maladies-et-infections-respiratoires\/infection-a-coronavirus\/documents\/bulletin-national\/covid-19-point-epidemiologique-du-19-novembre-2020\" target=\"_blank\"> note \u00e9pid\u00e9miologique de Sant\u00e9 Publique France<\/a> du 19\/11.<\/p>\n\n\n\n<figure class=\"wp-block-image size-large\"><img decoding=\"async\" width=\"900\" height=\"491\" src=\"https:\/\/sceaux-lagazette.fr\/wp-content\/uploads\/2020\/11\/Comportements-vague-17.jpg\" alt=\"\" class=\"wp-image-2634\" srcset=\"https:\/\/sceaux-lagazette.fr\/wp-content\/uploads\/2020\/11\/Comportements-vague-17.jpg 900w, https:\/\/sceaux-lagazette.fr\/wp-content\/uploads\/2020\/11\/Comportements-vague-17-300x164.jpg 300w, https:\/\/sceaux-lagazette.fr\/wp-content\/uploads\/2020\/11\/Comportements-vague-17-768x419.jpg 768w\" sizes=\"(max-width: 900px) 100vw, 900px\" \/><\/figure>\n\n\n\n<p>On y voit que tous les comportements de prudence ont augment\u00e9 entre les vagues 16 (avant confinement) et 17 (pendant le confinement), mais ceux qui ont le plus augment\u00e9 sont&nbsp;:<\/p>\n\n\n\n<ul class=\"wp-block-list\"><li>\u00c9viter les rassemblements festifs (+22%)<\/li><li>\u00c9viter d\u2019aller voir une personne \u00e2g\u00e9e, fragile ou vuln\u00e9rable (+18 %)<\/li><li>\u00c9viter les regroupements et r\u00e9unions en face \u00e0 face (+23 %)<\/li><li>Rester confin\u00e9 \u00e0 la maison le plus possible (+31 %)<\/li><\/ul>\n\n\n\n<p>A noter&nbsp;: une minorit\u00e9 de Fran\u00e7ais n\u2019ont jamais abandonn\u00e9 les comportements de prudence, et une autre minorit\u00e9 semble ne les avoir toujours pas adopt\u00e9s&nbsp;!<\/p>\n\n\n\n<h2 class=\"wp-block-heading\">La situation \u00e0 Sceaux<\/h2>\n\n\n\n<p>R\u00e9aliser la m\u00eame enqu\u00eate au niveau de notre ville n\u2019\u00e9tant \u00e9videmment pas r\u00e9aliste, la Gazette a fait le choix de proc\u00e9der \u00e0 quelques entretiens sur le sujet. Merci aux Sc\u00e9ens qui ont accept\u00e9 de r\u00e9pondre aux questions&nbsp;! La prudence s\u2019est impos\u00e9e de fait mais chacun \u00e0 son interpr\u00e9tation sur la mani\u00e8re d\u2019\u00eatre prudent.<\/p>\n\n\n\n<p>Outre les 4 questions ci-dessus, nous avons cherch\u00e9 \u00e0 savoir aupr\u00e8s des personnes interrog\u00e9es comment le confinement avait affect\u00e9 leur quotidien, leurs projets pour No\u00ebl et s\u2019ils se vaccineront le moment venu. Nous vous proposons une lecture transverse de leurs r\u00e9ponses, \u00e0 travers ces 7 questions (qui n\u2019ont pas \u00e9t\u00e9 toutes pos\u00e9es \u00e0 tout le monde mais en fonction du d\u00e9roulement de l\u2019entretien).<\/p>\n\n\n\n<h2 class=\"wp-block-heading\">L\u2019impact du confinement sur le quotidien<\/h2>\n\n\n\n<p><strong>Couple, plus de 70 ans<\/strong><\/p>\n\n\n\n<p>\u00ab&nbsp;Nous avons l\u2019habitude de voyager beaucoup, d\u2019aller fr\u00e9quemment au th\u00e9\u00e2tre et au cin\u00e9ma ainsi qu\u2019au restaurant. Tout cela est fini pour l\u2019instant. Cette ann\u00e9e, nous avons seulement \u00e9t\u00e9 dans notre maison en Bretagne cet \u00e9t\u00e9 et juste avant le deuxi\u00e8me confinement. Une soir\u00e9e au restaurant aussi lors du passage de notre fils fin octobre.&nbsp;\u00bb<\/p>\n\n\n\n<p><strong>Femme, la cinquantaine<\/strong><\/p>\n\n\n\n<p>\u00ab&nbsp;J\u2019ai un contrat de t\u00e9l\u00e9travailleuse, donc pas de changement \u00e0 ce niveau. Mais je ne vais plus voir mes clients, et par vid\u00e9o ce n\u2019est pas vraiment pareil. Je fais mes courses au plus vite, sans discuter avec les personnes crois\u00e9es. \u00ab&nbsp;<\/p>\n\n\n\n<p><strong>Couple, plus de 70 ans<\/strong><\/p>\n\n\n\n<p>\u00ab&nbsp;On ne rencontre plus personne. Depuis mars, nous n\u2019avons plus vu notre petite fille de deux ans.&nbsp;\u00bb<\/p>\n\n\n\n<p><strong>Femme, la vingtaine<\/strong><\/p>\n\n\n\n<p>\u00ab&nbsp;Je suis vendeuse dans l\u2019alimentaire et notre travail a augment\u00e9&nbsp;!&nbsp;\u00bb<\/p>\n\n\n\n<p><strong>Femme, la quarantaine<\/strong><\/p>\n\n\n\n<p>\u00ab&nbsp;Depuis mai, j\u2019\u00e9tais en t\u00e9l\u00e9travail 3 jours par semaine, et deux sur site (grande entreprise). Depuis l\u2019annonce du confinement, c\u2019est t\u00e9l\u00e9travail \u00e0 plein temps. On s\u2019organise pour faire moins souvent les courses, en regroupant les achats. On met le masque. On fait beaucoup de digital et cela demande de pr\u00e9parer plus ses interventions. Il y a beaucoup moins de non-verbal dans l\u2019\u00e9change.&nbsp;\u00bb<\/p>\n\n\n\n<p><strong>Autre femme la quarantaine<\/strong><\/p>\n\n\n\n<p>\u00ab&nbsp;Je vais au bureau 1 jour par semaine, \u00e0 ma demande, pour garder le contact avec mes coll\u00e8gues. C\u2019est dur de rester enferm\u00e9 en permanence. Heureusement qu\u2019on peut aller courir dehors. Mon fils \u00e9tudiant est aussi enferm\u00e9 entre ses murs et son \u00e9cran toute la journ\u00e9e. C\u2019est d\u00e9primant.&nbsp;\u00bb<\/p>\n\n\n\n<p><strong>Femme, la soixantaine, retrait\u00e9e<\/strong><\/p>\n\n\n\n<p>\u00ab&nbsp;Je voyage beaucoup et cette ann\u00e9e, c\u2019est termin\u00e9. C\u2019est ce qui me p\u00e8se le plus.&nbsp;\u00bb<\/p>\n\n\n\n<p><strong>Homme, plus de 80 ans<\/strong><\/p>\n\n\n\n<p>\u00ab&nbsp;La Covid n&rsquo;existe pas, ce n&rsquo;est qu&rsquo;une grippe, c&rsquo;est mont\u00e9 de toutes pi\u00e8ces par les gouvernants dans un but de manipulation pour asseoir leur pouvoir sur les masses populaires. Il est faux de dire que les morts annonc\u00e9s soient d\u00e9c\u00e9d\u00e9s&nbsp;de la Covid, voire qu&rsquo;ils existent r\u00e9ellement, des gens meurent tous les jours, vous les avez vu, vous ? On ne me la fait pas \u00e0 moi, j&rsquo;en ai vu des manipulations de masse&nbsp;! Porte malgr\u00e9 tout le masque \u00ab&nbsp;pour \u00e9viter l\u2019amende de 135 \u20ac&nbsp;\u00bb.&nbsp;\u00bb<\/p>\n\n\n\n<p>Son \u00e9pouse, qui ne semble pas partager ces id\u00e9es, explique tranquillement \u00ab&nbsp;que son fils a eu la Covid et s&rsquo;en est bien remis.&nbsp;\u00bb<\/p>\n\n\n\n<p><a><strong><span class=\"has-inline-color has-very-dark-gray-color\">M\u00e8re de famille, la quarantaine<\/span><\/strong><\/a><\/p>\n\n\n\n<p>Il y a eu un impact tr\u00e8s important pour mon travail&nbsp;: je participe avec une associ\u00e9e \u00e0 une TPE et nous faisons des missions de conseil. Celles-ci sont toutes stopp\u00e9es pendant le confinement, qui bloque aussi presque toutes nos actions commerciales.<\/p>\n\n\n\n<p>Sur le plan personnel, on fait moins de projets de toutes sortes (r\u00e9unions, vacances) mais du coup on est plus disponible pour la vie familiale. Deux de mes enfants reviennent le midi manger \u00e0 la maison depuis les vacances de Toussaint. Ils sont contents&nbsp;!<\/p>\n\n\n\n<h2 class=\"wp-block-heading\">Rassemblement festifs<\/h2>\n\n\n\n<p><strong>Femme, la quarantaine<\/strong><\/p>\n\n\n\n<p>\u00ab&nbsp;C\u2019est fini depuis le premier confinement&nbsp;!&nbsp;\u00bb<\/p>\n\n\n\n<p><a><strong><span class=\"has-inline-color has-very-dark-gray-color\">Homme, la cinquantaine<\/span><\/strong><\/a><\/p>\n\n\n\n<p>\u00ab&nbsp;On voit encore des gens qui se rassemblent par dizaines, voire par centaine (mais pas \u00e0 Sceaux). C\u2019est totalement d\u00e9raisonnable.&nbsp;\u00bb<\/p>\n\n\n\n<p><strong>Couple, plus de 70 ans<\/strong><\/p>\n\n\n\n<p>\u00ab&nbsp;Tous les soirs, pr\u00e8s de la rue des \u00e9coles, des bandes de jeunes\u2026&nbsp;\u00bb<\/p>\n\n\n\n<p><strong>M\u00e8re de famille, la quarantaine<\/strong><\/p>\n\n\n\n<p>\u00ab&nbsp;Fin octobre, nous avons a pass\u00e9 des vacances familiales avec fr\u00e8res et s\u0153urs et leurs enfants. Nous \u00e9tions une vingtaine.&nbsp;\u00bb<\/p>\n\n\n\n<p>\u00ab&nbsp;Les enfants sont tr\u00e8s raisonnables et rentrent directement \u00e0 la maison apr\u00e8s l\u2019\u00e9cole. Mais leurs diverses activit\u00e9s ext\u00e9rieures ont continu\u00e9 pour la plupart, pour certaines en visio (scouts, danse \u2026).&nbsp;\u00bb<\/p>\n\n\n\n<h2 class=\"wp-block-heading\">Personnes vuln\u00e9rables<\/h2>\n\n\n\n<p><strong>Femme la cinquantaine<\/strong><\/p>\n\n\n\n<p>\u00ab&nbsp;Mon beau-p\u00e8re habite \u00e0 un kilom\u00e8tre. On lui t\u00e9l\u00e9phone\u2026&nbsp;\u00bb<\/p>\n\n\n\n<p><strong>Femme, la quarantaine<\/strong><\/p>\n\n\n\n<p>\u00ab&nbsp;Mes proches \u00e2g\u00e9s habitent loin. Mais on fait plus attention \u00e0 eux&nbsp;: le confinement nous fait changer d\u2019\u00e9chelle de temps, on se dit qu\u2019on ne les verra peut-\u00eatre plus.&nbsp;\u00bb<\/p>\n\n\n\n<p><strong>Homme, la cinquantaine<\/strong><\/p>\n\n\n\n<p>\u00ab&nbsp;Je travaille dans une institution pour handicap\u00e9s de toutes sortes. Nous avons aussi des Ehpad. C\u2019est compliqu\u00e9 de faire adopter les gestes barri\u00e8res aux r\u00e9sidents. La pression est \u00e9norme. Heureusement, certains parents ont pris leur enfant chez eux pendant le confinement. Et certains \u00e9tablissements se sont isol\u00e9s compl\u00e9tement de l\u2019ext\u00e9rieur. On parle beaucoup des Ehpad qui ont eu des morts, mais il y a tous ceux qui ont r\u00e9ussi \u00e0 pr\u00e9server leurs h\u00f4tes.&nbsp;\u00bb<\/p>\n\n\n\n<p><strong>M\u00e8re de famille, la quarantaine<\/strong><\/p>\n\n\n\n<p>\u00ab&nbsp;Nous n\u2019avons vu mes parents que deux jours cet \u00e9t\u00e9. On a arr\u00eat\u00e9 toutes les r\u00e9unions de famille avec eux.&nbsp;\u00bb<\/p>\n\n\n\n<h2 class=\"wp-block-heading\">Rencontres en face \u00e0 face<\/h2>\n\n\n\n<p><a><strong><span class=\"has-inline-color has-very-dark-gray-color\">Femme, la soixantaine, retrait\u00e9e<\/span><\/strong><\/a><\/p>\n\n\n\n<p>\u00ab&nbsp;Ces derniers mois, je recevais les amis par 2 ou 3, on se tenaient loin les uns des autres, avec des masques et on ouvrait les fen\u00eatres pour a\u00e9rer en permanence. Maintenant, il fait trop froid.&nbsp;\u00bb<\/p>\n\n\n\n<p><strong>Femme, la vingtaine<\/strong><\/p>\n\n\n\n<p>\u00ab&nbsp;En dehors du travail, je ne vois personne, je respecte le confinement&nbsp;\u00bb<\/p>\n\n\n\n<p><a><strong><span class=\"has-inline-color has-very-dark-gray-color\">Femme, la quarantaine<\/span><\/strong><\/a><\/p>\n\n\n\n<p>\u00ab&nbsp;On est pass\u00e9 en WhatsApp assez syst\u00e9matiquement avec nos proches et nos amis&nbsp;\u00bb<\/p>\n\n\n\n<p><strong>Autre femme, la quarantaine<\/strong><\/p>\n\n\n\n<p>\u00ab&nbsp;Personne, \u00e0 part mon fr\u00e8re pass\u00e9 nous voir il y a quelques jours.&nbsp;\u00bb<\/p>\n\n\n\n<p><strong>M\u00e8re de famille, la quarantaine<\/strong><\/p>\n\n\n\n<p>\u00ab&nbsp;J\u2019ai beaucoup diminu\u00e9, mais je n\u2019ai pas arr\u00eat\u00e9 compl\u00e9tement. Je vois r\u00e9guli\u00e8rement mon associ\u00e9e et je re\u00e7ois des amies de temps en temps, parfois pour d\u00e9jeuner. A chaque fois, on se limite \u00e0 deux ou trois personnes et on s\u2019installe \u00e0 distance l\u2019une de l\u2019autre. On voit aussi des mais ou la famille en allant se promener avec eux au parc.&nbsp;\u00bb<\/p>\n\n\n\n<h2 class=\"wp-block-heading\">Confinement chez soi<\/h2>\n\n\n\n<p><a><strong><span class=\"has-inline-color has-very-dark-gray-color\">Femme, la soixantaine, retrait\u00e9e<\/span><\/strong><\/a><\/p>\n\n\n\n<p>\u00ab&nbsp;J\u2019ai une chienne et je vais la promener aux heures o\u00f9 il y a peu de monde (t\u00f4t le matin ou le soir).&nbsp;\u00bb<\/p>\n\n\n\n<p><strong>Femme, la cinquantaine<\/strong><\/p>\n\n\n\n<p>\u00ab&nbsp;J\u2019ai beaucoup de travail et je n\u2019ai pas le temps de sortir&nbsp;!&nbsp;\u00bb<\/p>\n\n\n\n<p><a><strong><span class=\"has-inline-color has-very-dark-gray-color\">Femme, la quarantaine<\/span><\/strong><\/a><\/p>\n\n\n\n<p>\u00ab&nbsp;Oui, pour \u00e9viter les gens. Mais on sort dans la nature, on en a vraiment besoin. Chance sur ce point d\u2019\u00eatre \u00e0 Sceaux.&nbsp;\u00bb<\/p>\n\n\n\n<h2 class=\"wp-block-heading\">No\u00ebl<\/h2>\n\n\n\n<p><a><strong><span class=\"has-inline-color has-very-dark-gray-color\">Femme, la soixantaine, retrait\u00e9e<\/span><\/strong><\/a><\/p>\n\n\n\n<p>\u00ab&nbsp;Tous les ans, je passe No\u00ebl \u00e0 Los Angeles chez mon fils. On voit du monde. Cette ann\u00e9e, ce sera ici et \u00e0 deux personnes (avec ma fille).&nbsp;\u00bb<\/p>\n\n\n\n<p><strong>Femme, la quarantaine<\/strong><\/p>\n\n\n\n<p>\u00ab&nbsp;On devait f\u00eater No\u00ebl en famille, chez mon beau-fr\u00e8re. Les enfants ont h\u00e2te de voir leurs cousins. Pour l\u2019instant, on ne sait pas quoi leur r\u00e9pondre&nbsp;:&nbsp; on n\u2019a rien d\u00e9cid\u00e9.&nbsp;\u00bb<\/p>\n\n\n\n<p><strong>Couple, plus de 70 ans<\/strong><\/p>\n\n\n\n<p>\u00ab&nbsp;On ne fera rien du tout pour No\u00ebl.&nbsp;\u00bb<\/p>\n\n\n\n<p><strong>M\u00e8re de famille, la quarantaine<\/strong><\/p>\n\n\n\n<p>\u00ab&nbsp;Pour l\u2019instant on n\u2019a rien pr\u00e9vu. Il est possible qu\u2019on passe No\u00ebl avec mes fr\u00e8res et s\u0153urs (et leurs enfants) mais sans nos parents. Le nouvel an, on le passait d\u2019habitude avec 5 ou 6 familles amies. L\u00e0 on ne fera rien.&nbsp;\u00bb<\/p>\n\n\n\n<h2 class=\"wp-block-heading\">Le futur vaccin<\/h2>\n\n\n\n<p><strong>Femme, la quarantaine<\/strong><\/p>\n\n\n\n<p>\u00ab&nbsp;Je ne sais pas, je ne suis pas press\u00e9e.&nbsp;\u00bb<\/p>\n\n\n\n<p><strong>Femme, la soixantaine, retrait\u00e9e<\/strong><\/p>\n\n\n\n<p>\u00ab&nbsp;J\u2019ai beaucoup r\u00e9fl\u00e9chi. C\u2019est une tr\u00e8s belle r\u00e9ussite de la science. Mais je crois que je vais attendre pour voir s\u2019il y a des effets secondaires.&nbsp;\u00bb<\/p>\n\n\n\n<p><strong>M\u00e8re de famille, la quarantaine<\/strong><\/p>\n\n\n\n<p>\u00ab&nbsp;Je me ferai vacciner le plus vite possible. J\u2019ai une grande confiance dans la m\u00e9decine.&nbsp;\u00bb<\/p>\n\n\n\n<h2 class=\"wp-block-heading\">Tous smicards&nbsp;!<\/h2>\n\n\n\n<div class=\"wp-block-image\"><figure class=\"alignright size-medium\"><img decoding=\"async\" src=\"https:\/\/sceaux-lagazette.fr\/wp-content\/uploads\/2020\/11\/Femme-au-balcon-300x169.gif\" alt=\"\" class=\"wp-image-2638\"\/><\/figure><\/div>\n\n\n\n<p>On se gardera de tirer des conclusions d\u2019entretiens en petit nombre. Mais ces comportements, ces t\u00e9moignages de vie r\u00e9v\u00e8lent tout de m\u00eame la vari\u00e9t\u00e9 des situations et des regards sur ces situations. Chacun fait ce qu\u2019il consid\u00e8re le mieux, en affirmant rester prudent, tout en adaptant les r\u00e8gles (donc en ne les respectant pas compl\u00e8tement). Les tendances nationales observ\u00e9es par les statistiques trouvent \u00e0 Sceaux une confirmation avec une forte r\u00e9duction des contacts, que ce soit impos\u00e9 (fermeture des restaurants ou impossibilit\u00e9 de voyager) ou choisi.<\/p>\n\n\n\n<p>Plusieurs insistent sur l\u2019aspect d\u00e9primant de tout cela. On n\u2019en sera pas surpris, les cha\u00eenes d\u2019info continue leur donnent une tr\u00e8s large place. Sans m\u00e9juger ce type de parole (nous ne la ressentons tous), ni s\u2019en moquer, autorisons-nous un l\u00e9ger recul avec ce message d\u2019une \u00ab&nbsp;Association des commer\u00e7ants de Sanary&nbsp;\u00bb&nbsp;:<br><em>Les gens sont d\u00e9sesp\u00e9r\u00e9s. Plus de resto, plus de cin\u00e9, plus de shopping, plus de th\u00e9\u00e2tre, plus de salle de sport.<\/em><br><em>Bref, ils d\u00e9couvrent la vie d\u2019un Fran\u00e7ais au SMIC.<\/em><\/p>\n\n\n\n<p>Sur le m\u00eame sujet :<\/p>\n\n\n\n<ul class=\"wp-block-list\"><li>Covid : <a rel=\"noreferrer noopener\" href=\"https:\/\/sceaux-lagazette.fr\/index.php\/2020\/11\/09\/covid-faire-bonne-mesure\/\" target=\"_blank\">faire bonne mesure<\/a><a rel=\"noreferrer noopener\" href=\"https:\/\/sceaux-lagazette.fr\/index.php\/2020\/11\/24\/le-confinement-morsceaux-choisis\/\" target=\"_blank\"> <\/a><\/li><li>B\u00eatisier 1 : <a rel=\"noreferrer noopener\" href=\"https:\/\/sceaux-lagazette.fr\/index.php\/2020\/11\/12\/betisier-1-pas-plus-de-morts-quavec-les-trottinettes\/\" target=\"_blank\">Pas plus de morts qu&rsquo;avec les trottinettes<\/a> <\/li><li>B\u00eatisier 2 : <a rel=\"noreferrer noopener\" href=\"https:\/\/sceaux-lagazette.fr\/index.php\/2020\/11\/16\/betisier-2-on-nous-cache-tout-on-nous-dit-rien\/\" target=\"_blank\">On nous cache tout, on nous dit rien<\/a> <\/li><li>B\u00eatisier 3 :<a rel=\"noreferrer noopener\" href=\"https:\/\/sceaux-lagazette.fr\/index.php\/2020\/11\/27\/betisier-3-lepidemie-seteindra-toute-seule\/\" target=\"_blank\"> L\u2019\u00e9pid\u00e9mie s&rsquo;\u00e9teindra toute seule<\/a> <\/li><li>B\u00eatisier 4 : <a rel=\"noreferrer noopener\" href=\"https:\/\/sceaux-lagazette.fr\/index.php\/2020\/12\/02\/betisier-4-les-rares-victimes-allaient-mourir-bientot-de-toutes-manieres\/\" target=\"_blank\">Les rares victimes allaient mourir de toutes mani\u00e8res<\/a> <\/li><li>B\u00eatisier 5 : <a rel=\"noreferrer noopener\" href=\"https:\/\/sceaux-lagazette.fr\/index.php\/2020\/12\/05\/betisier-5-on-dispose-dun-traitement-efficace-quon-interdit-de-prescrire\/\" target=\"_blank\">on dispose d&rsquo;un traitement efficace qu&rsquo;on interdit de prescrire<\/a><\/li><\/ul>\n\n\n\n<p><\/p>\n","protected":false},"excerpt":{"rendered":"<p>\u00ab&nbsp;Les Sc\u00e9ens sont plut\u00f4t plus raisonnables que la moyenne face \u00e0 l\u2019\u00e9pid\u00e9mie&nbsp;\u00bb d\u00e9clare un Sc\u00e9en, cadre de sant\u00e9, interrog\u00e9 sur le sujet. Notre enqu\u00eate \u00e0 ce propos. La situation nationale Apr\u00e8s 3 semaines de confinement, le nombre quotidien de nouveaux cas Covid est en nette baisse.&nbsp;Il en est de m\u00eame&#8230;<\/p>\n","protected":false},"author":11,"featured_media":0,"comment_status":"open","ping_status":"open","sticky":false,"template":"","format":"standard","meta":{"om_disable_all_campaigns":false,"_monsterinsights_skip_tracking":false,"_monsterinsights_sitenote_active":false,"_monsterinsights_sitenote_note":"","_monsterinsights_sitenote_category":0,"_uf_show_specific_survey":0,"_uf_disable_surveys":false,"footnotes":""},"categories":[53,5,60],"tags":[],"class_list":["post-2633","post","type-post","status-publish","format-standard","hentry","category-analyses","category-des-quartiers-de-sceaux","category-sante","entry","simple"],"yoast_head":"<!-- This site is optimized with the Yoast SEO plugin v25.6 - https:\/\/yoast.com\/wordpress\/plugins\/seo\/ -->\n<title>Le confinement : mor(S)ceaux choisis - La Gazette<\/title>\n<meta name=\"robots\" content=\"index, follow, max-snippet:-1, max-image-preview:large, max-video-preview:-1\" \/>\n<link rel=\"canonical\" href=\"https:\/\/sceaux-lagazette.fr\/index.php\/2020\/11\/24\/le-confinement-morsceaux-choisis\/\" \/>\n<meta property=\"og:locale\" content=\"fr_FR\" \/>\n<meta property=\"og:type\" content=\"article\" \/>\n<meta property=\"og:title\" content=\"Le confinement : mor(S)ceaux choisis - La Gazette\" \/>\n<meta property=\"og:description\" content=\"\u00ab&nbsp;Les Sc\u00e9ens sont plut\u00f4t plus raisonnables que la moyenne face \u00e0 l\u2019\u00e9pid\u00e9mie&nbsp;\u00bb d\u00e9clare un Sc\u00e9en, cadre de sant\u00e9, interrog\u00e9 sur le sujet. Notre enqu\u00eate \u00e0 ce propos. La situation nationale Apr\u00e8s 3 semaines de confinement, le nombre quotidien de nouveaux cas Covid est en nette baisse.&nbsp;Il en est de m\u00eame&#8230;\" \/>\n<meta property=\"og:url\" content=\"https:\/\/sceaux-lagazette.fr\/index.php\/2020\/11\/24\/le-confinement-morsceaux-choisis\/\" \/>\n<meta property=\"og:site_name\" content=\"La Gazette\" \/>\n<meta property=\"article:published_time\" content=\"2020-11-24T08:22:49+00:00\" \/>\n<meta property=\"article:modified_time\" content=\"2020-12-05T09:04:50+00:00\" \/>\n<meta property=\"og:image\" content=\"https:\/\/sceaux-lagazette.fr\/wp-content\/uploads\/2020\/11\/Comportements-vague-17.jpg\" \/>\n<meta name=\"author\" content=\"G\u00e9rard Bardier\" \/>\n<meta name=\"twitter:card\" content=\"summary_large_image\" \/>\n<meta name=\"twitter:label1\" content=\"\u00c9crit par\" \/>\n\t<meta name=\"twitter:data1\" content=\"G\u00e9rard Bardier\" \/>\n\t<meta name=\"twitter:label2\" content=\"Dur\u00e9e de lecture estim\u00e9e\" \/>\n\t<meta name=\"twitter:data2\" content=\"10 minutes\" \/>\n<script type=\"application\/ld+json\" class=\"yoast-schema-graph\">{\"@context\":\"https:\/\/schema.org\",\"@graph\":[{\"@type\":\"Article\",\"@id\":\"https:\/\/sceaux-lagazette.fr\/index.php\/2020\/11\/24\/le-confinement-morsceaux-choisis\/#article\",\"isPartOf\":{\"@id\":\"https:\/\/sceaux-lagazette.fr\/index.php\/2020\/11\/24\/le-confinement-morsceaux-choisis\/\"},\"author\":{\"name\":\"G\u00e9rard Bardier\",\"@id\":\"https:\/\/sceaux-lagazette.fr\/#\/schema\/person\/5650e206a121f68c6f5e76379bccfbc4\"},\"headline\":\"Le confinement : mor(S)ceaux choisis\",\"datePublished\":\"2020-11-24T08:22:49+00:00\",\"dateModified\":\"2020-12-05T09:04:50+00:00\",\"mainEntityOfPage\":{\"@id\":\"https:\/\/sceaux-lagazette.fr\/index.php\/2020\/11\/24\/le-confinement-morsceaux-choisis\/\"},\"wordCount\":1958,\"commentCount\":3,\"publisher\":{\"@id\":\"https:\/\/sceaux-lagazette.fr\/#organization\"},\"image\":{\"@id\":\"https:\/\/sceaux-lagazette.fr\/index.php\/2020\/11\/24\/le-confinement-morsceaux-choisis\/#primaryimage\"},\"thumbnailUrl\":\"https:\/\/sceaux-lagazette.fr\/wp-content\/uploads\/2020\/11\/Comportements-vague-17.jpg\",\"articleSection\":[\"Analyses\",\"Quartiers\",\"Sant\u00e9\"],\"inLanguage\":\"fr-FR\",\"potentialAction\":[{\"@type\":\"CommentAction\",\"name\":\"Comment\",\"target\":[\"https:\/\/sceaux-lagazette.fr\/index.php\/2020\/11\/24\/le-confinement-morsceaux-choisis\/#respond\"]}]},{\"@type\":\"WebPage\",\"@id\":\"https:\/\/sceaux-lagazette.fr\/index.php\/2020\/11\/24\/le-confinement-morsceaux-choisis\/\",\"url\":\"https:\/\/sceaux-lagazette.fr\/index.php\/2020\/11\/24\/le-confinement-morsceaux-choisis\/\",\"name\":\"Le confinement : mor(S)ceaux choisis - La Gazette\",\"isPartOf\":{\"@id\":\"https:\/\/sceaux-lagazette.fr\/#website\"},\"primaryImageOfPage\":{\"@id\":\"https:\/\/sceaux-lagazette.fr\/index.php\/2020\/11\/24\/le-confinement-morsceaux-choisis\/#primaryimage\"},\"image\":{\"@id\":\"https:\/\/sceaux-lagazette.fr\/index.php\/2020\/11\/24\/le-confinement-morsceaux-choisis\/#primaryimage\"},\"thumbnailUrl\":\"https:\/\/sceaux-lagazette.fr\/wp-content\/uploads\/2020\/11\/Comportements-vague-17.jpg\",\"datePublished\":\"2020-11-24T08:22:49+00:00\",\"dateModified\":\"2020-12-05T09:04:50+00:00\",\"breadcrumb\":{\"@id\":\"https:\/\/sceaux-lagazette.fr\/index.php\/2020\/11\/24\/le-confinement-morsceaux-choisis\/#breadcrumb\"},\"inLanguage\":\"fr-FR\",\"potentialAction\":[{\"@type\":\"ReadAction\",\"target\":[\"https:\/\/sceaux-lagazette.fr\/index.php\/2020\/11\/24\/le-confinement-morsceaux-choisis\/\"]}]},{\"@type\":\"ImageObject\",\"inLanguage\":\"fr-FR\",\"@id\":\"https:\/\/sceaux-lagazette.fr\/index.php\/2020\/11\/24\/le-confinement-morsceaux-choisis\/#primaryimage\",\"url\":\"https:\/\/sceaux-lagazette.fr\/wp-content\/uploads\/2020\/11\/Comportements-vague-17.jpg\",\"contentUrl\":\"https:\/\/sceaux-lagazette.fr\/wp-content\/uploads\/2020\/11\/Comportements-vague-17.jpg\",\"width\":900,\"height\":491},{\"@type\":\"BreadcrumbList\",\"@id\":\"https:\/\/sceaux-lagazette.fr\/index.php\/2020\/11\/24\/le-confinement-morsceaux-choisis\/#breadcrumb\",\"itemListElement\":[{\"@type\":\"ListItem\",\"position\":1,\"name\":\"Accueil\",\"item\":\"https:\/\/sceaux-lagazette.fr\/\"},{\"@type\":\"ListItem\",\"position\":2,\"name\":\"Le confinement : mor(S)ceaux choisis\"}]},{\"@type\":\"WebSite\",\"@id\":\"https:\/\/sceaux-lagazette.fr\/#website\",\"url\":\"https:\/\/sceaux-lagazette.fr\/\",\"name\":\"La Gazette\",\"description\":\"Bourg-la-Reine, Ch\u00e2tenay, Fontenay, Sceaux\",\"publisher\":{\"@id\":\"https:\/\/sceaux-lagazette.fr\/#organization\"},\"potentialAction\":[{\"@type\":\"SearchAction\",\"target\":{\"@type\":\"EntryPoint\",\"urlTemplate\":\"https:\/\/sceaux-lagazette.fr\/?s={search_term_string}\"},\"query-input\":{\"@type\":\"PropertyValueSpecification\",\"valueRequired\":true,\"valueName\":\"search_term_string\"}}],\"inLanguage\":\"fr-FR\"},{\"@type\":\"Organization\",\"@id\":\"https:\/\/sceaux-lagazette.fr\/#organization\",\"name\":\"La Gazette\",\"url\":\"https:\/\/sceaux-lagazette.fr\/\",\"logo\":{\"@type\":\"ImageObject\",\"inLanguage\":\"fr-FR\",\"@id\":\"https:\/\/sceaux-lagazette.fr\/#\/schema\/logo\/image\/\",\"url\":\"https:\/\/sceaux-lagazette.fr\/wp-content\/uploads\/2025\/08\/Logo-Gazette-Aout-2025-V3.jpg\",\"contentUrl\":\"https:\/\/sceaux-lagazette.fr\/wp-content\/uploads\/2025\/08\/Logo-Gazette-Aout-2025-V3.jpg\",\"width\":525,\"height\":130,\"caption\":\"La Gazette\"},\"image\":{\"@id\":\"https:\/\/sceaux-lagazette.fr\/#\/schema\/logo\/image\/\"}},{\"@type\":\"Person\",\"@id\":\"https:\/\/sceaux-lagazette.fr\/#\/schema\/person\/5650e206a121f68c6f5e76379bccfbc4\",\"name\":\"G\u00e9rard Bardier\",\"image\":{\"@type\":\"ImageObject\",\"inLanguage\":\"fr-FR\",\"@id\":\"https:\/\/sceaux-lagazette.fr\/#\/schema\/person\/image\/\",\"url\":\"https:\/\/secure.gravatar.com\/avatar\/5cf4391ef9dbc0367750202561279a29?s=96&r=g\",\"contentUrl\":\"https:\/\/secure.gravatar.com\/avatar\/5cf4391ef9dbc0367750202561279a29?s=96&r=g\",\"caption\":\"G\u00e9rard Bardier\"},\"url\":\"https:\/\/sceaux-lagazette.fr\/index.php\/author\/gb\/\"}]}<\/script>\n<!-- \/ Yoast SEO plugin. -->","yoast_head_json":{"title":"Le confinement : mor(S)ceaux choisis - La Gazette","robots":{"index":"index","follow":"follow","max-snippet":"max-snippet:-1","max-image-preview":"max-image-preview:large","max-video-preview":"max-video-preview:-1"},"canonical":"https:\/\/sceaux-lagazette.fr\/index.php\/2020\/11\/24\/le-confinement-morsceaux-choisis\/","og_locale":"fr_FR","og_type":"article","og_title":"Le confinement : mor(S)ceaux choisis - La Gazette","og_description":"\u00ab&nbsp;Les Sc\u00e9ens sont plut\u00f4t plus raisonnables que la moyenne face \u00e0 l\u2019\u00e9pid\u00e9mie&nbsp;\u00bb d\u00e9clare un Sc\u00e9en, cadre de sant\u00e9, interrog\u00e9 sur le sujet. Notre enqu\u00eate \u00e0 ce propos. La situation nationale Apr\u00e8s 3 semaines de confinement, le nombre quotidien de nouveaux cas Covid est en nette baisse.&nbsp;Il en est de m\u00eame&#8230;","og_url":"https:\/\/sceaux-lagazette.fr\/index.php\/2020\/11\/24\/le-confinement-morsceaux-choisis\/","og_site_name":"La Gazette","article_published_time":"2020-11-24T08:22:49+00:00","article_modified_time":"2020-12-05T09:04:50+00:00","og_image":[{"url":"https:\/\/sceaux-lagazette.fr\/wp-content\/uploads\/2020\/11\/Comportements-vague-17.jpg","type":"","width":"","height":""}],"author":"G\u00e9rard Bardier","twitter_card":"summary_large_image","twitter_misc":{"\u00c9crit par":"G\u00e9rard Bardier","Dur\u00e9e de lecture estim\u00e9e":"10 minutes"},"schema":{"@context":"https:\/\/schema.org","@graph":[{"@type":"Article","@id":"https:\/\/sceaux-lagazette.fr\/index.php\/2020\/11\/24\/le-confinement-morsceaux-choisis\/#article","isPartOf":{"@id":"https:\/\/sceaux-lagazette.fr\/index.php\/2020\/11\/24\/le-confinement-morsceaux-choisis\/"},"author":{"name":"G\u00e9rard Bardier","@id":"https:\/\/sceaux-lagazette.fr\/#\/schema\/person\/5650e206a121f68c6f5e76379bccfbc4"},"headline":"Le confinement : mor(S)ceaux choisis","datePublished":"2020-11-24T08:22:49+00:00","dateModified":"2020-12-05T09:04:50+00:00","mainEntityOfPage":{"@id":"https:\/\/sceaux-lagazette.fr\/index.php\/2020\/11\/24\/le-confinement-morsceaux-choisis\/"},"wordCount":1958,"commentCount":3,"publisher":{"@id":"https:\/\/sceaux-lagazette.fr\/#organization"},"image":{"@id":"https:\/\/sceaux-lagazette.fr\/index.php\/2020\/11\/24\/le-confinement-morsceaux-choisis\/#primaryimage"},"thumbnailUrl":"https:\/\/sceaux-lagazette.fr\/wp-content\/uploads\/2020\/11\/Comportements-vague-17.jpg","articleSection":["Analyses","Quartiers","Sant\u00e9"],"inLanguage":"fr-FR","potentialAction":[{"@type":"CommentAction","name":"Comment","target":["https:\/\/sceaux-lagazette.fr\/index.php\/2020\/11\/24\/le-confinement-morsceaux-choisis\/#respond"]}]},{"@type":"WebPage","@id":"https:\/\/sceaux-lagazette.fr\/index.php\/2020\/11\/24\/le-confinement-morsceaux-choisis\/","url":"https:\/\/sceaux-lagazette.fr\/index.php\/2020\/11\/24\/le-confinement-morsceaux-choisis\/","name":"Le confinement : mor(S)ceaux choisis - La Gazette","isPartOf":{"@id":"https:\/\/sceaux-lagazette.fr\/#website"},"primaryImageOfPage":{"@id":"https:\/\/sceaux-lagazette.fr\/index.php\/2020\/11\/24\/le-confinement-morsceaux-choisis\/#primaryimage"},"image":{"@id":"https:\/\/sceaux-lagazette.fr\/index.php\/2020\/11\/24\/le-confinement-morsceaux-choisis\/#primaryimage"},"thumbnailUrl":"https:\/\/sceaux-lagazette.fr\/wp-content\/uploads\/2020\/11\/Comportements-vague-17.jpg","datePublished":"2020-11-24T08:22:49+00:00","dateModified":"2020-12-05T09:04:50+00:00","breadcrumb":{"@id":"https:\/\/sceaux-lagazette.fr\/index.php\/2020\/11\/24\/le-confinement-morsceaux-choisis\/#breadcrumb"},"inLanguage":"fr-FR","potentialAction":[{"@type":"ReadAction","target":["https:\/\/sceaux-lagazette.fr\/index.php\/2020\/11\/24\/le-confinement-morsceaux-choisis\/"]}]},{"@type":"ImageObject","inLanguage":"fr-FR","@id":"https:\/\/sceaux-lagazette.fr\/index.php\/2020\/11\/24\/le-confinement-morsceaux-choisis\/#primaryimage","url":"https:\/\/sceaux-lagazette.fr\/wp-content\/uploads\/2020\/11\/Comportements-vague-17.jpg","contentUrl":"https:\/\/sceaux-lagazette.fr\/wp-content\/uploads\/2020\/11\/Comportements-vague-17.jpg","width":900,"height":491},{"@type":"BreadcrumbList","@id":"https:\/\/sceaux-lagazette.fr\/index.php\/2020\/11\/24\/le-confinement-morsceaux-choisis\/#breadcrumb","itemListElement":[{"@type":"ListItem","position":1,"name":"Accueil","item":"https:\/\/sceaux-lagazette.fr\/"},{"@type":"ListItem","position":2,"name":"Le confinement : mor(S)ceaux choisis"}]},{"@type":"WebSite","@id":"https:\/\/sceaux-lagazette.fr\/#website","url":"https:\/\/sceaux-lagazette.fr\/","name":"La Gazette","description":"Bourg-la-Reine, Ch\u00e2tenay, Fontenay, Sceaux","publisher":{"@id":"https:\/\/sceaux-lagazette.fr\/#organization"},"potentialAction":[{"@type":"SearchAction","target":{"@type":"EntryPoint","urlTemplate":"https:\/\/sceaux-lagazette.fr\/?s={search_term_string}"},"query-input":{"@type":"PropertyValueSpecification","valueRequired":true,"valueName":"search_term_string"}}],"inLanguage":"fr-FR"},{"@type":"Organization","@id":"https:\/\/sceaux-lagazette.fr\/#organization","name":"La Gazette","url":"https:\/\/sceaux-lagazette.fr\/","logo":{"@type":"ImageObject","inLanguage":"fr-FR","@id":"https:\/\/sceaux-lagazette.fr\/#\/schema\/logo\/image\/","url":"https:\/\/sceaux-lagazette.fr\/wp-content\/uploads\/2025\/08\/Logo-Gazette-Aout-2025-V3.jpg","contentUrl":"https:\/\/sceaux-lagazette.fr\/wp-content\/uploads\/2025\/08\/Logo-Gazette-Aout-2025-V3.jpg","width":525,"height":130,"caption":"La Gazette"},"image":{"@id":"https:\/\/sceaux-lagazette.fr\/#\/schema\/logo\/image\/"}},{"@type":"Person","@id":"https:\/\/sceaux-lagazette.fr\/#\/schema\/person\/5650e206a121f68c6f5e76379bccfbc4","name":"G\u00e9rard Bardier","image":{"@type":"ImageObject","inLanguage":"fr-FR","@id":"https:\/\/sceaux-lagazette.fr\/#\/schema\/person\/image\/","url":"https:\/\/secure.gravatar.com\/avatar\/5cf4391ef9dbc0367750202561279a29?s=96&r=g","contentUrl":"https:\/\/secure.gravatar.com\/avatar\/5cf4391ef9dbc0367750202561279a29?s=96&r=g","caption":"G\u00e9rard Bardier"},"url":"https:\/\/sceaux-lagazette.fr\/index.php\/author\/gb\/"}]}},"cc_featured_image_caption":{"caption_text":false,"source_text":false,"source_url":false},"_links":{"self":[{"href":"https:\/\/sceaux-lagazette.fr\/index.php\/wp-json\/wp\/v2\/posts\/2633"}],"collection":[{"href":"https:\/\/sceaux-lagazette.fr\/index.php\/wp-json\/wp\/v2\/posts"}],"about":[{"href":"https:\/\/sceaux-lagazette.fr\/index.php\/wp-json\/wp\/v2\/types\/post"}],"author":[{"embeddable":true,"href":"https:\/\/sceaux-lagazette.fr\/index.php\/wp-json\/wp\/v2\/users\/11"}],"replies":[{"embeddable":true,"href":"https:\/\/sceaux-lagazette.fr\/index.php\/wp-json\/wp\/v2\/comments?post=2633"}],"version-history":[{"count":6,"href":"https:\/\/sceaux-lagazette.fr\/index.php\/wp-json\/wp\/v2\/posts\/2633\/revisions"}],"predecessor-version":[{"id":2721,"href":"https:\/\/sceaux-lagazette.fr\/index.php\/wp-json\/wp\/v2\/posts\/2633\/revisions\/2721"}],"wp:attachment":[{"href":"https:\/\/sceaux-lagazette.fr\/index.php\/wp-json\/wp\/v2\/media?parent=2633"}],"wp:term":[{"taxonomy":"category","embeddable":true,"href":"https:\/\/sceaux-lagazette.fr\/index.php\/wp-json\/wp\/v2\/categories?post=2633"},{"taxonomy":"post_tag","embeddable":true,"href":"https:\/\/sceaux-lagazette.fr\/index.php\/wp-json\/wp\/v2\/tags?post=2633"}],"curies":[{"name":"wp","href":"https:\/\/api.w.org\/{rel}","templated":true}]}}