{"id":2551,"date":"2020-11-16T10:10:37","date_gmt":"2020-11-16T09:10:37","guid":{"rendered":"https:\/\/sceaux-lagazette.fr\/?p=2551"},"modified":"2020-12-05T10:00:46","modified_gmt":"2020-12-05T09:00:46","slug":"betisier-2-on-nous-cache-tout-on-nous-dit-rien","status":"publish","type":"post","link":"https:\/\/sceaux-lagazette.fr\/index.php\/2020\/11\/16\/betisier-2-on-nous-cache-tout-on-nous-dit-rien\/","title":{"rendered":"B\u00eatisier #2 : On nous cache tout, on nous dit rien"},"content":{"rendered":"\n<p>Si certains complotistes sont all\u00e9s jusqu\u2019\u00e0 nier la pr\u00e9sence de malades Covid dans les h\u00f4pitaux, on peut lire des critiques pointant \u00ab&nbsp;une manipulation des chiffres&nbsp;\u00bb ou un changement des indicateurs suivis. L\u2019\u00e9volution rapide des connaissances sur le sujet comme des moyens de mesure ont pu compliquer la lecture et donner un sentiment de flou volontaire pour ceux qui suivaient le sujet de loin.<\/p>\n\n\n\n<h1 class=\"wp-block-heading\">Indicateurs Covid 19<\/h1>\n\n\n\n<p>\u00ab\u00a0On&rsquo; nous dit beaucoup de choses sur l\u00a0\u00bb\u00e9pid\u00e9mie. Sant\u00e9 Publique France (SFP) publie de nombreuses donn\u00e9es sur la Covid. Elles sont peut-\u00eatre difficiles \u00e0 saisir, mais il existe pas mal de donn\u00e9es brutes que les observateurs reformulent en graphiques plus lisibles.<\/p>\n\n\n\n<p>Il y a un niveau de transparence \u00e9lev\u00e9, il serait faux croire en de la dissimulation. Le probl\u00e8me est inverse : on risque souvent de se noyer dans l\u2019abondance de chiffres. <strong>L\u2019objectif de cet article est de faire une pr\u00e9sentation des donn\u00e9es disponibles et des sources d\u2019informations<\/strong>.<\/p>\n\n\n\n<h2 class=\"wp-block-heading\">Les sources d\u2019informations<\/h2>\n\n\n\n<p>Sur <a rel=\"noreferrer noopener\" href=\"https:\/\/www.santepubliquefrance.fr\/\" target=\"_blank\">le site de Sant\u00e9 Publique France,<\/a> on trouve&nbsp;:<\/p>\n\n\n\n<ul class=\"wp-block-list\"><li>Le tableau de bord en chiffres;<\/li><li>Le point \u00e9pid\u00e9miologique hebdomadaire (il para\u00eet le jeudi soir);<\/li><li>Les donn\u00e9es de G\u00e9odes, tr\u00e8s d\u00e9taill\u00e9es.<\/li><\/ul>\n\n\n\n<p>Si le point hebdomadaire m\u00e9rite d\u2019\u00eatre lu, la pr\u00e9sentation des autres donn\u00e9es n\u2019est pas vraiment attrayante. Plusieurs gestionnaires de donn\u00e9es ont donc cr\u00e9\u00e9 leur propre site, en reprenant les donn\u00e9es de SPF pour les pr\u00e9senter de mani\u00e8re attrayante. Aujourd\u2019hui, celui qui est probablement le plus utilis\u00e9 est <a rel=\"noreferrer noopener\" href=\"https:\/\/covidtracker.fr\/covidtracker-france\/\" target=\"_blank\"><strong>Covid Tracker<\/strong>.<\/a><\/p>\n\n\n\n<p>A l\u2019international, le mieux est d\u2019utiliser le <a rel=\"noreferrer noopener\" href=\"https:\/\/www.worldometers.info\/coronavirus\/\" target=\"_blank\">site <strong>Worldometer<\/strong><\/a> (un peu long sur mobile)&nbsp;: en cliquant sur le nom des pays dans le tableau, on a des informations plus d\u00e9taill\u00e9es sur le pays (on a m\u00eame les d\u00e9c\u00e8s par comt\u00e9 aux U.S.A.&nbsp;!). Les notes du conseil scientifique sont \u00e9galement publiques (g\u00e9n\u00e9ralement publi\u00e9es quelques jours apr\u00e8s leur \u00e9criture).&nbsp;&nbsp;&nbsp;&nbsp;<\/p>\n\n\n\n<h2 class=\"wp-block-heading\">Les indicateurs suivis<\/h2>\n\n\n\n<p>Les premiers indicateurs portent sur la situation des malades. Les donn\u00e9es sont quotidiennes et cumul\u00e9es :<\/p>\n\n\n\n<div class=\"wp-block-image\"><figure class=\"alignright size-medium\"><img decoding=\"async\" width=\"300\" height=\"191\" src=\"https:\/\/sceaux-lagazette.fr\/wp-content\/uploads\/2020\/11\/Occupation-Covid-lits-en-r\u00e9animation-300x191.jpg\" alt=\"\" class=\"wp-image-2558\" srcset=\"https:\/\/sceaux-lagazette.fr\/wp-content\/uploads\/2020\/11\/Occupation-Covid-lits-en-r\u00e9animation-300x191.jpg 300w, https:\/\/sceaux-lagazette.fr\/wp-content\/uploads\/2020\/11\/Occupation-Covid-lits-en-r\u00e9animation-1024x652.jpg 1024w, https:\/\/sceaux-lagazette.fr\/wp-content\/uploads\/2020\/11\/Occupation-Covid-lits-en-r\u00e9animation-768x489.jpg 768w, https:\/\/sceaux-lagazette.fr\/wp-content\/uploads\/2020\/11\/Occupation-Covid-lits-en-r\u00e9animation-1536x977.jpg 1536w, https:\/\/sceaux-lagazette.fr\/wp-content\/uploads\/2020\/11\/Occupation-Covid-lits-en-r\u00e9animation-2048x1303.jpg 2048w\" sizes=\"(max-width: 300px) 100vw, 300px\" \/><\/figure><\/div>\n\n\n\n<ul class=\"wp-block-list\"><li>Personnes test\u00e9es Covid + ;<\/li><li>Entr\u00e9es quotidiennes \u00e0 l\u2019h\u00f4pital et personnes toujours hospitalis\u00e9es;<\/li><li>Entr\u00e9es quotidiennes en soins intensifs (= r\u00e9animation) et nombre de personnes toujours en soins intensifs.<\/li><\/ul>\n\n\n\n<p>D\u2019autres indicateurs sont utilis\u00e9s pour mesurer l\u2019\u00e9volution de l\u2019\u00e9pid\u00e9mie&nbsp;:<\/p>\n\n\n\n<ul class=\"wp-block-list\"><li>Nombre de personnes positives d\u00e9clar\u00e9es en 24h \u00e0 J-3 (donn\u00e9es consolid\u00e9es) ;<\/li><li>Nombre de personnes test\u00e9es d\u00e9clar\u00e9es en 24h \u00e0 J-3 (donn\u00e9es consolid\u00e9es) ;<\/li><li>Nombre de tests r\u00e9alis\u00e9s hebdomadaires ;<\/li><li>Nombre d&rsquo;actes SOS M\u00e9decins pour suspicion de COVID-19 en 24h ;<\/li><li>Nombre de passages aux urgences pour suspicion de COVID-19 en 24h ;<\/li><li>Taux d&rsquo;incidence pour 100 000 habitants sur les 7 derniers jours.<\/li><\/ul>\n\n\n\n<p>Le taux d\u2019incidence est le r\u00e9sultat d\u2019un calcul. Il permet \u00e0 la fois une comparaison dans le temps et une comparaison par r\u00e9gion (voir par exemple dans <a href=\"https:\/\/covidtracker.fr\/covidtracker-france\/\" target=\"_blank\" rel=\"noreferrer noopener\">Covid Tracker<\/a>).<\/p>\n\n\n\n<p>Autre r\u00e9sultat d\u2019un calcul, le taux de tests positif (sur le nombre de tests r\u00e9alis\u00e9s).<\/p>\n\n\n\n<h1 class=\"wp-block-heading\">Un peu de prudence dans la lecture<\/h1>\n\n\n\n<p>La politique de test a chang\u00e9 apr\u00e8s la premi\u00e8re phase.&nbsp; En avril, on disposait de peu de moyens pour tester et en pratique, on ne testait que ceux qui se retrouvaient \u00e0 l\u2019h\u00f4pital. On ne comptait donc pas ceux qui n\u2019\u00e9taient pas assez malades pour \u00eatre hospitalis\u00e9s et encore moins les asymptomatiques. On consid\u00e8re aujourd\u2019hui qu\u2019il faudrait multiplier le nombre de cas observ\u00e9s \u00e0 l\u2019\u00e9poque par 25 environ pour avoir le nombre r\u00e9el de contamin\u00e9s.<\/p>\n\n\n\n<p>Aujourd\u2019hui, la strat\u00e9gie consiste \u00e0 tester tous ceux qui pr\u00e9sentent des sympt\u00f4mes, mais aussi tous les cas contacts. On continue cependant \u00e0 ne pas identifier tout le monde&nbsp;: on estime que le nombre de personnes contamin\u00e9es est 2 \u00e0 3 fois important que le nombre de cas identifi\u00e9s.<\/p>\n\n\n\n<p>Mais quand le nombre de personnes test\u00e9es augmente et que parmi elles le taux de cas positifs augmente lui aussi, il n\u2019y a gu\u00e8re de doute sur le sens de l\u2019\u00e9volution de l\u2019\u00e9pid\u00e9mie.<\/p>\n\n\n\n<p>Autre point d\u2019attention&nbsp;: pour des questions d\u2019organisation des labos et des services administratifs, les cas et les d\u00e9c\u00e8s sont sous-estim\u00e9s les samedi et dimanche, avec un rattrapage le lundi. C\u2019est une situation qui existe dans la plupart des pays. La difficult\u00e9 est contourn\u00e9e g\u00e9n\u00e9ralement en faisant une moyenne sur 7 jours qui lisse les donn\u00e9es. C\u2019est beaucoup plus compr\u00e9hensible, l\u2019inconv\u00e9nient est que cela retarde de quelques jours l\u2019observation des situations de contournement (typiquement les cons\u00e9quences du confinement par exemple).<\/p>\n\n\n\n<p>Un \u00e9pid\u00e9miologue critique s\u2019est appuy\u00e9 sur les variations hebdomadaires pour affirmer \u00ab&nbsp;A <em>chaque fois qu\u2019on nous donne un chiffre du lundi en le qualifiant de \u00ab record \u00bb, nous sommes face \u00e0 une sorte de supercherie&nbsp;\u00bb<\/em>. On comprendra pourtant ais\u00e9ment que si record il y a, c\u2019est que le r\u00e9sultat du lundi en question est sup\u00e9rieur \u00e0 celui du lundi pr\u00e9c\u00e9dant, qui b\u00e9n\u00e9ficiait du m\u00eame effet report d\u2019un samedi et d\u2019un dimanche. Aucune supercherie l\u00e0-dedans&nbsp;!<\/p>\n\n\n\n<h2 class=\"wp-block-heading\">Un point d\u2019alerte pour finir<\/h2>\n\n\n\n<p>Attention, les r\u00e9sultats des tests ne sont pas imm\u00e9diats (en attendant les tests antig\u00e9niques) et arrivent parfois avec plusieurs jours de retard. On voit donc presque toujours la courbe qui baisse \u00e0 droite sur les graphiques. Cela ne signifie pas que l\u2019\u00e9pid\u00e9mie r\u00e9gresse mais que les chiffres sont provisoires\u2026<\/p>\n\n\n\n<p>En tout cas, quiconque souhaite s&rsquo;informer sur l&rsquo;\u00e9volution de l&rsquo;\u00e9pid\u00e9mie ne manque certainement pas de sources d&rsquo;information.  <\/p>\n\n\n\n<p>Sur le m\u00eame sujet : <\/p>\n\n\n\n<ul class=\"wp-block-list\"><li>Covid : <a rel=\"noreferrer noopener\" href=\"https:\/\/sceaux-lagazette.fr\/index.php\/2020\/11\/09\/covid-faire-bonne-mesure\/\" target=\"_blank\">faire bonne mesure<\/a> <\/li><li><a rel=\"noreferrer noopener\" href=\"https:\/\/sceaux-lagazette.fr\/index.php\/2020\/11\/24\/le-confinement-morsceaux-choisis\/\" target=\"_blank\">Le confinement: mor(S)ceaux choisis<\/a> <\/li><li>B\u00eatisier 1 : <a rel=\"noreferrer noopener\" href=\"https:\/\/sceaux-lagazette.fr\/index.php\/2020\/11\/12\/betisier-1-pas-plus-de-morts-quavec-les-trottinettes\/\" target=\"_blank\">Pas plus de morts qu&rsquo;avec les trottinettes<\/a>  <\/li><li>B\u00eatisier 3 :<a rel=\"noreferrer noopener\" href=\"https:\/\/sceaux-lagazette.fr\/index.php\/2020\/11\/27\/betisier-3-lepidemie-seteindra-toute-seule\/\" target=\"_blank\"> L\u2019\u00e9pid\u00e9mie s&rsquo;\u00e9teindra toute seule<\/a> <\/li><li>B\u00eatisier 4 : <a rel=\"noreferrer noopener\" href=\"https:\/\/sceaux-lagazette.fr\/index.php\/2020\/12\/02\/betisier-4-les-rares-victimes-allaient-mourir-bientot-de-toutes-manieres\/\" target=\"_blank\">Les rares victimes allaient mourir de toutes mani\u00e8res<\/a> <\/li><li>B\u00eatisier 5 : <a rel=\"noreferrer noopener\" href=\"https:\/\/sceaux-lagazette.fr\/index.php\/2020\/12\/05\/betisier-5-on-dispose-dun-traitement-efficace-quon-interdit-de-prescrire\/\" target=\"_blank\">on dispose d&rsquo;un traitement efficace qu&rsquo;on interdit de prescrire<\/a><\/li><\/ul>\n\n\n\n<p><\/p>\n","protected":false},"excerpt":{"rendered":"<p>Si certains complotistes sont all\u00e9s jusqu\u2019\u00e0 nier la pr\u00e9sence de malades Covid dans les h\u00f4pitaux, on peut lire des critiques pointant \u00ab&nbsp;une manipulation des chiffres&nbsp;\u00bb ou un changement des indicateurs suivis. L\u2019\u00e9volution rapide des connaissances sur le sujet comme des moyens de mesure ont pu compliquer la lecture et donner&#8230;<\/p>\n","protected":false},"author":11,"featured_media":0,"comment_status":"open","ping_status":"open","sticky":false,"template":"","format":"standard","meta":{"om_disable_all_campaigns":false,"_monsterinsights_skip_tracking":false,"_monsterinsights_sitenote_active":false,"_monsterinsights_sitenote_note":"","_monsterinsights_sitenote_category":0,"_uf_show_specific_survey":0,"_uf_disable_surveys":false,"footnotes":""},"categories":[53,60],"tags":[],"class_list":["post-2551","post","type-post","status-publish","format-standard","hentry","category-analyses","category-sante","entry","simple"],"yoast_head":"<!-- This site is optimized with the Yoast SEO plugin v25.6 - https:\/\/yoast.com\/wordpress\/plugins\/seo\/ -->\n<title>B\u00eatisier #2 : On nous cache tout, on nous dit rien - La Gazette<\/title>\n<meta name=\"robots\" content=\"index, follow, max-snippet:-1, max-image-preview:large, max-video-preview:-1\" \/>\n<link rel=\"canonical\" href=\"https:\/\/sceaux-lagazette.fr\/index.php\/2020\/11\/16\/betisier-2-on-nous-cache-tout-on-nous-dit-rien\/\" \/>\n<meta property=\"og:locale\" content=\"fr_FR\" \/>\n<meta property=\"og:type\" content=\"article\" \/>\n<meta property=\"og:title\" content=\"B\u00eatisier #2 : On nous cache tout, on nous dit rien - La Gazette\" \/>\n<meta property=\"og:description\" content=\"Si certains complotistes sont all\u00e9s jusqu\u2019\u00e0 nier la pr\u00e9sence de malades Covid dans les h\u00f4pitaux, on peut lire des critiques pointant \u00ab&nbsp;une manipulation des chiffres&nbsp;\u00bb ou un changement des indicateurs suivis. L\u2019\u00e9volution rapide des connaissances sur le sujet comme des moyens de mesure ont pu compliquer la lecture et donner&#8230;\" \/>\n<meta property=\"og:url\" content=\"https:\/\/sceaux-lagazette.fr\/index.php\/2020\/11\/16\/betisier-2-on-nous-cache-tout-on-nous-dit-rien\/\" \/>\n<meta property=\"og:site_name\" content=\"La Gazette\" \/>\n<meta property=\"article:published_time\" content=\"2020-11-16T09:10:37+00:00\" \/>\n<meta property=\"article:modified_time\" content=\"2020-12-05T09:00:46+00:00\" \/>\n<meta property=\"og:image\" content=\"https:\/\/sceaux-lagazette.fr\/wp-content\/uploads\/2025\/12\/Logo-Titre-Gazette-2025-08.jpg\" \/>\n\t<meta property=\"og:image:width\" content=\"636\" \/>\n\t<meta property=\"og:image:height\" content=\"148\" \/>\n\t<meta property=\"og:image:type\" content=\"image\/jpeg\" \/>\n<meta name=\"author\" content=\"G\u00e9rard Bardier\" \/>\n<meta name=\"twitter:card\" content=\"summary_large_image\" \/>\n<meta name=\"twitter:label1\" content=\"\u00c9crit par\" \/>\n\t<meta name=\"twitter:data1\" content=\"G\u00e9rard Bardier\" \/>\n\t<meta name=\"twitter:label2\" content=\"Dur\u00e9e de lecture estim\u00e9e\" \/>\n\t<meta name=\"twitter:data2\" content=\"5 minutes\" \/>\n<script type=\"application\/ld+json\" class=\"yoast-schema-graph\">{\"@context\":\"https:\/\/schema.org\",\"@graph\":[{\"@type\":\"Article\",\"@id\":\"https:\/\/sceaux-lagazette.fr\/index.php\/2020\/11\/16\/betisier-2-on-nous-cache-tout-on-nous-dit-rien\/#article\",\"isPartOf\":{\"@id\":\"https:\/\/sceaux-lagazette.fr\/index.php\/2020\/11\/16\/betisier-2-on-nous-cache-tout-on-nous-dit-rien\/\"},\"author\":{\"name\":\"G\u00e9rard Bardier\",\"@id\":\"https:\/\/sceaux-lagazette.fr\/#\/schema\/person\/5650e206a121f68c6f5e76379bccfbc4\"},\"headline\":\"B\u00eatisier #2 : On nous cache tout, on nous dit rien\",\"datePublished\":\"2020-11-16T09:10:37+00:00\",\"dateModified\":\"2020-12-05T09:00:46+00:00\",\"mainEntityOfPage\":{\"@id\":\"https:\/\/sceaux-lagazette.fr\/index.php\/2020\/11\/16\/betisier-2-on-nous-cache-tout-on-nous-dit-rien\/\"},\"wordCount\":1046,\"commentCount\":1,\"publisher\":{\"@id\":\"https:\/\/sceaux-lagazette.fr\/#organization\"},\"articleSection\":[\"Analyses\",\"Sant\u00e9\"],\"inLanguage\":\"fr-FR\",\"potentialAction\":[{\"@type\":\"CommentAction\",\"name\":\"Comment\",\"target\":[\"https:\/\/sceaux-lagazette.fr\/index.php\/2020\/11\/16\/betisier-2-on-nous-cache-tout-on-nous-dit-rien\/#respond\"]}]},{\"@type\":\"WebPage\",\"@id\":\"https:\/\/sceaux-lagazette.fr\/index.php\/2020\/11\/16\/betisier-2-on-nous-cache-tout-on-nous-dit-rien\/\",\"url\":\"https:\/\/sceaux-lagazette.fr\/index.php\/2020\/11\/16\/betisier-2-on-nous-cache-tout-on-nous-dit-rien\/\",\"name\":\"B\u00eatisier #2 : On nous cache tout, on nous dit rien - La Gazette\",\"isPartOf\":{\"@id\":\"https:\/\/sceaux-lagazette.fr\/#website\"},\"datePublished\":\"2020-11-16T09:10:37+00:00\",\"dateModified\":\"2020-12-05T09:00:46+00:00\",\"breadcrumb\":{\"@id\":\"https:\/\/sceaux-lagazette.fr\/index.php\/2020\/11\/16\/betisier-2-on-nous-cache-tout-on-nous-dit-rien\/#breadcrumb\"},\"inLanguage\":\"fr-FR\",\"potentialAction\":[{\"@type\":\"ReadAction\",\"target\":[\"https:\/\/sceaux-lagazette.fr\/index.php\/2020\/11\/16\/betisier-2-on-nous-cache-tout-on-nous-dit-rien\/\"]}]},{\"@type\":\"BreadcrumbList\",\"@id\":\"https:\/\/sceaux-lagazette.fr\/index.php\/2020\/11\/16\/betisier-2-on-nous-cache-tout-on-nous-dit-rien\/#breadcrumb\",\"itemListElement\":[{\"@type\":\"ListItem\",\"position\":1,\"name\":\"Accueil\",\"item\":\"https:\/\/sceaux-lagazette.fr\/\"},{\"@type\":\"ListItem\",\"position\":2,\"name\":\"B\u00eatisier #2 : On nous cache tout, on nous dit rien\"}]},{\"@type\":\"WebSite\",\"@id\":\"https:\/\/sceaux-lagazette.fr\/#website\",\"url\":\"https:\/\/sceaux-lagazette.fr\/\",\"name\":\"La Gazette\",\"description\":\"Bourg-la-Reine, Ch\u00e2tenay, Fontenay, Sceaux\",\"publisher\":{\"@id\":\"https:\/\/sceaux-lagazette.fr\/#organization\"},\"potentialAction\":[{\"@type\":\"SearchAction\",\"target\":{\"@type\":\"EntryPoint\",\"urlTemplate\":\"https:\/\/sceaux-lagazette.fr\/?s={search_term_string}\"},\"query-input\":{\"@type\":\"PropertyValueSpecification\",\"valueRequired\":true,\"valueName\":\"search_term_string\"}}],\"inLanguage\":\"fr-FR\"},{\"@type\":\"Organization\",\"@id\":\"https:\/\/sceaux-lagazette.fr\/#organization\",\"name\":\"La Gazette\",\"url\":\"https:\/\/sceaux-lagazette.fr\/\",\"logo\":{\"@type\":\"ImageObject\",\"inLanguage\":\"fr-FR\",\"@id\":\"https:\/\/sceaux-lagazette.fr\/#\/schema\/logo\/image\/\",\"url\":\"https:\/\/sceaux-lagazette.fr\/wp-content\/uploads\/2025\/08\/Logo-Gazette-Aout-2025-V3.jpg\",\"contentUrl\":\"https:\/\/sceaux-lagazette.fr\/wp-content\/uploads\/2025\/08\/Logo-Gazette-Aout-2025-V3.jpg\",\"width\":525,\"height\":130,\"caption\":\"La Gazette\"},\"image\":{\"@id\":\"https:\/\/sceaux-lagazette.fr\/#\/schema\/logo\/image\/\"}},{\"@type\":\"Person\",\"@id\":\"https:\/\/sceaux-lagazette.fr\/#\/schema\/person\/5650e206a121f68c6f5e76379bccfbc4\",\"name\":\"G\u00e9rard Bardier\",\"image\":{\"@type\":\"ImageObject\",\"inLanguage\":\"fr-FR\",\"@id\":\"https:\/\/sceaux-lagazette.fr\/#\/schema\/person\/image\/\",\"url\":\"https:\/\/secure.gravatar.com\/avatar\/5cf4391ef9dbc0367750202561279a29?s=96&r=g\",\"contentUrl\":\"https:\/\/secure.gravatar.com\/avatar\/5cf4391ef9dbc0367750202561279a29?s=96&r=g\",\"caption\":\"G\u00e9rard Bardier\"},\"url\":\"https:\/\/sceaux-lagazette.fr\/index.php\/author\/gb\/\"}]}<\/script>\n<!-- \/ Yoast SEO plugin. -->","yoast_head_json":{"title":"B\u00eatisier #2 : On nous cache tout, on nous dit rien - La Gazette","robots":{"index":"index","follow":"follow","max-snippet":"max-snippet:-1","max-image-preview":"max-image-preview:large","max-video-preview":"max-video-preview:-1"},"canonical":"https:\/\/sceaux-lagazette.fr\/index.php\/2020\/11\/16\/betisier-2-on-nous-cache-tout-on-nous-dit-rien\/","og_locale":"fr_FR","og_type":"article","og_title":"B\u00eatisier #2 : On nous cache tout, on nous dit rien - La Gazette","og_description":"Si certains complotistes sont all\u00e9s jusqu\u2019\u00e0 nier la pr\u00e9sence de malades Covid dans les h\u00f4pitaux, on peut lire des critiques pointant \u00ab&nbsp;une manipulation des chiffres&nbsp;\u00bb ou un changement des indicateurs suivis. L\u2019\u00e9volution rapide des connaissances sur le sujet comme des moyens de mesure ont pu compliquer la lecture et donner&#8230;","og_url":"https:\/\/sceaux-lagazette.fr\/index.php\/2020\/11\/16\/betisier-2-on-nous-cache-tout-on-nous-dit-rien\/","og_site_name":"La Gazette","article_published_time":"2020-11-16T09:10:37+00:00","article_modified_time":"2020-12-05T09:00:46+00:00","og_image":[{"width":636,"height":148,"url":"https:\/\/sceaux-lagazette.fr\/wp-content\/uploads\/2025\/12\/Logo-Titre-Gazette-2025-08.jpg","type":"image\/jpeg"}],"author":"G\u00e9rard Bardier","twitter_card":"summary_large_image","twitter_misc":{"\u00c9crit par":"G\u00e9rard Bardier","Dur\u00e9e de lecture estim\u00e9e":"5 minutes"},"schema":{"@context":"https:\/\/schema.org","@graph":[{"@type":"Article","@id":"https:\/\/sceaux-lagazette.fr\/index.php\/2020\/11\/16\/betisier-2-on-nous-cache-tout-on-nous-dit-rien\/#article","isPartOf":{"@id":"https:\/\/sceaux-lagazette.fr\/index.php\/2020\/11\/16\/betisier-2-on-nous-cache-tout-on-nous-dit-rien\/"},"author":{"name":"G\u00e9rard Bardier","@id":"https:\/\/sceaux-lagazette.fr\/#\/schema\/person\/5650e206a121f68c6f5e76379bccfbc4"},"headline":"B\u00eatisier #2 : On nous cache tout, on nous dit rien","datePublished":"2020-11-16T09:10:37+00:00","dateModified":"2020-12-05T09:00:46+00:00","mainEntityOfPage":{"@id":"https:\/\/sceaux-lagazette.fr\/index.php\/2020\/11\/16\/betisier-2-on-nous-cache-tout-on-nous-dit-rien\/"},"wordCount":1046,"commentCount":1,"publisher":{"@id":"https:\/\/sceaux-lagazette.fr\/#organization"},"articleSection":["Analyses","Sant\u00e9"],"inLanguage":"fr-FR","potentialAction":[{"@type":"CommentAction","name":"Comment","target":["https:\/\/sceaux-lagazette.fr\/index.php\/2020\/11\/16\/betisier-2-on-nous-cache-tout-on-nous-dit-rien\/#respond"]}]},{"@type":"WebPage","@id":"https:\/\/sceaux-lagazette.fr\/index.php\/2020\/11\/16\/betisier-2-on-nous-cache-tout-on-nous-dit-rien\/","url":"https:\/\/sceaux-lagazette.fr\/index.php\/2020\/11\/16\/betisier-2-on-nous-cache-tout-on-nous-dit-rien\/","name":"B\u00eatisier #2 : On nous cache tout, on nous dit rien - La Gazette","isPartOf":{"@id":"https:\/\/sceaux-lagazette.fr\/#website"},"datePublished":"2020-11-16T09:10:37+00:00","dateModified":"2020-12-05T09:00:46+00:00","breadcrumb":{"@id":"https:\/\/sceaux-lagazette.fr\/index.php\/2020\/11\/16\/betisier-2-on-nous-cache-tout-on-nous-dit-rien\/#breadcrumb"},"inLanguage":"fr-FR","potentialAction":[{"@type":"ReadAction","target":["https:\/\/sceaux-lagazette.fr\/index.php\/2020\/11\/16\/betisier-2-on-nous-cache-tout-on-nous-dit-rien\/"]}]},{"@type":"BreadcrumbList","@id":"https:\/\/sceaux-lagazette.fr\/index.php\/2020\/11\/16\/betisier-2-on-nous-cache-tout-on-nous-dit-rien\/#breadcrumb","itemListElement":[{"@type":"ListItem","position":1,"name":"Accueil","item":"https:\/\/sceaux-lagazette.fr\/"},{"@type":"ListItem","position":2,"name":"B\u00eatisier #2 : On nous cache tout, on nous dit rien"}]},{"@type":"WebSite","@id":"https:\/\/sceaux-lagazette.fr\/#website","url":"https:\/\/sceaux-lagazette.fr\/","name":"La Gazette","description":"Bourg-la-Reine, Ch\u00e2tenay, Fontenay, Sceaux","publisher":{"@id":"https:\/\/sceaux-lagazette.fr\/#organization"},"potentialAction":[{"@type":"SearchAction","target":{"@type":"EntryPoint","urlTemplate":"https:\/\/sceaux-lagazette.fr\/?s={search_term_string}"},"query-input":{"@type":"PropertyValueSpecification","valueRequired":true,"valueName":"search_term_string"}}],"inLanguage":"fr-FR"},{"@type":"Organization","@id":"https:\/\/sceaux-lagazette.fr\/#organization","name":"La Gazette","url":"https:\/\/sceaux-lagazette.fr\/","logo":{"@type":"ImageObject","inLanguage":"fr-FR","@id":"https:\/\/sceaux-lagazette.fr\/#\/schema\/logo\/image\/","url":"https:\/\/sceaux-lagazette.fr\/wp-content\/uploads\/2025\/08\/Logo-Gazette-Aout-2025-V3.jpg","contentUrl":"https:\/\/sceaux-lagazette.fr\/wp-content\/uploads\/2025\/08\/Logo-Gazette-Aout-2025-V3.jpg","width":525,"height":130,"caption":"La Gazette"},"image":{"@id":"https:\/\/sceaux-lagazette.fr\/#\/schema\/logo\/image\/"}},{"@type":"Person","@id":"https:\/\/sceaux-lagazette.fr\/#\/schema\/person\/5650e206a121f68c6f5e76379bccfbc4","name":"G\u00e9rard Bardier","image":{"@type":"ImageObject","inLanguage":"fr-FR","@id":"https:\/\/sceaux-lagazette.fr\/#\/schema\/person\/image\/","url":"https:\/\/secure.gravatar.com\/avatar\/5cf4391ef9dbc0367750202561279a29?s=96&r=g","contentUrl":"https:\/\/secure.gravatar.com\/avatar\/5cf4391ef9dbc0367750202561279a29?s=96&r=g","caption":"G\u00e9rard Bardier"},"url":"https:\/\/sceaux-lagazette.fr\/index.php\/author\/gb\/"}]}},"cc_featured_image_caption":{"caption_text":false,"source_text":false,"source_url":false},"_links":{"self":[{"href":"https:\/\/sceaux-lagazette.fr\/index.php\/wp-json\/wp\/v2\/posts\/2551"}],"collection":[{"href":"https:\/\/sceaux-lagazette.fr\/index.php\/wp-json\/wp\/v2\/posts"}],"about":[{"href":"https:\/\/sceaux-lagazette.fr\/index.php\/wp-json\/wp\/v2\/types\/post"}],"author":[{"embeddable":true,"href":"https:\/\/sceaux-lagazette.fr\/index.php\/wp-json\/wp\/v2\/users\/11"}],"replies":[{"embeddable":true,"href":"https:\/\/sceaux-lagazette.fr\/index.php\/wp-json\/wp\/v2\/comments?post=2551"}],"version-history":[{"count":7,"href":"https:\/\/sceaux-lagazette.fr\/index.php\/wp-json\/wp\/v2\/posts\/2551\/revisions"}],"predecessor-version":[{"id":2718,"href":"https:\/\/sceaux-lagazette.fr\/index.php\/wp-json\/wp\/v2\/posts\/2551\/revisions\/2718"}],"wp:attachment":[{"href":"https:\/\/sceaux-lagazette.fr\/index.php\/wp-json\/wp\/v2\/media?parent=2551"}],"wp:term":[{"taxonomy":"category","embeddable":true,"href":"https:\/\/sceaux-lagazette.fr\/index.php\/wp-json\/wp\/v2\/categories?post=2551"},{"taxonomy":"post_tag","embeddable":true,"href":"https:\/\/sceaux-lagazette.fr\/index.php\/wp-json\/wp\/v2\/tags?post=2551"}],"curies":[{"name":"wp","href":"https:\/\/api.w.org\/{rel}","templated":true}]}}