{"id":2484,"date":"2020-11-09T08:26:20","date_gmt":"2020-11-09T07:26:20","guid":{"rendered":"https:\/\/sceaux-lagazette.fr\/?p=2484"},"modified":"2020-12-05T10:03:29","modified_gmt":"2020-12-05T09:03:29","slug":"covid-faire-bonne-mesure","status":"publish","type":"post","link":"https:\/\/sceaux-lagazette.fr\/index.php\/2020\/11\/09\/covid-faire-bonne-mesure\/","title":{"rendered":"Covid : faire bonne mesure"},"content":{"rendered":"\n<p>Dans <a href=\"https:\/\/www.brut.media\/fr\/news\/une-journee-dans-un-service-de-reanimation-cd8ad184-d886-4d1f-a9aa-43e03680d8f6\" target=\"_blank\" rel=\"noreferrer noopener\">une vid\u00e9o <\/a>qui tourne sur Internet, un m\u00e9decin r\u00e9animateur de l\u2019h\u00f4pital de Valenciennes explique que les 8 lits de son unit\u00e9 sont tous occup\u00e9s par des malades Covid. Que c\u2019est aussi le cas des 7 lits de l\u2019unit\u00e9 2 et des 8 lits de l\u2019unit\u00e9 3.<\/p>\n\n\n\n<p>Dans le sud de la France, on commence \u00e0 \u00e9voquer l\u2019utilisation de solutions de secours si les morgues sont d\u00e9bord\u00e9es. Au rythme actuel,<a href=\"https:\/\/twitter.com\/GuillaumeRozier\/status\/1325163831249805313\/photo\/1\" target=\"_blank\" rel=\"noreferrer noopener\"> il y aura dans quelques jours<\/a> plus de malades Covid dans les h\u00f4pitaux qu\u2019au plus fort de la premi\u00e8re phase.<\/p>\n\n\n\n<p>La mortalit\u00e9 suit. Au 1<sup>er<\/sup> juillet, premi\u00e8re phase termin\u00e9e,<a href=\"https:\/\/www.worldometers.info\/coronavirus\/country\/france\/\" target=\"_blank\" rel=\"noreferrer noopener\"> le bilan<\/a> de l\u2019\u00e9pid\u00e9mie approchait les 30&nbsp;000 morts. Nous venons de d\u00e9passer les 40&nbsp;000. Du 1<sup>er<\/sup> au 7 novembre, la France a enregistr\u00e9 3081 d\u00e9c\u00e8s dus \u00e0 la Covid.<\/p>\n\n\n\n<p>Dans ces situations exceptionnelles, on applique les protocoles et mesures pr\u00e9vues en m\u00e9decine de catastrophe.<\/p>\n\n\n\n<p>C\u2019est ce que nous explique Julie Oudet, sp\u00e9cialiste de m\u00e9decine de catastrophe, dans un long fil sur Twitter, ensuite <a href=\"https:\/\/threadreaderapp.com\/thread\/1322531596809981954.html\" target=\"_blank\" rel=\"noreferrer noopener\">repris par un compilateur <\/a>de thread.<\/p>\n\n\n\n<p>Face \u00e0 toute catastrophe, une condition majeure d\u2019efficacit\u00e9 est qu\u2019il y ait une personne tout en haut de la pyramide qui assure le commandement. Les erreurs qu\u2019il peut faire peuvent \u00eatre graves mais le seront toujours moins que si on est dans une situation non coordonn\u00e9e.<\/p>\n\n\n\n<p>S\u2019il y a de la cacophonie, des personnes qui ne suivent pas les consignes, les cons\u00e9quences n\u00e9fastes s\u2019accumulent, la situation s\u2019aggrave. Cela signifie des morts en plus. Beaucoup de morts en plus. C\u2019est ce qui se passe aujourd\u2019hui en France. Tous ceux qui sont venus faire de la cacophonie ont particip\u00e9 \u00e0 ce que la catastrophe soit pire.<\/p>\n\n\n\n<p>Les m\u00e9decins (comme ceux qui ne le sont pas) qui ont ni\u00e9 ou minimis\u00e9 les risques, ou pr\u00e9tendu d\u00e9tenir un traitement, ont particip\u00e9 \u00e0 aggraver la situation en encourageant les Fran\u00e7ais \u00e0 ne pas suivre les consignes.<\/p>\n\n\n\n<p>Tous les m\u00e9dias qui leur ont complaisamment tendu leur micros ou ouverts largement leurs pages sans contradiction se sont \u00e9galement comport\u00e9s en irresponsables.<\/p>\n\n\n\n<p>Les politiques qui ont propag\u00e9 les mythes d\u00e9nialistes, qui ont essay\u00e9 de repousser le d\u00e9clenchement de nouvelles contraintes dans leur territoire (encore un instant monsieur le bourreau&nbsp;!) ou qui ont voulu faire \u00e9chapper telle ou telle cat\u00e9gorie de leurs \u00e9lecteurs au mesures prises ont particip\u00e9 \u00e0 la cacophonie quand ils auraient d\u00fb pousser les Fran\u00e7ais \u00e0 faire preuve de prudence, quand ils devraient montrer l\u2019exemple.<\/p>\n\n\n\n<p>Comme il ne suffit pas d\u2019affirmer ce qui pr\u00e9c\u00e8de, la Gazette de Sceaux compte reprendre un par un les faux arguments de ces irresponsables dans une s\u00e9rie d\u2019articles, en faire une sorte de b\u00eatisier. Cela n\u2019a rien de difficile&nbsp;: les explications sont largement disponibles et pr\u00e9sent\u00e9es par des scientifiques dignes de foi ( il y a un consensus scientifique sur le sujet et ceux qui veulent faire croire le contraire sont en r\u00e9alit\u00e9 ultra minoritaires). Au passage, on donnera aussi quelques \u00e9l\u00e9ments pour mieux comprendre l\u2019\u00e9pid\u00e9mie.<\/p>\n\n\n\n<p>Sur le m\u00eame sujet : <a rel=\"noreferrer noopener\" href=\"https:\/\/sceaux-lagazette.fr\/index.php\/2020\/11\/09\/covid-faire-bonne-mesure\/\" target=\"_blank\">r<\/a><\/p>\n\n\n\n<p><a rel=\"noreferrer noopener\" href=\"https:\/\/sceaux-lagazette.fr\/index.php\/2020\/11\/24\/le-confinement-morsceaux-choisis\/\" target=\"_blank\">Le confinement: mor(S)ceaux choisis<\/a> <\/p>\n\n\n\n<p>B\u00eatisier 1 : <a rel=\"noreferrer noopener\" href=\"https:\/\/sceaux-lagazette.fr\/index.php\/2020\/11\/12\/betisier-1-pas-plus-de-morts-quavec-les-trottinettes\/\" target=\"_blank\">Pas plus de morts qu&rsquo;avec les trottinettes<\/a> <\/p>\n\n\n\n<p>B\u00eatisier 2 : <a rel=\"noreferrer noopener\" href=\"https:\/\/sceaux-lagazette.fr\/index.php\/2020\/11\/16\/betisier-2-on-nous-cache-tout-on-nous-dit-rien\/\" target=\"_blank\">On nous cache tout, on nous dit rien<\/a> <\/p>\n\n\n\n<p>B\u00eatisier 3 :<a rel=\"noreferrer noopener\" href=\"https:\/\/sceaux-lagazette.fr\/index.php\/2020\/11\/27\/betisier-3-lepidemie-seteindra-toute-seule\/\" target=\"_blank\"> L\u2019\u00e9pid\u00e9mie s&rsquo;\u00e9teindra toute seule<\/a> <\/p>\n\n\n\n<p>B\u00eatisier 4 : <a rel=\"noreferrer noopener\" href=\"https:\/\/sceaux-lagazette.fr\/index.php\/2020\/12\/02\/betisier-4-les-rares-victimes-allaient-mourir-bientot-de-toutes-manieres\/\" target=\"_blank\">Les rares victimes allaient mourir de toutes mani\u00e8res<\/a> <\/p>\n\n\n\n<p>B\u00eatisier 5 : <a rel=\"noreferrer noopener\" href=\"https:\/\/sceaux-lagazette.fr\/index.php\/2020\/12\/05\/betisier-5-on-dispose-dun-traitement-efficace-quon-interdit-de-prescrire\/\" target=\"_blank\">on dispose d&rsquo;un traitement efficace qu&rsquo;on interdit de prescrire<\/a><\/p>\n\n\n\n<p><\/p>\n","protected":false},"excerpt":{"rendered":"<p>Dans une vid\u00e9o qui tourne sur Internet, un m\u00e9decin r\u00e9animateur de l\u2019h\u00f4pital de Valenciennes explique que les 8 lits de son unit\u00e9 sont tous occup\u00e9s par des malades Covid. Que c\u2019est aussi le cas des 7 lits de l\u2019unit\u00e9 2 et des 8 lits de l\u2019unit\u00e9 3. Dans le sud&#8230;<\/p>\n","protected":false},"author":11,"featured_media":0,"comment_status":"open","ping_status":"open","sticky":false,"template":"","format":"standard","meta":{"om_disable_all_campaigns":false,"_monsterinsights_skip_tracking":false,"_monsterinsights_sitenote_active":false,"_monsterinsights_sitenote_note":"","_monsterinsights_sitenote_category":0,"_uf_show_specific_survey":0,"_uf_disable_surveys":false,"footnotes":""},"categories":[53,60],"tags":[],"class_list":["post-2484","post","type-post","status-publish","format-standard","hentry","category-analyses","category-sante","entry","simple"],"yoast_head":"<!-- This site is optimized with the Yoast SEO plugin v25.6 - https:\/\/yoast.com\/wordpress\/plugins\/seo\/ -->\n<title>Covid : faire bonne mesure - La Gazette<\/title>\n<meta name=\"robots\" content=\"index, follow, max-snippet:-1, max-image-preview:large, max-video-preview:-1\" \/>\n<link rel=\"canonical\" href=\"https:\/\/sceaux-lagazette.fr\/index.php\/2020\/11\/09\/covid-faire-bonne-mesure\/\" \/>\n<meta property=\"og:locale\" content=\"fr_FR\" \/>\n<meta property=\"og:type\" content=\"article\" \/>\n<meta property=\"og:title\" content=\"Covid : faire bonne mesure - La Gazette\" \/>\n<meta property=\"og:description\" content=\"Dans une vid\u00e9o qui tourne sur Internet, un m\u00e9decin r\u00e9animateur de l\u2019h\u00f4pital de Valenciennes explique que les 8 lits de son unit\u00e9 sont tous occup\u00e9s par des malades Covid. Que c\u2019est aussi le cas des 7 lits de l\u2019unit\u00e9 2 et des 8 lits de l\u2019unit\u00e9 3. Dans le sud&#8230;\" \/>\n<meta property=\"og:url\" content=\"https:\/\/sceaux-lagazette.fr\/index.php\/2020\/11\/09\/covid-faire-bonne-mesure\/\" \/>\n<meta property=\"og:site_name\" content=\"La Gazette\" \/>\n<meta property=\"article:published_time\" content=\"2020-11-09T07:26:20+00:00\" \/>\n<meta property=\"article:modified_time\" content=\"2020-12-05T09:03:29+00:00\" \/>\n<meta property=\"og:image\" content=\"https:\/\/sceaux-lagazette.fr\/wp-content\/uploads\/2025\/12\/Logo-Titre-Gazette-2025-08.jpg\" \/>\n\t<meta property=\"og:image:width\" content=\"636\" \/>\n\t<meta property=\"og:image:height\" content=\"148\" \/>\n\t<meta property=\"og:image:type\" content=\"image\/jpeg\" \/>\n<meta name=\"author\" content=\"G\u00e9rard Bardier\" \/>\n<meta name=\"twitter:card\" content=\"summary_large_image\" \/>\n<meta name=\"twitter:label1\" content=\"\u00c9crit par\" \/>\n\t<meta name=\"twitter:data1\" content=\"G\u00e9rard Bardier\" \/>\n\t<meta name=\"twitter:label2\" content=\"Dur\u00e9e de lecture estim\u00e9e\" \/>\n\t<meta name=\"twitter:data2\" content=\"3 minutes\" \/>\n<script type=\"application\/ld+json\" class=\"yoast-schema-graph\">{\"@context\":\"https:\/\/schema.org\",\"@graph\":[{\"@type\":\"Article\",\"@id\":\"https:\/\/sceaux-lagazette.fr\/index.php\/2020\/11\/09\/covid-faire-bonne-mesure\/#article\",\"isPartOf\":{\"@id\":\"https:\/\/sceaux-lagazette.fr\/index.php\/2020\/11\/09\/covid-faire-bonne-mesure\/\"},\"author\":{\"name\":\"G\u00e9rard Bardier\",\"@id\":\"https:\/\/sceaux-lagazette.fr\/#\/schema\/person\/5650e206a121f68c6f5e76379bccfbc4\"},\"headline\":\"Covid : faire bonne mesure\",\"datePublished\":\"2020-11-09T07:26:20+00:00\",\"dateModified\":\"2020-12-05T09:03:29+00:00\",\"mainEntityOfPage\":{\"@id\":\"https:\/\/sceaux-lagazette.fr\/index.php\/2020\/11\/09\/covid-faire-bonne-mesure\/\"},\"wordCount\":600,\"commentCount\":6,\"publisher\":{\"@id\":\"https:\/\/sceaux-lagazette.fr\/#organization\"},\"articleSection\":[\"Analyses\",\"Sant\u00e9\"],\"inLanguage\":\"fr-FR\",\"potentialAction\":[{\"@type\":\"CommentAction\",\"name\":\"Comment\",\"target\":[\"https:\/\/sceaux-lagazette.fr\/index.php\/2020\/11\/09\/covid-faire-bonne-mesure\/#respond\"]}]},{\"@type\":\"WebPage\",\"@id\":\"https:\/\/sceaux-lagazette.fr\/index.php\/2020\/11\/09\/covid-faire-bonne-mesure\/\",\"url\":\"https:\/\/sceaux-lagazette.fr\/index.php\/2020\/11\/09\/covid-faire-bonne-mesure\/\",\"name\":\"Covid : faire bonne mesure - La Gazette\",\"isPartOf\":{\"@id\":\"https:\/\/sceaux-lagazette.fr\/#website\"},\"datePublished\":\"2020-11-09T07:26:20+00:00\",\"dateModified\":\"2020-12-05T09:03:29+00:00\",\"breadcrumb\":{\"@id\":\"https:\/\/sceaux-lagazette.fr\/index.php\/2020\/11\/09\/covid-faire-bonne-mesure\/#breadcrumb\"},\"inLanguage\":\"fr-FR\",\"potentialAction\":[{\"@type\":\"ReadAction\",\"target\":[\"https:\/\/sceaux-lagazette.fr\/index.php\/2020\/11\/09\/covid-faire-bonne-mesure\/\"]}]},{\"@type\":\"BreadcrumbList\",\"@id\":\"https:\/\/sceaux-lagazette.fr\/index.php\/2020\/11\/09\/covid-faire-bonne-mesure\/#breadcrumb\",\"itemListElement\":[{\"@type\":\"ListItem\",\"position\":1,\"name\":\"Accueil\",\"item\":\"https:\/\/sceaux-lagazette.fr\/\"},{\"@type\":\"ListItem\",\"position\":2,\"name\":\"Covid : faire bonne mesure\"}]},{\"@type\":\"WebSite\",\"@id\":\"https:\/\/sceaux-lagazette.fr\/#website\",\"url\":\"https:\/\/sceaux-lagazette.fr\/\",\"name\":\"La Gazette\",\"description\":\"Bourg-la-Reine, Ch\u00e2tenay, Fontenay, Sceaux\",\"publisher\":{\"@id\":\"https:\/\/sceaux-lagazette.fr\/#organization\"},\"potentialAction\":[{\"@type\":\"SearchAction\",\"target\":{\"@type\":\"EntryPoint\",\"urlTemplate\":\"https:\/\/sceaux-lagazette.fr\/?s={search_term_string}\"},\"query-input\":{\"@type\":\"PropertyValueSpecification\",\"valueRequired\":true,\"valueName\":\"search_term_string\"}}],\"inLanguage\":\"fr-FR\"},{\"@type\":\"Organization\",\"@id\":\"https:\/\/sceaux-lagazette.fr\/#organization\",\"name\":\"La Gazette\",\"url\":\"https:\/\/sceaux-lagazette.fr\/\",\"logo\":{\"@type\":\"ImageObject\",\"inLanguage\":\"fr-FR\",\"@id\":\"https:\/\/sceaux-lagazette.fr\/#\/schema\/logo\/image\/\",\"url\":\"https:\/\/sceaux-lagazette.fr\/wp-content\/uploads\/2025\/08\/Logo-Gazette-Aout-2025-V3.jpg\",\"contentUrl\":\"https:\/\/sceaux-lagazette.fr\/wp-content\/uploads\/2025\/08\/Logo-Gazette-Aout-2025-V3.jpg\",\"width\":525,\"height\":130,\"caption\":\"La Gazette\"},\"image\":{\"@id\":\"https:\/\/sceaux-lagazette.fr\/#\/schema\/logo\/image\/\"}},{\"@type\":\"Person\",\"@id\":\"https:\/\/sceaux-lagazette.fr\/#\/schema\/person\/5650e206a121f68c6f5e76379bccfbc4\",\"name\":\"G\u00e9rard Bardier\",\"image\":{\"@type\":\"ImageObject\",\"inLanguage\":\"fr-FR\",\"@id\":\"https:\/\/sceaux-lagazette.fr\/#\/schema\/person\/image\/\",\"url\":\"https:\/\/secure.gravatar.com\/avatar\/5cf4391ef9dbc0367750202561279a29?s=96&r=g\",\"contentUrl\":\"https:\/\/secure.gravatar.com\/avatar\/5cf4391ef9dbc0367750202561279a29?s=96&r=g\",\"caption\":\"G\u00e9rard Bardier\"},\"url\":\"https:\/\/sceaux-lagazette.fr\/index.php\/author\/gb\/\"}]}<\/script>\n<!-- \/ Yoast SEO plugin. -->","yoast_head_json":{"title":"Covid : faire bonne mesure - La Gazette","robots":{"index":"index","follow":"follow","max-snippet":"max-snippet:-1","max-image-preview":"max-image-preview:large","max-video-preview":"max-video-preview:-1"},"canonical":"https:\/\/sceaux-lagazette.fr\/index.php\/2020\/11\/09\/covid-faire-bonne-mesure\/","og_locale":"fr_FR","og_type":"article","og_title":"Covid : faire bonne mesure - La Gazette","og_description":"Dans une vid\u00e9o qui tourne sur Internet, un m\u00e9decin r\u00e9animateur de l\u2019h\u00f4pital de Valenciennes explique que les 8 lits de son unit\u00e9 sont tous occup\u00e9s par des malades Covid. Que c\u2019est aussi le cas des 7 lits de l\u2019unit\u00e9 2 et des 8 lits de l\u2019unit\u00e9 3. Dans le sud&#8230;","og_url":"https:\/\/sceaux-lagazette.fr\/index.php\/2020\/11\/09\/covid-faire-bonne-mesure\/","og_site_name":"La Gazette","article_published_time":"2020-11-09T07:26:20+00:00","article_modified_time":"2020-12-05T09:03:29+00:00","og_image":[{"width":636,"height":148,"url":"https:\/\/sceaux-lagazette.fr\/wp-content\/uploads\/2025\/12\/Logo-Titre-Gazette-2025-08.jpg","type":"image\/jpeg"}],"author":"G\u00e9rard Bardier","twitter_card":"summary_large_image","twitter_misc":{"\u00c9crit par":"G\u00e9rard Bardier","Dur\u00e9e de lecture estim\u00e9e":"3 minutes"},"schema":{"@context":"https:\/\/schema.org","@graph":[{"@type":"Article","@id":"https:\/\/sceaux-lagazette.fr\/index.php\/2020\/11\/09\/covid-faire-bonne-mesure\/#article","isPartOf":{"@id":"https:\/\/sceaux-lagazette.fr\/index.php\/2020\/11\/09\/covid-faire-bonne-mesure\/"},"author":{"name":"G\u00e9rard Bardier","@id":"https:\/\/sceaux-lagazette.fr\/#\/schema\/person\/5650e206a121f68c6f5e76379bccfbc4"},"headline":"Covid : faire bonne mesure","datePublished":"2020-11-09T07:26:20+00:00","dateModified":"2020-12-05T09:03:29+00:00","mainEntityOfPage":{"@id":"https:\/\/sceaux-lagazette.fr\/index.php\/2020\/11\/09\/covid-faire-bonne-mesure\/"},"wordCount":600,"commentCount":6,"publisher":{"@id":"https:\/\/sceaux-lagazette.fr\/#organization"},"articleSection":["Analyses","Sant\u00e9"],"inLanguage":"fr-FR","potentialAction":[{"@type":"CommentAction","name":"Comment","target":["https:\/\/sceaux-lagazette.fr\/index.php\/2020\/11\/09\/covid-faire-bonne-mesure\/#respond"]}]},{"@type":"WebPage","@id":"https:\/\/sceaux-lagazette.fr\/index.php\/2020\/11\/09\/covid-faire-bonne-mesure\/","url":"https:\/\/sceaux-lagazette.fr\/index.php\/2020\/11\/09\/covid-faire-bonne-mesure\/","name":"Covid : faire bonne mesure - La Gazette","isPartOf":{"@id":"https:\/\/sceaux-lagazette.fr\/#website"},"datePublished":"2020-11-09T07:26:20+00:00","dateModified":"2020-12-05T09:03:29+00:00","breadcrumb":{"@id":"https:\/\/sceaux-lagazette.fr\/index.php\/2020\/11\/09\/covid-faire-bonne-mesure\/#breadcrumb"},"inLanguage":"fr-FR","potentialAction":[{"@type":"ReadAction","target":["https:\/\/sceaux-lagazette.fr\/index.php\/2020\/11\/09\/covid-faire-bonne-mesure\/"]}]},{"@type":"BreadcrumbList","@id":"https:\/\/sceaux-lagazette.fr\/index.php\/2020\/11\/09\/covid-faire-bonne-mesure\/#breadcrumb","itemListElement":[{"@type":"ListItem","position":1,"name":"Accueil","item":"https:\/\/sceaux-lagazette.fr\/"},{"@type":"ListItem","position":2,"name":"Covid : faire bonne mesure"}]},{"@type":"WebSite","@id":"https:\/\/sceaux-lagazette.fr\/#website","url":"https:\/\/sceaux-lagazette.fr\/","name":"La Gazette","description":"Bourg-la-Reine, Ch\u00e2tenay, Fontenay, Sceaux","publisher":{"@id":"https:\/\/sceaux-lagazette.fr\/#organization"},"potentialAction":[{"@type":"SearchAction","target":{"@type":"EntryPoint","urlTemplate":"https:\/\/sceaux-lagazette.fr\/?s={search_term_string}"},"query-input":{"@type":"PropertyValueSpecification","valueRequired":true,"valueName":"search_term_string"}}],"inLanguage":"fr-FR"},{"@type":"Organization","@id":"https:\/\/sceaux-lagazette.fr\/#organization","name":"La Gazette","url":"https:\/\/sceaux-lagazette.fr\/","logo":{"@type":"ImageObject","inLanguage":"fr-FR","@id":"https:\/\/sceaux-lagazette.fr\/#\/schema\/logo\/image\/","url":"https:\/\/sceaux-lagazette.fr\/wp-content\/uploads\/2025\/08\/Logo-Gazette-Aout-2025-V3.jpg","contentUrl":"https:\/\/sceaux-lagazette.fr\/wp-content\/uploads\/2025\/08\/Logo-Gazette-Aout-2025-V3.jpg","width":525,"height":130,"caption":"La Gazette"},"image":{"@id":"https:\/\/sceaux-lagazette.fr\/#\/schema\/logo\/image\/"}},{"@type":"Person","@id":"https:\/\/sceaux-lagazette.fr\/#\/schema\/person\/5650e206a121f68c6f5e76379bccfbc4","name":"G\u00e9rard Bardier","image":{"@type":"ImageObject","inLanguage":"fr-FR","@id":"https:\/\/sceaux-lagazette.fr\/#\/schema\/person\/image\/","url":"https:\/\/secure.gravatar.com\/avatar\/5cf4391ef9dbc0367750202561279a29?s=96&r=g","contentUrl":"https:\/\/secure.gravatar.com\/avatar\/5cf4391ef9dbc0367750202561279a29?s=96&r=g","caption":"G\u00e9rard Bardier"},"url":"https:\/\/sceaux-lagazette.fr\/index.php\/author\/gb\/"}]}},"cc_featured_image_caption":{"caption_text":false,"source_text":false,"source_url":false},"_links":{"self":[{"href":"https:\/\/sceaux-lagazette.fr\/index.php\/wp-json\/wp\/v2\/posts\/2484"}],"collection":[{"href":"https:\/\/sceaux-lagazette.fr\/index.php\/wp-json\/wp\/v2\/posts"}],"about":[{"href":"https:\/\/sceaux-lagazette.fr\/index.php\/wp-json\/wp\/v2\/types\/post"}],"author":[{"embeddable":true,"href":"https:\/\/sceaux-lagazette.fr\/index.php\/wp-json\/wp\/v2\/users\/11"}],"replies":[{"embeddable":true,"href":"https:\/\/sceaux-lagazette.fr\/index.php\/wp-json\/wp\/v2\/comments?post=2484"}],"version-history":[{"count":3,"href":"https:\/\/sceaux-lagazette.fr\/index.php\/wp-json\/wp\/v2\/posts\/2484\/revisions"}],"predecessor-version":[{"id":2720,"href":"https:\/\/sceaux-lagazette.fr\/index.php\/wp-json\/wp\/v2\/posts\/2484\/revisions\/2720"}],"wp:attachment":[{"href":"https:\/\/sceaux-lagazette.fr\/index.php\/wp-json\/wp\/v2\/media?parent=2484"}],"wp:term":[{"taxonomy":"category","embeddable":true,"href":"https:\/\/sceaux-lagazette.fr\/index.php\/wp-json\/wp\/v2\/categories?post=2484"},{"taxonomy":"post_tag","embeddable":true,"href":"https:\/\/sceaux-lagazette.fr\/index.php\/wp-json\/wp\/v2\/tags?post=2484"}],"curies":[{"name":"wp","href":"https:\/\/api.w.org\/{rel}","templated":true}]}}