{"id":2341,"date":"2020-11-07T09:35:37","date_gmt":"2020-11-07T08:35:37","guid":{"rendered":"https:\/\/sceaux-lagazette.fr\/?p=2341"},"modified":"2020-11-07T17:55:29","modified_gmt":"2020-11-07T16:55:29","slug":"re-science-et-conscience","status":"publish","type":"post","link":"https:\/\/sceaux-lagazette.fr\/index.php\/2020\/11\/07\/re-science-et-conscience\/","title":{"rendered":"Re: Science et conscience?"},"content":{"rendered":"\n<p><a href=\"https:\/\/sceaux-lagazette.fr\/index.php\/2020\/10\/22\/science-et-conscience\/\" target=\"_blank\" rel=\"noreferrer noopener\">Un article r\u00e9cent<\/a> pose la question de la limite entre libert\u00e9 de la recherche et appr\u00e9ciation des innovations comme les biotechnologies, la 5G et bien d&rsquo;autres. L&rsquo;argumentation rappelle principalement les interdits qu&rsquo;ont subi les scientifiques quand leurs d\u00e9couvertes remettaient en cause la vision dominante (et impos\u00e9e) de la nature. Les exemples de Copernic et de Galil\u00e9e sont cit\u00e9s. Mais comme l&rsquo;intention de l&rsquo;auteur est d&rsquo;interroger le refus de technologies, il me semble (tr\u00e8s modestement) que le probl\u00e8me s\u2019\u00e9nonce  en d&rsquo;autres termes.<\/p>\n\n\n\n<p>Les r\u00e9volutions scientifiques comme celle de la rotation de la terre autour du soleil bouleversent les repr\u00e9sentations que nous avons du monde. Elles n&rsquo;ont pas en g\u00e9n\u00e9ral de cons\u00e9quence imm\u00e9diate, sauf celle de s&rsquo;opposer au dogme ambiant. Le d\u00e9bat engag\u00e9, ou l&rsquo;interdit pur et simple, \u00e9tait d&rsquo;ordre religieux. Un parall\u00e8le avec l&rsquo;actualit\u00e9 serait \u00e0 chercher dans la th\u00e9orie de l&rsquo;\u00e9volution de Darwin, contre laquelle les fondamentalistes s&rsquo;insurgent au motif de la contradiction avec leur lecture de leur texte de r\u00e9f\u00e9rence. On est, comme l&rsquo;indique l&rsquo;article, dans le d\u00e9bat \u00ab\u00a0philosophique\u00a0\u00bb ou disons plut\u00f4t th\u00e9orique (m\u00eame si la mise \u00e0 mort peut en \u00eatre l&rsquo;issue). On le constate tous les jours, on n&rsquo;en est pas sorti. <\/p>\n\n\n\n<p>Mais le refus de la 5G, pour prendre cet exemple, ob\u00e9it \u00e0 une autre logique. Ce n&rsquo;est pas dogme contre science. On est dans l&rsquo;impact, dans la pr\u00e9caution, la demande de garantie, de v\u00e9rifications&#8230; D&rsquo;une certaine fa\u00e7on, on est technique contre technique, mesures et contre-mesures, puis contre-contre-mesures. L&rsquo;id\u00e9e des opposants \u00e0 la nouvelle g\u00e9n\u00e9ration de t\u00e9l\u00e9phonie est plut\u00f4t dans la protection de l&rsquo;esp\u00e8ce, la consid\u00e9ration que le progr\u00e8s est devenu canc\u00e9rig\u00e8ne et que le haut-d\u00e9bit n&rsquo;a d&rsquo;usage que pornographique (si l&rsquo;on en croit le maire de Grenoble).<\/p>\n\n\n\n<p>Les objections \u00e0 ces accusations peuvent \u00eatre de plusieurs ordres: d&rsquo;innombrables \u00e9tudes ont \u00e9t\u00e9 men\u00e9es dans le monde entier sans d\u00e9montrer de nocivit\u00e9; de nouvelles applications sont en perspective et porteuses de valeur. Mais aucune ne rel\u00e8ve ni d&rsquo;une v\u00e9rit\u00e9 sup\u00e9rieure ni  d&rsquo;une d\u00e9couverte. C&rsquo;est une confiance contre une d\u00e9fiance, il en va souvent ainsi. Car nous avons besoin de nous projeter dans l&rsquo;avenir pour prendre des d\u00e9cisions, d&rsquo;anticiper les possibles cons\u00e9quences?  <\/p>\n\n\n\n<p>En ce sens, le questionnement de J-D Bour sur la science et la conscience s&rsquo;applique aussi aux  enjeux technologiques. De nombreux accusateurs de la 5G sont de ceux qui saluent la procr\u00e9ation technique. Il y a un mauvais progr\u00e8s et un bon progr\u00e8s. La diff\u00e9rence entre les deux, c&rsquo;est justement la conscience que l&rsquo;on se fait dudit progr\u00e8s. Et cette conscience est bien difficile \u00e0 justifier. On est dans les choix de vie.  <\/p>\n\n\n\n<p><\/p>\n","protected":false},"excerpt":{"rendered":"<p>Un article r\u00e9cent pose la question de la limite entre libert\u00e9 de la recherche et appr\u00e9ciation des innovations comme les biotechnologies, la 5G et bien d&rsquo;autres. L&rsquo;argumentation rappelle principalement les interdits qu&rsquo;ont subi les scientifiques quand leurs d\u00e9couvertes remettaient en cause la vision dominante (et impos\u00e9e) de la nature. Les&#8230;<\/p>\n","protected":false},"author":6,"featured_media":0,"comment_status":"open","ping_status":"open","sticky":false,"template":"","format":"standard","meta":{"om_disable_all_campaigns":false,"_monsterinsights_skip_tracking":false,"_monsterinsights_sitenote_active":false,"_monsterinsights_sitenote_note":"","_monsterinsights_sitenote_category":0,"_uf_show_specific_survey":0,"_uf_disable_surveys":false,"footnotes":""},"categories":[238],"tags":[],"class_list":["post-2341","post","type-post","status-publish","format-standard","hentry","category-opinions","entry","simple"],"yoast_head":"<!-- This site is optimized with the Yoast SEO plugin v25.6 - https:\/\/yoast.com\/wordpress\/plugins\/seo\/ -->\n<title>Re: Science et conscience? - La Gazette<\/title>\n<meta name=\"robots\" content=\"index, follow, max-snippet:-1, max-image-preview:large, max-video-preview:-1\" \/>\n<link rel=\"canonical\" href=\"https:\/\/sceaux-lagazette.fr\/index.php\/2020\/11\/07\/re-science-et-conscience\/\" \/>\n<meta property=\"og:locale\" content=\"fr_FR\" \/>\n<meta property=\"og:type\" content=\"article\" \/>\n<meta property=\"og:title\" content=\"Re: Science et conscience? - La Gazette\" \/>\n<meta property=\"og:description\" content=\"Un article r\u00e9cent pose la question de la limite entre libert\u00e9 de la recherche et appr\u00e9ciation des innovations comme les biotechnologies, la 5G et bien d&rsquo;autres. L&rsquo;argumentation rappelle principalement les interdits qu&rsquo;ont subi les scientifiques quand leurs d\u00e9couvertes remettaient en cause la vision dominante (et impos\u00e9e) de la nature. Les&#8230;\" \/>\n<meta property=\"og:url\" content=\"https:\/\/sceaux-lagazette.fr\/index.php\/2020\/11\/07\/re-science-et-conscience\/\" \/>\n<meta property=\"og:site_name\" content=\"La Gazette\" \/>\n<meta property=\"article:published_time\" content=\"2020-11-07T08:35:37+00:00\" \/>\n<meta property=\"article:modified_time\" content=\"2020-11-07T16:55:29+00:00\" \/>\n<meta property=\"og:image\" content=\"https:\/\/sceaux-lagazette.fr\/wp-content\/uploads\/2025\/12\/Logo-Titre-Gazette-2025-08.jpg\" \/>\n\t<meta property=\"og:image:width\" content=\"636\" \/>\n\t<meta property=\"og:image:height\" content=\"148\" \/>\n\t<meta property=\"og:image:type\" content=\"image\/jpeg\" \/>\n<meta name=\"author\" content=\"Maurice Zytnicki\" \/>\n<meta name=\"twitter:card\" content=\"summary_large_image\" \/>\n<meta name=\"twitter:label1\" content=\"\u00c9crit par\" \/>\n\t<meta name=\"twitter:data1\" content=\"Maurice Zytnicki\" \/>\n\t<meta name=\"twitter:label2\" content=\"Dur\u00e9e de lecture estim\u00e9e\" \/>\n\t<meta name=\"twitter:data2\" content=\"2 minutes\" \/>\n<script type=\"application\/ld+json\" class=\"yoast-schema-graph\">{\"@context\":\"https:\/\/schema.org\",\"@graph\":[{\"@type\":\"Article\",\"@id\":\"https:\/\/sceaux-lagazette.fr\/index.php\/2020\/11\/07\/re-science-et-conscience\/#article\",\"isPartOf\":{\"@id\":\"https:\/\/sceaux-lagazette.fr\/index.php\/2020\/11\/07\/re-science-et-conscience\/\"},\"author\":{\"name\":\"Maurice Zytnicki\",\"@id\":\"https:\/\/sceaux-lagazette.fr\/#\/schema\/person\/060ab8fc058c4220d9079707a58da9f1\"},\"headline\":\"Re: Science et conscience?\",\"datePublished\":\"2020-11-07T08:35:37+00:00\",\"dateModified\":\"2020-11-07T16:55:29+00:00\",\"mainEntityOfPage\":{\"@id\":\"https:\/\/sceaux-lagazette.fr\/index.php\/2020\/11\/07\/re-science-et-conscience\/\"},\"wordCount\":514,\"commentCount\":0,\"publisher\":{\"@id\":\"https:\/\/sceaux-lagazette.fr\/#organization\"},\"articleSection\":[\"Opinions\"],\"inLanguage\":\"fr-FR\",\"potentialAction\":[{\"@type\":\"CommentAction\",\"name\":\"Comment\",\"target\":[\"https:\/\/sceaux-lagazette.fr\/index.php\/2020\/11\/07\/re-science-et-conscience\/#respond\"]}]},{\"@type\":\"WebPage\",\"@id\":\"https:\/\/sceaux-lagazette.fr\/index.php\/2020\/11\/07\/re-science-et-conscience\/\",\"url\":\"https:\/\/sceaux-lagazette.fr\/index.php\/2020\/11\/07\/re-science-et-conscience\/\",\"name\":\"Re: Science et conscience? - La Gazette\",\"isPartOf\":{\"@id\":\"https:\/\/sceaux-lagazette.fr\/#website\"},\"datePublished\":\"2020-11-07T08:35:37+00:00\",\"dateModified\":\"2020-11-07T16:55:29+00:00\",\"breadcrumb\":{\"@id\":\"https:\/\/sceaux-lagazette.fr\/index.php\/2020\/11\/07\/re-science-et-conscience\/#breadcrumb\"},\"inLanguage\":\"fr-FR\",\"potentialAction\":[{\"@type\":\"ReadAction\",\"target\":[\"https:\/\/sceaux-lagazette.fr\/index.php\/2020\/11\/07\/re-science-et-conscience\/\"]}]},{\"@type\":\"BreadcrumbList\",\"@id\":\"https:\/\/sceaux-lagazette.fr\/index.php\/2020\/11\/07\/re-science-et-conscience\/#breadcrumb\",\"itemListElement\":[{\"@type\":\"ListItem\",\"position\":1,\"name\":\"Accueil\",\"item\":\"https:\/\/sceaux-lagazette.fr\/\"},{\"@type\":\"ListItem\",\"position\":2,\"name\":\"Re: Science et conscience?\"}]},{\"@type\":\"WebSite\",\"@id\":\"https:\/\/sceaux-lagazette.fr\/#website\",\"url\":\"https:\/\/sceaux-lagazette.fr\/\",\"name\":\"La Gazette\",\"description\":\"Bourg-la-Reine, Ch\u00e2tenay, Fontenay, Sceaux\",\"publisher\":{\"@id\":\"https:\/\/sceaux-lagazette.fr\/#organization\"},\"potentialAction\":[{\"@type\":\"SearchAction\",\"target\":{\"@type\":\"EntryPoint\",\"urlTemplate\":\"https:\/\/sceaux-lagazette.fr\/?s={search_term_string}\"},\"query-input\":{\"@type\":\"PropertyValueSpecification\",\"valueRequired\":true,\"valueName\":\"search_term_string\"}}],\"inLanguage\":\"fr-FR\"},{\"@type\":\"Organization\",\"@id\":\"https:\/\/sceaux-lagazette.fr\/#organization\",\"name\":\"La Gazette\",\"url\":\"https:\/\/sceaux-lagazette.fr\/\",\"logo\":{\"@type\":\"ImageObject\",\"inLanguage\":\"fr-FR\",\"@id\":\"https:\/\/sceaux-lagazette.fr\/#\/schema\/logo\/image\/\",\"url\":\"https:\/\/sceaux-lagazette.fr\/wp-content\/uploads\/2025\/08\/Logo-Gazette-Aout-2025-V3.jpg\",\"contentUrl\":\"https:\/\/sceaux-lagazette.fr\/wp-content\/uploads\/2025\/08\/Logo-Gazette-Aout-2025-V3.jpg\",\"width\":525,\"height\":130,\"caption\":\"La Gazette\"},\"image\":{\"@id\":\"https:\/\/sceaux-lagazette.fr\/#\/schema\/logo\/image\/\"}},{\"@type\":\"Person\",\"@id\":\"https:\/\/sceaux-lagazette.fr\/#\/schema\/person\/060ab8fc058c4220d9079707a58da9f1\",\"name\":\"Maurice Zytnicki\",\"image\":{\"@type\":\"ImageObject\",\"inLanguage\":\"fr-FR\",\"@id\":\"https:\/\/sceaux-lagazette.fr\/#\/schema\/person\/image\/\",\"url\":\"https:\/\/secure.gravatar.com\/avatar\/d94d30d6fa0e9cb7af48a89366fc0cdb?s=96&r=g\",\"contentUrl\":\"https:\/\/secure.gravatar.com\/avatar\/d94d30d6fa0e9cb7af48a89366fc0cdb?s=96&r=g\",\"caption\":\"Maurice Zytnicki\"},\"url\":\"https:\/\/sceaux-lagazette.fr\/index.php\/author\/maurice\/\"}]}<\/script>\n<!-- \/ Yoast SEO plugin. -->","yoast_head_json":{"title":"Re: Science et conscience? - La Gazette","robots":{"index":"index","follow":"follow","max-snippet":"max-snippet:-1","max-image-preview":"max-image-preview:large","max-video-preview":"max-video-preview:-1"},"canonical":"https:\/\/sceaux-lagazette.fr\/index.php\/2020\/11\/07\/re-science-et-conscience\/","og_locale":"fr_FR","og_type":"article","og_title":"Re: Science et conscience? - La Gazette","og_description":"Un article r\u00e9cent pose la question de la limite entre libert\u00e9 de la recherche et appr\u00e9ciation des innovations comme les biotechnologies, la 5G et bien d&rsquo;autres. L&rsquo;argumentation rappelle principalement les interdits qu&rsquo;ont subi les scientifiques quand leurs d\u00e9couvertes remettaient en cause la vision dominante (et impos\u00e9e) de la nature. Les&#8230;","og_url":"https:\/\/sceaux-lagazette.fr\/index.php\/2020\/11\/07\/re-science-et-conscience\/","og_site_name":"La Gazette","article_published_time":"2020-11-07T08:35:37+00:00","article_modified_time":"2020-11-07T16:55:29+00:00","og_image":[{"width":636,"height":148,"url":"https:\/\/sceaux-lagazette.fr\/wp-content\/uploads\/2025\/12\/Logo-Titre-Gazette-2025-08.jpg","type":"image\/jpeg"}],"author":"Maurice Zytnicki","twitter_card":"summary_large_image","twitter_misc":{"\u00c9crit par":"Maurice Zytnicki","Dur\u00e9e de lecture estim\u00e9e":"2 minutes"},"schema":{"@context":"https:\/\/schema.org","@graph":[{"@type":"Article","@id":"https:\/\/sceaux-lagazette.fr\/index.php\/2020\/11\/07\/re-science-et-conscience\/#article","isPartOf":{"@id":"https:\/\/sceaux-lagazette.fr\/index.php\/2020\/11\/07\/re-science-et-conscience\/"},"author":{"name":"Maurice Zytnicki","@id":"https:\/\/sceaux-lagazette.fr\/#\/schema\/person\/060ab8fc058c4220d9079707a58da9f1"},"headline":"Re: Science et conscience?","datePublished":"2020-11-07T08:35:37+00:00","dateModified":"2020-11-07T16:55:29+00:00","mainEntityOfPage":{"@id":"https:\/\/sceaux-lagazette.fr\/index.php\/2020\/11\/07\/re-science-et-conscience\/"},"wordCount":514,"commentCount":0,"publisher":{"@id":"https:\/\/sceaux-lagazette.fr\/#organization"},"articleSection":["Opinions"],"inLanguage":"fr-FR","potentialAction":[{"@type":"CommentAction","name":"Comment","target":["https:\/\/sceaux-lagazette.fr\/index.php\/2020\/11\/07\/re-science-et-conscience\/#respond"]}]},{"@type":"WebPage","@id":"https:\/\/sceaux-lagazette.fr\/index.php\/2020\/11\/07\/re-science-et-conscience\/","url":"https:\/\/sceaux-lagazette.fr\/index.php\/2020\/11\/07\/re-science-et-conscience\/","name":"Re: Science et conscience? - La Gazette","isPartOf":{"@id":"https:\/\/sceaux-lagazette.fr\/#website"},"datePublished":"2020-11-07T08:35:37+00:00","dateModified":"2020-11-07T16:55:29+00:00","breadcrumb":{"@id":"https:\/\/sceaux-lagazette.fr\/index.php\/2020\/11\/07\/re-science-et-conscience\/#breadcrumb"},"inLanguage":"fr-FR","potentialAction":[{"@type":"ReadAction","target":["https:\/\/sceaux-lagazette.fr\/index.php\/2020\/11\/07\/re-science-et-conscience\/"]}]},{"@type":"BreadcrumbList","@id":"https:\/\/sceaux-lagazette.fr\/index.php\/2020\/11\/07\/re-science-et-conscience\/#breadcrumb","itemListElement":[{"@type":"ListItem","position":1,"name":"Accueil","item":"https:\/\/sceaux-lagazette.fr\/"},{"@type":"ListItem","position":2,"name":"Re: Science et conscience?"}]},{"@type":"WebSite","@id":"https:\/\/sceaux-lagazette.fr\/#website","url":"https:\/\/sceaux-lagazette.fr\/","name":"La Gazette","description":"Bourg-la-Reine, Ch\u00e2tenay, Fontenay, Sceaux","publisher":{"@id":"https:\/\/sceaux-lagazette.fr\/#organization"},"potentialAction":[{"@type":"SearchAction","target":{"@type":"EntryPoint","urlTemplate":"https:\/\/sceaux-lagazette.fr\/?s={search_term_string}"},"query-input":{"@type":"PropertyValueSpecification","valueRequired":true,"valueName":"search_term_string"}}],"inLanguage":"fr-FR"},{"@type":"Organization","@id":"https:\/\/sceaux-lagazette.fr\/#organization","name":"La Gazette","url":"https:\/\/sceaux-lagazette.fr\/","logo":{"@type":"ImageObject","inLanguage":"fr-FR","@id":"https:\/\/sceaux-lagazette.fr\/#\/schema\/logo\/image\/","url":"https:\/\/sceaux-lagazette.fr\/wp-content\/uploads\/2025\/08\/Logo-Gazette-Aout-2025-V3.jpg","contentUrl":"https:\/\/sceaux-lagazette.fr\/wp-content\/uploads\/2025\/08\/Logo-Gazette-Aout-2025-V3.jpg","width":525,"height":130,"caption":"La Gazette"},"image":{"@id":"https:\/\/sceaux-lagazette.fr\/#\/schema\/logo\/image\/"}},{"@type":"Person","@id":"https:\/\/sceaux-lagazette.fr\/#\/schema\/person\/060ab8fc058c4220d9079707a58da9f1","name":"Maurice Zytnicki","image":{"@type":"ImageObject","inLanguage":"fr-FR","@id":"https:\/\/sceaux-lagazette.fr\/#\/schema\/person\/image\/","url":"https:\/\/secure.gravatar.com\/avatar\/d94d30d6fa0e9cb7af48a89366fc0cdb?s=96&r=g","contentUrl":"https:\/\/secure.gravatar.com\/avatar\/d94d30d6fa0e9cb7af48a89366fc0cdb?s=96&r=g","caption":"Maurice Zytnicki"},"url":"https:\/\/sceaux-lagazette.fr\/index.php\/author\/maurice\/"}]}},"cc_featured_image_caption":{"caption_text":false,"source_text":false,"source_url":false},"_links":{"self":[{"href":"https:\/\/sceaux-lagazette.fr\/index.php\/wp-json\/wp\/v2\/posts\/2341"}],"collection":[{"href":"https:\/\/sceaux-lagazette.fr\/index.php\/wp-json\/wp\/v2\/posts"}],"about":[{"href":"https:\/\/sceaux-lagazette.fr\/index.php\/wp-json\/wp\/v2\/types\/post"}],"author":[{"embeddable":true,"href":"https:\/\/sceaux-lagazette.fr\/index.php\/wp-json\/wp\/v2\/users\/6"}],"replies":[{"embeddable":true,"href":"https:\/\/sceaux-lagazette.fr\/index.php\/wp-json\/wp\/v2\/comments?post=2341"}],"version-history":[{"count":12,"href":"https:\/\/sceaux-lagazette.fr\/index.php\/wp-json\/wp\/v2\/posts\/2341\/revisions"}],"predecessor-version":[{"id":2483,"href":"https:\/\/sceaux-lagazette.fr\/index.php\/wp-json\/wp\/v2\/posts\/2341\/revisions\/2483"}],"wp:attachment":[{"href":"https:\/\/sceaux-lagazette.fr\/index.php\/wp-json\/wp\/v2\/media?parent=2341"}],"wp:term":[{"taxonomy":"category","embeddable":true,"href":"https:\/\/sceaux-lagazette.fr\/index.php\/wp-json\/wp\/v2\/categories?post=2341"},{"taxonomy":"post_tag","embeddable":true,"href":"https:\/\/sceaux-lagazette.fr\/index.php\/wp-json\/wp\/v2\/tags?post=2341"}],"curies":[{"name":"wp","href":"https:\/\/api.w.org\/{rel}","templated":true}]}}