{"id":2291,"date":"2020-10-23T11:14:06","date_gmt":"2020-10-23T09:14:06","guid":{"rendered":"https:\/\/sceaux-lagazette.fr\/?p=2291"},"modified":"2020-10-23T11:33:03","modified_gmt":"2020-10-23T09:33:03","slug":"securite-pour-les-cyclistes-lavis-de-p-pattee","status":"publish","type":"post","link":"https:\/\/sceaux-lagazette.fr\/index.php\/2020\/10\/23\/securite-pour-les-cyclistes-lavis-de-p-pattee\/","title":{"rendered":"S\u00e9curit\u00e9 pour les cyclistes : l&rsquo;avis de P. Patt\u00e9e"},"content":{"rendered":"\n<p>La publication de l\u2019article \u00ab\u00a0<a rel=\"noreferrer noopener\" href=\"https:\/\/sceaux-lagazette.fr\/index.php\/2020\/10\/17\/securite-pour-les-cyclistes\/\" target=\"_blank\">S\u00e9curit\u00e9 pour les cyclistes<\/a> \u00bb appelait le point de vue de l&rsquo;\u00e9quipe municipale, car il d\u00e9veloppait surtout la positon des \u00e9lus du groupe Sceaux Ensemble.\u00a0Nous avons sollicit\u00e9 M. Patrice Patt\u00e9e, adjoint au maire en charge de l\u2019espace public et des mobilit\u00e9s qui a bien voulu nous faire la r\u00e9ponse qu\u2019on lira ci-dessous. Nous l\u2019en remercions.\u00a0<\/p>\n\n\n\n<p><em>\u00ab\u00a0J\u2019ai pris connaissance de votre article qui revient sur le texte qui a \u00e9t\u00e9 soumis au vote des conseillers municipaux le 8 octobre. Vous centrez et r\u00e9duisez le d\u00e9bat \u00e0 la s\u00e9curit\u00e9, c\u2019est un sujet tr\u00e8s important en effet. Vous ne devez probablement pas ignorer que Sceaux n\u2019a pas compter d\u2019accident mortel impliquant des cyclistes depuis au moins 2008 (premi\u00e8re ann\u00e9e de mon premier mandat avec une petite d\u00e9l\u00e9gation v\u00e9lo). Depuis cette ann\u00e9e o\u00f9 j\u2019\u00e9tais encore un peu seul dans les rues de Sceaux, je constate avec bonheur que le nombre de cyclistes a progress\u00e9 dans nos rues dans des proportions significatives, y compris maintenant l\u2019arriv\u00e9e de jeunes enfants. Parall\u00e8lement \u00e0 \u00ab cette colonisation \u00bb de nos rues par les cyclistes le comportement des automobilistes \u00e0 int\u00e9gr\u00e9 ce nouveau paysage. Certes nous rencontrons encore des irr\u00e9ductibles mais ces comportements, souvent plus discourtois que dangereux, sont en passe de devenir marginaux.<\/em><\/p>\n\n\n\n<p><em>Le sens de la d\u00e9lib\u00e9ration du 8 octobre vise \u00e0 offrir encore plus de bonnes raisons pour encourager encore plus de personnes \u00e0 venir investir nos rues avec leur bicyclette et r\u00e9duire d\u2019autant la vitesse des autos ( et leur nombre). Il n\u2019est pas n\u00e9cessaire de rappeler que la distance d\u2019arr\u00eat \u00e0 15\/20 km\/h est considerablement plus courte qu\u2019\u00e0 50 km\/h et que l\u2019\u00e9nergie \u00e0 dissiper en cas de choc est proportionnelle \u00e0 la masse et au carr\u00e9 de la vitesse<\/em>.<\/p>\n\n\n\n<p><em>Certes il y a des am\u00e9nagements \u00e0 apporter en quelques ponts singuliers de notre ville, le plus souvent sur la voirie d\u00e9partementale &#8230;\u00a0\u00bb<\/em><\/p>\n\n\n\n<p>Sur le m\u00eame sujet :<\/p>\n\n\n\n<ul class=\"wp-block-list\"><li><a href=\"https:\/\/sceaux-lagazette.fr\/index.php\/2020\/10\/22\/securite-pour-les-cyclistes-lavis-des-elus-sceaux-ensemble\/\" target=\"_blank\" rel=\"noreferrer noopener\">L&rsquo;avis des \u00e9lus de Sceaux ensemble<\/a><\/li><li>Cyclistes tu\u00e9s : une progr<a href=\"https:\/\/sceaux-lagazette.fr\/index.php\/2020\/10\/23\/cyclistes-tues-un-progression-inquietante\/\" target=\"_blank\" rel=\"noreferrer noopener\">ession inqui\u00e9tante <\/a><\/li><\/ul>\n\n\n\n<p><\/p>\n","protected":false},"excerpt":{"rendered":"<p>La publication de l\u2019article \u00ab\u00a0S\u00e9curit\u00e9 pour les cyclistes \u00bb appelait le point de vue de l&rsquo;\u00e9quipe municipale, car il d\u00e9veloppait surtout la positon des \u00e9lus du groupe Sceaux Ensemble.\u00a0Nous avons sollicit\u00e9 M. Patrice Patt\u00e9e, adjoint au maire en charge de l\u2019espace public et des mobilit\u00e9s qui a bien voulu nous&#8230;<\/p>\n","protected":false},"author":20,"featured_media":0,"comment_status":"open","ping_status":"open","sticky":false,"template":"","format":"standard","meta":{"om_disable_all_campaigns":false,"_monsterinsights_skip_tracking":false,"_monsterinsights_sitenote_active":false,"_monsterinsights_sitenote_note":"","_monsterinsights_sitenote_category":0,"_uf_show_specific_survey":0,"_uf_disable_surveys":false,"footnotes":""},"categories":[53],"tags":[],"class_list":["post-2291","post","type-post","status-publish","format-standard","hentry","category-analyses","entry","simple"],"yoast_head":"<!-- This site is optimized with the Yoast SEO plugin v25.6 - https:\/\/yoast.com\/wordpress\/plugins\/seo\/ -->\n<title>S\u00e9curit\u00e9 pour les cyclistes : l&#039;avis de P. Patt\u00e9e - La Gazette<\/title>\n<meta name=\"robots\" content=\"index, follow, max-snippet:-1, max-image-preview:large, max-video-preview:-1\" \/>\n<link rel=\"canonical\" href=\"https:\/\/sceaux-lagazette.fr\/index.php\/2020\/10\/23\/securite-pour-les-cyclistes-lavis-de-p-pattee\/\" \/>\n<meta property=\"og:locale\" content=\"fr_FR\" \/>\n<meta property=\"og:type\" content=\"article\" \/>\n<meta property=\"og:title\" content=\"S\u00e9curit\u00e9 pour les cyclistes : l&#039;avis de P. Patt\u00e9e - La Gazette\" \/>\n<meta property=\"og:description\" content=\"La publication de l\u2019article \u00ab\u00a0S\u00e9curit\u00e9 pour les cyclistes \u00bb appelait le point de vue de l&rsquo;\u00e9quipe municipale, car il d\u00e9veloppait surtout la positon des \u00e9lus du groupe Sceaux Ensemble.\u00a0Nous avons sollicit\u00e9 M. Patrice Patt\u00e9e, adjoint au maire en charge de l\u2019espace public et des mobilit\u00e9s qui a bien voulu nous&#8230;\" \/>\n<meta property=\"og:url\" content=\"https:\/\/sceaux-lagazette.fr\/index.php\/2020\/10\/23\/securite-pour-les-cyclistes-lavis-de-p-pattee\/\" \/>\n<meta property=\"og:site_name\" content=\"La Gazette\" \/>\n<meta property=\"article:published_time\" content=\"2020-10-23T09:14:06+00:00\" \/>\n<meta property=\"article:modified_time\" content=\"2020-10-23T09:33:03+00:00\" \/>\n<meta property=\"og:image\" content=\"https:\/\/sceaux-lagazette.fr\/wp-content\/uploads\/2025\/12\/Logo-Titre-Gazette-2025-08.jpg\" \/>\n\t<meta property=\"og:image:width\" content=\"636\" \/>\n\t<meta property=\"og:image:height\" content=\"148\" \/>\n\t<meta property=\"og:image:type\" content=\"image\/jpeg\" \/>\n<meta name=\"author\" content=\"LGdS\" \/>\n<meta name=\"twitter:card\" content=\"summary_large_image\" \/>\n<meta name=\"twitter:label1\" content=\"\u00c9crit par\" \/>\n\t<meta name=\"twitter:data1\" content=\"LGdS\" \/>\n\t<meta name=\"twitter:label2\" content=\"Dur\u00e9e de lecture estim\u00e9e\" \/>\n\t<meta name=\"twitter:data2\" content=\"2 minutes\" \/>\n<script type=\"application\/ld+json\" class=\"yoast-schema-graph\">{\"@context\":\"https:\/\/schema.org\",\"@graph\":[{\"@type\":\"Article\",\"@id\":\"https:\/\/sceaux-lagazette.fr\/index.php\/2020\/10\/23\/securite-pour-les-cyclistes-lavis-de-p-pattee\/#article\",\"isPartOf\":{\"@id\":\"https:\/\/sceaux-lagazette.fr\/index.php\/2020\/10\/23\/securite-pour-les-cyclistes-lavis-de-p-pattee\/\"},\"author\":{\"name\":\"LGdS\",\"@id\":\"https:\/\/sceaux-lagazette.fr\/#\/schema\/person\/806960bbccfc3b4ae295c2b54730eb27\"},\"headline\":\"S\u00e9curit\u00e9 pour les cyclistes : l&rsquo;avis de P. Patt\u00e9e\",\"datePublished\":\"2020-10-23T09:14:06+00:00\",\"dateModified\":\"2020-10-23T09:33:03+00:00\",\"mainEntityOfPage\":{\"@id\":\"https:\/\/sceaux-lagazette.fr\/index.php\/2020\/10\/23\/securite-pour-les-cyclistes-lavis-de-p-pattee\/\"},\"wordCount\":368,\"commentCount\":5,\"publisher\":{\"@id\":\"https:\/\/sceaux-lagazette.fr\/#organization\"},\"articleSection\":[\"Analyses\"],\"inLanguage\":\"fr-FR\",\"potentialAction\":[{\"@type\":\"CommentAction\",\"name\":\"Comment\",\"target\":[\"https:\/\/sceaux-lagazette.fr\/index.php\/2020\/10\/23\/securite-pour-les-cyclistes-lavis-de-p-pattee\/#respond\"]}]},{\"@type\":\"WebPage\",\"@id\":\"https:\/\/sceaux-lagazette.fr\/index.php\/2020\/10\/23\/securite-pour-les-cyclistes-lavis-de-p-pattee\/\",\"url\":\"https:\/\/sceaux-lagazette.fr\/index.php\/2020\/10\/23\/securite-pour-les-cyclistes-lavis-de-p-pattee\/\",\"name\":\"S\u00e9curit\u00e9 pour les cyclistes : l'avis de P. Patt\u00e9e - La Gazette\",\"isPartOf\":{\"@id\":\"https:\/\/sceaux-lagazette.fr\/#website\"},\"datePublished\":\"2020-10-23T09:14:06+00:00\",\"dateModified\":\"2020-10-23T09:33:03+00:00\",\"breadcrumb\":{\"@id\":\"https:\/\/sceaux-lagazette.fr\/index.php\/2020\/10\/23\/securite-pour-les-cyclistes-lavis-de-p-pattee\/#breadcrumb\"},\"inLanguage\":\"fr-FR\",\"potentialAction\":[{\"@type\":\"ReadAction\",\"target\":[\"https:\/\/sceaux-lagazette.fr\/index.php\/2020\/10\/23\/securite-pour-les-cyclistes-lavis-de-p-pattee\/\"]}]},{\"@type\":\"BreadcrumbList\",\"@id\":\"https:\/\/sceaux-lagazette.fr\/index.php\/2020\/10\/23\/securite-pour-les-cyclistes-lavis-de-p-pattee\/#breadcrumb\",\"itemListElement\":[{\"@type\":\"ListItem\",\"position\":1,\"name\":\"Accueil\",\"item\":\"https:\/\/sceaux-lagazette.fr\/\"},{\"@type\":\"ListItem\",\"position\":2,\"name\":\"S\u00e9curit\u00e9 pour les cyclistes : l&rsquo;avis de P. Patt\u00e9e\"}]},{\"@type\":\"WebSite\",\"@id\":\"https:\/\/sceaux-lagazette.fr\/#website\",\"url\":\"https:\/\/sceaux-lagazette.fr\/\",\"name\":\"La Gazette\",\"description\":\"Bourg-la-Reine, Ch\u00e2tenay, Fontenay, Sceaux\",\"publisher\":{\"@id\":\"https:\/\/sceaux-lagazette.fr\/#organization\"},\"potentialAction\":[{\"@type\":\"SearchAction\",\"target\":{\"@type\":\"EntryPoint\",\"urlTemplate\":\"https:\/\/sceaux-lagazette.fr\/?s={search_term_string}\"},\"query-input\":{\"@type\":\"PropertyValueSpecification\",\"valueRequired\":true,\"valueName\":\"search_term_string\"}}],\"inLanguage\":\"fr-FR\"},{\"@type\":\"Organization\",\"@id\":\"https:\/\/sceaux-lagazette.fr\/#organization\",\"name\":\"La Gazette\",\"url\":\"https:\/\/sceaux-lagazette.fr\/\",\"logo\":{\"@type\":\"ImageObject\",\"inLanguage\":\"fr-FR\",\"@id\":\"https:\/\/sceaux-lagazette.fr\/#\/schema\/logo\/image\/\",\"url\":\"https:\/\/sceaux-lagazette.fr\/wp-content\/uploads\/2025\/08\/Logo-Gazette-Aout-2025-V3.jpg\",\"contentUrl\":\"https:\/\/sceaux-lagazette.fr\/wp-content\/uploads\/2025\/08\/Logo-Gazette-Aout-2025-V3.jpg\",\"width\":525,\"height\":130,\"caption\":\"La Gazette\"},\"image\":{\"@id\":\"https:\/\/sceaux-lagazette.fr\/#\/schema\/logo\/image\/\"}},{\"@type\":\"Person\",\"@id\":\"https:\/\/sceaux-lagazette.fr\/#\/schema\/person\/806960bbccfc3b4ae295c2b54730eb27\",\"name\":\"LGdS\",\"image\":{\"@type\":\"ImageObject\",\"inLanguage\":\"fr-FR\",\"@id\":\"https:\/\/sceaux-lagazette.fr\/#\/schema\/person\/image\/\",\"url\":\"https:\/\/secure.gravatar.com\/avatar\/996280e569d55491618abd43c427078e?s=96&r=g\",\"contentUrl\":\"https:\/\/secure.gravatar.com\/avatar\/996280e569d55491618abd43c427078e?s=96&r=g\",\"caption\":\"LGdS\"},\"url\":\"https:\/\/sceaux-lagazette.fr\/index.php\/author\/lgds\/\"}]}<\/script>\n<!-- \/ Yoast SEO plugin. -->","yoast_head_json":{"title":"S\u00e9curit\u00e9 pour les cyclistes : l'avis de P. Patt\u00e9e - La Gazette","robots":{"index":"index","follow":"follow","max-snippet":"max-snippet:-1","max-image-preview":"max-image-preview:large","max-video-preview":"max-video-preview:-1"},"canonical":"https:\/\/sceaux-lagazette.fr\/index.php\/2020\/10\/23\/securite-pour-les-cyclistes-lavis-de-p-pattee\/","og_locale":"fr_FR","og_type":"article","og_title":"S\u00e9curit\u00e9 pour les cyclistes : l'avis de P. Patt\u00e9e - La Gazette","og_description":"La publication de l\u2019article \u00ab\u00a0S\u00e9curit\u00e9 pour les cyclistes \u00bb appelait le point de vue de l&rsquo;\u00e9quipe municipale, car il d\u00e9veloppait surtout la positon des \u00e9lus du groupe Sceaux Ensemble.\u00a0Nous avons sollicit\u00e9 M. Patrice Patt\u00e9e, adjoint au maire en charge de l\u2019espace public et des mobilit\u00e9s qui a bien voulu nous&#8230;","og_url":"https:\/\/sceaux-lagazette.fr\/index.php\/2020\/10\/23\/securite-pour-les-cyclistes-lavis-de-p-pattee\/","og_site_name":"La Gazette","article_published_time":"2020-10-23T09:14:06+00:00","article_modified_time":"2020-10-23T09:33:03+00:00","og_image":[{"width":636,"height":148,"url":"https:\/\/sceaux-lagazette.fr\/wp-content\/uploads\/2025\/12\/Logo-Titre-Gazette-2025-08.jpg","type":"image\/jpeg"}],"author":"LGdS","twitter_card":"summary_large_image","twitter_misc":{"\u00c9crit par":"LGdS","Dur\u00e9e de lecture estim\u00e9e":"2 minutes"},"schema":{"@context":"https:\/\/schema.org","@graph":[{"@type":"Article","@id":"https:\/\/sceaux-lagazette.fr\/index.php\/2020\/10\/23\/securite-pour-les-cyclistes-lavis-de-p-pattee\/#article","isPartOf":{"@id":"https:\/\/sceaux-lagazette.fr\/index.php\/2020\/10\/23\/securite-pour-les-cyclistes-lavis-de-p-pattee\/"},"author":{"name":"LGdS","@id":"https:\/\/sceaux-lagazette.fr\/#\/schema\/person\/806960bbccfc3b4ae295c2b54730eb27"},"headline":"S\u00e9curit\u00e9 pour les cyclistes : l&rsquo;avis de P. Patt\u00e9e","datePublished":"2020-10-23T09:14:06+00:00","dateModified":"2020-10-23T09:33:03+00:00","mainEntityOfPage":{"@id":"https:\/\/sceaux-lagazette.fr\/index.php\/2020\/10\/23\/securite-pour-les-cyclistes-lavis-de-p-pattee\/"},"wordCount":368,"commentCount":5,"publisher":{"@id":"https:\/\/sceaux-lagazette.fr\/#organization"},"articleSection":["Analyses"],"inLanguage":"fr-FR","potentialAction":[{"@type":"CommentAction","name":"Comment","target":["https:\/\/sceaux-lagazette.fr\/index.php\/2020\/10\/23\/securite-pour-les-cyclistes-lavis-de-p-pattee\/#respond"]}]},{"@type":"WebPage","@id":"https:\/\/sceaux-lagazette.fr\/index.php\/2020\/10\/23\/securite-pour-les-cyclistes-lavis-de-p-pattee\/","url":"https:\/\/sceaux-lagazette.fr\/index.php\/2020\/10\/23\/securite-pour-les-cyclistes-lavis-de-p-pattee\/","name":"S\u00e9curit\u00e9 pour les cyclistes : l'avis de P. Patt\u00e9e - La Gazette","isPartOf":{"@id":"https:\/\/sceaux-lagazette.fr\/#website"},"datePublished":"2020-10-23T09:14:06+00:00","dateModified":"2020-10-23T09:33:03+00:00","breadcrumb":{"@id":"https:\/\/sceaux-lagazette.fr\/index.php\/2020\/10\/23\/securite-pour-les-cyclistes-lavis-de-p-pattee\/#breadcrumb"},"inLanguage":"fr-FR","potentialAction":[{"@type":"ReadAction","target":["https:\/\/sceaux-lagazette.fr\/index.php\/2020\/10\/23\/securite-pour-les-cyclistes-lavis-de-p-pattee\/"]}]},{"@type":"BreadcrumbList","@id":"https:\/\/sceaux-lagazette.fr\/index.php\/2020\/10\/23\/securite-pour-les-cyclistes-lavis-de-p-pattee\/#breadcrumb","itemListElement":[{"@type":"ListItem","position":1,"name":"Accueil","item":"https:\/\/sceaux-lagazette.fr\/"},{"@type":"ListItem","position":2,"name":"S\u00e9curit\u00e9 pour les cyclistes : l&rsquo;avis de P. Patt\u00e9e"}]},{"@type":"WebSite","@id":"https:\/\/sceaux-lagazette.fr\/#website","url":"https:\/\/sceaux-lagazette.fr\/","name":"La Gazette","description":"Bourg-la-Reine, Ch\u00e2tenay, Fontenay, Sceaux","publisher":{"@id":"https:\/\/sceaux-lagazette.fr\/#organization"},"potentialAction":[{"@type":"SearchAction","target":{"@type":"EntryPoint","urlTemplate":"https:\/\/sceaux-lagazette.fr\/?s={search_term_string}"},"query-input":{"@type":"PropertyValueSpecification","valueRequired":true,"valueName":"search_term_string"}}],"inLanguage":"fr-FR"},{"@type":"Organization","@id":"https:\/\/sceaux-lagazette.fr\/#organization","name":"La Gazette","url":"https:\/\/sceaux-lagazette.fr\/","logo":{"@type":"ImageObject","inLanguage":"fr-FR","@id":"https:\/\/sceaux-lagazette.fr\/#\/schema\/logo\/image\/","url":"https:\/\/sceaux-lagazette.fr\/wp-content\/uploads\/2025\/08\/Logo-Gazette-Aout-2025-V3.jpg","contentUrl":"https:\/\/sceaux-lagazette.fr\/wp-content\/uploads\/2025\/08\/Logo-Gazette-Aout-2025-V3.jpg","width":525,"height":130,"caption":"La Gazette"},"image":{"@id":"https:\/\/sceaux-lagazette.fr\/#\/schema\/logo\/image\/"}},{"@type":"Person","@id":"https:\/\/sceaux-lagazette.fr\/#\/schema\/person\/806960bbccfc3b4ae295c2b54730eb27","name":"LGdS","image":{"@type":"ImageObject","inLanguage":"fr-FR","@id":"https:\/\/sceaux-lagazette.fr\/#\/schema\/person\/image\/","url":"https:\/\/secure.gravatar.com\/avatar\/996280e569d55491618abd43c427078e?s=96&r=g","contentUrl":"https:\/\/secure.gravatar.com\/avatar\/996280e569d55491618abd43c427078e?s=96&r=g","caption":"LGdS"},"url":"https:\/\/sceaux-lagazette.fr\/index.php\/author\/lgds\/"}]}},"cc_featured_image_caption":{"caption_text":false,"source_text":false,"source_url":false},"_links":{"self":[{"href":"https:\/\/sceaux-lagazette.fr\/index.php\/wp-json\/wp\/v2\/posts\/2291"}],"collection":[{"href":"https:\/\/sceaux-lagazette.fr\/index.php\/wp-json\/wp\/v2\/posts"}],"about":[{"href":"https:\/\/sceaux-lagazette.fr\/index.php\/wp-json\/wp\/v2\/types\/post"}],"author":[{"embeddable":true,"href":"https:\/\/sceaux-lagazette.fr\/index.php\/wp-json\/wp\/v2\/users\/20"}],"replies":[{"embeddable":true,"href":"https:\/\/sceaux-lagazette.fr\/index.php\/wp-json\/wp\/v2\/comments?post=2291"}],"version-history":[{"count":9,"href":"https:\/\/sceaux-lagazette.fr\/index.php\/wp-json\/wp\/v2\/posts\/2291\/revisions"}],"predecessor-version":[{"id":2325,"href":"https:\/\/sceaux-lagazette.fr\/index.php\/wp-json\/wp\/v2\/posts\/2291\/revisions\/2325"}],"wp:attachment":[{"href":"https:\/\/sceaux-lagazette.fr\/index.php\/wp-json\/wp\/v2\/media?parent=2291"}],"wp:term":[{"taxonomy":"category","embeddable":true,"href":"https:\/\/sceaux-lagazette.fr\/index.php\/wp-json\/wp\/v2\/categories?post=2291"},{"taxonomy":"post_tag","embeddable":true,"href":"https:\/\/sceaux-lagazette.fr\/index.php\/wp-json\/wp\/v2\/tags?post=2291"}],"curies":[{"name":"wp","href":"https:\/\/api.w.org\/{rel}","templated":true}]}}