{"id":2263,"date":"2020-11-03T09:24:08","date_gmt":"2020-11-03T08:24:08","guid":{"rendered":"https:\/\/sceaux-lagazette.fr\/?p=2263"},"modified":"2020-11-03T16:47:10","modified_gmt":"2020-11-03T15:47:10","slug":"climat-la-coherence-est-elle-possible","status":"publish","type":"post","link":"https:\/\/sceaux-lagazette.fr\/index.php\/2020\/11\/03\/climat-la-coherence-est-elle-possible\/","title":{"rendered":"Climat : la coh\u00e9rence est-elle possible?"},"content":{"rendered":"\n<p>Beaucoup de nos concitoyens sont conscients du fait que pour atteindre les objectifs en mati\u00e8re de climat, il faudrait r\u00e9duire la surconsommation, bannir le gaspillage des denr\u00e9es alimentaires et des produits manufactur\u00e9s de type gadget, lutter contre l\u2019obsolescence programm\u00e9e des produits manufactur\u00e9s et \u00e9conomiser l\u2019\u00e9nergie.<\/p>\n\n\n\n<p>Tout ceci reviendrait \u00e0 diminuer le PIB actuel, du pays (ce qui est actuellement, involontairement le cas du fait de la crise Covid), alors que tous les gouvernements se sont battus avec plus ou moins de succ\u00e8s pour assurer la croissance de ce PIB, qui jusqu\u2019\u00e0 preuve du contraire est consid\u00e9r\u00e9 comme le seul moyen de r\u00e9duire le ch\u00f4mage.<\/p>\n\n\n\n<h2 class=\"wp-block-heading\">R\u00e9duire l&rsquo;activit\u00e9 \u00e9conomique?<\/h2>\n\n\n\n<p>Le constat actuel est plut\u00f4t que la r\u00e9duction des PIB au niveau national, europ\u00e9en et m\u00eame mondial est en train de g\u00e9n\u00e9rer des crises sociales dans tous les pays atteints par la pand\u00e9mie.<\/p>\n\n\n\n<p>Le confinement li\u00e9 \u00e0 la crise du Covid a permis de mesurer le lien direct entre la r\u00e9duction brutale de l\u2019activit\u00e9 de production et de la consommation et ses cons\u00e9quences sociales (dramatiques pour beaucoup), mais il faut le dire aussi, des cons\u00e9quences plus positives sur l\u2019environnement (sans doute provisoires\u2026), mais la d\u00e9monstration est l\u00e0.<\/p>\n\n\n\n<p>On constate \u00e9galement que le budget de l&rsquo;\u00c9tat peut, dans certaines circonstances, pour \u00e9viter le pire au niveau social, devenir \u00e9lastique, au point que les R\u00e8gles d\u2019or budg\u00e9taires drastiques soient (provisoirement) \u00e9cart\u00e9es.<\/p>\n\n\n\n<p>Cela a \u00e9t\u00e9 dit \u00e0 juste titre, sans qu\u2019on en comprenne vraiment le sens profond \u00e0 l\u2019\u00e9poque, la crise de la Covid est comparable \u00e0 un \u00e9tat de guerre, dans lequel les libert\u00e9s sont restreintes, les r\u00e8gles habituelles de la d\u00e9mocratie peuvent \u00eatre suspendues (couvre-feu, \u00c9tat d\u2019exception), L\u2019\u00c9tat doit alors rassembler la population afin que la solidarit\u00e9, la coh\u00e9sion et l\u2019esprit de r\u00e9sistance permettent de combattre l\u2019ennemi public<\/p>\n\n\n\n<p>Ces diff\u00e9rents aspects de la crise actuelle (tr\u00e8s simplifi\u00e9s), m\u2019interpellent dans la mesure o\u00f9 on ne voit pas \u00e9merger aujourd\u2019hui, une nouvelle th\u00e9orie \u00e9conomique qui permettent de donner une coh\u00e9rence aux diff\u00e9rents facteurs, l&rsquo;\u00e9conomie, la finance, le social et l\u2019environnement, et de dessiner ainsi un axe d&rsquo;actions politiques permettant de faire face aux probl\u00e8mes \u00e9minemment graves, qui assaillent le monde entier : r\u00e9chauffement climatique, catastrophes naturelles, pand\u00e9mies, d\u00e9s\u00e9quilibres sociaux.<\/p>\n\n\n\n<h2 class=\"wp-block-heading\">Un sombre pr\u00e9c\u00e9dent <\/h2>\n\n\n\n<p>Dans ce contexte, je ne peux m\u2019emp\u00eacher de penser \u00e0 la chute du royaume khmer, au fa\u00eete de sa gloire au 13\u00b0 si\u00e8cle. Une chute que de r\u00e9centes \u00e9tudes attribuent \u00e0 un d\u00e9sastre \u00e9cologique.&nbsp; La puissance du royaume khmer reposait sur l&rsquo;utilisation du fleuve M\u00e9kong et sur ses comp\u00e9tences en mati\u00e8re d\u2019hydrauliques. Ce royaume se serait \u00e9croul\u00e9 notamment en raison de troubles climatiques qui ont an\u00e9anti son mod\u00e8le \u00e9conomique&#8230;<\/p>\n\n\n\n<p>Mais revenons \u00e0 notre actualit\u00e9, l\u2019heure n\u2019est pas au pessimisme, mais \u00e0 la compr\u00e9hension de ces ph\u00e9nom\u00e8nes qui bouleversent actuellement nos modes vies, afin de construire un nouveau mod\u00e8le \u00e9conomique qui conciliera le social , l\u2019environnemental, et la finance, pour&nbsp; permettre une&nbsp; transition pacifique et sereine entre le monde d\u2019hier et un monde&nbsp; souhaitable pour demain.<\/p>\n","protected":false},"excerpt":{"rendered":"<p>Beaucoup de nos concitoyens sont conscients du fait que pour atteindre les objectifs en mati\u00e8re de climat, il faudrait r\u00e9duire la surconsommation, bannir le gaspillage des denr\u00e9es alimentaires et des produits manufactur\u00e9s de type gadget, lutter contre l\u2019obsolescence programm\u00e9e des produits manufactur\u00e9s et \u00e9conomiser l\u2019\u00e9nergie. Tout ceci reviendrait \u00e0 diminuer&#8230;<\/p>\n","protected":false},"author":24,"featured_media":0,"comment_status":"open","ping_status":"open","sticky":false,"template":"","format":"standard","meta":{"om_disable_all_campaigns":false,"_monsterinsights_skip_tracking":false,"_monsterinsights_sitenote_active":false,"_monsterinsights_sitenote_note":"","_monsterinsights_sitenote_category":0,"_uf_show_specific_survey":0,"_uf_disable_surveys":false,"footnotes":""},"categories":[238],"tags":[],"class_list":["post-2263","post","type-post","status-publish","format-standard","hentry","category-opinions","entry","simple"],"yoast_head":"<!-- This site is optimized with the Yoast SEO plugin v25.6 - https:\/\/yoast.com\/wordpress\/plugins\/seo\/ -->\n<title>Climat : la coh\u00e9rence est-elle possible? - La Gazette<\/title>\n<meta name=\"robots\" content=\"index, follow, max-snippet:-1, max-image-preview:large, max-video-preview:-1\" \/>\n<link rel=\"canonical\" href=\"https:\/\/sceaux-lagazette.fr\/index.php\/2020\/11\/03\/climat-la-coherence-est-elle-possible\/\" \/>\n<meta property=\"og:locale\" content=\"fr_FR\" \/>\n<meta property=\"og:type\" content=\"article\" \/>\n<meta property=\"og:title\" content=\"Climat : la coh\u00e9rence est-elle possible? - La Gazette\" \/>\n<meta property=\"og:description\" content=\"Beaucoup de nos concitoyens sont conscients du fait que pour atteindre les objectifs en mati\u00e8re de climat, il faudrait r\u00e9duire la surconsommation, bannir le gaspillage des denr\u00e9es alimentaires et des produits manufactur\u00e9s de type gadget, lutter contre l\u2019obsolescence programm\u00e9e des produits manufactur\u00e9s et \u00e9conomiser l\u2019\u00e9nergie. Tout ceci reviendrait \u00e0 diminuer&#8230;\" \/>\n<meta property=\"og:url\" content=\"https:\/\/sceaux-lagazette.fr\/index.php\/2020\/11\/03\/climat-la-coherence-est-elle-possible\/\" \/>\n<meta property=\"og:site_name\" content=\"La Gazette\" \/>\n<meta property=\"article:published_time\" content=\"2020-11-03T08:24:08+00:00\" \/>\n<meta property=\"article:modified_time\" content=\"2020-11-03T15:47:10+00:00\" \/>\n<meta property=\"og:image\" content=\"https:\/\/sceaux-lagazette.fr\/wp-content\/uploads\/2025\/12\/Logo-Titre-Gazette-2025-08.jpg\" \/>\n\t<meta property=\"og:image:width\" content=\"636\" \/>\n\t<meta property=\"og:image:height\" content=\"148\" \/>\n\t<meta property=\"og:image:type\" content=\"image\/jpeg\" \/>\n<meta name=\"author\" content=\"Jean-Denis Bour\" \/>\n<meta name=\"twitter:card\" content=\"summary_large_image\" \/>\n<meta name=\"twitter:label1\" content=\"\u00c9crit par\" \/>\n\t<meta name=\"twitter:data1\" content=\"Jean-Denis Bour\" \/>\n\t<meta name=\"twitter:label2\" content=\"Dur\u00e9e de lecture estim\u00e9e\" \/>\n\t<meta name=\"twitter:data2\" content=\"3 minutes\" \/>\n<script type=\"application\/ld+json\" class=\"yoast-schema-graph\">{\"@context\":\"https:\/\/schema.org\",\"@graph\":[{\"@type\":\"Article\",\"@id\":\"https:\/\/sceaux-lagazette.fr\/index.php\/2020\/11\/03\/climat-la-coherence-est-elle-possible\/#article\",\"isPartOf\":{\"@id\":\"https:\/\/sceaux-lagazette.fr\/index.php\/2020\/11\/03\/climat-la-coherence-est-elle-possible\/\"},\"author\":{\"name\":\"Jean-Denis Bour\",\"@id\":\"https:\/\/sceaux-lagazette.fr\/#\/schema\/person\/4333bf05425bbca32188c6777f968d91\"},\"headline\":\"Climat : la coh\u00e9rence est-elle possible?\",\"datePublished\":\"2020-11-03T08:24:08+00:00\",\"dateModified\":\"2020-11-03T15:47:10+00:00\",\"mainEntityOfPage\":{\"@id\":\"https:\/\/sceaux-lagazette.fr\/index.php\/2020\/11\/03\/climat-la-coherence-est-elle-possible\/\"},\"wordCount\":571,\"commentCount\":0,\"publisher\":{\"@id\":\"https:\/\/sceaux-lagazette.fr\/#organization\"},\"articleSection\":[\"Opinions\"],\"inLanguage\":\"fr-FR\",\"potentialAction\":[{\"@type\":\"CommentAction\",\"name\":\"Comment\",\"target\":[\"https:\/\/sceaux-lagazette.fr\/index.php\/2020\/11\/03\/climat-la-coherence-est-elle-possible\/#respond\"]}]},{\"@type\":\"WebPage\",\"@id\":\"https:\/\/sceaux-lagazette.fr\/index.php\/2020\/11\/03\/climat-la-coherence-est-elle-possible\/\",\"url\":\"https:\/\/sceaux-lagazette.fr\/index.php\/2020\/11\/03\/climat-la-coherence-est-elle-possible\/\",\"name\":\"Climat : la coh\u00e9rence est-elle possible? - La Gazette\",\"isPartOf\":{\"@id\":\"https:\/\/sceaux-lagazette.fr\/#website\"},\"datePublished\":\"2020-11-03T08:24:08+00:00\",\"dateModified\":\"2020-11-03T15:47:10+00:00\",\"breadcrumb\":{\"@id\":\"https:\/\/sceaux-lagazette.fr\/index.php\/2020\/11\/03\/climat-la-coherence-est-elle-possible\/#breadcrumb\"},\"inLanguage\":\"fr-FR\",\"potentialAction\":[{\"@type\":\"ReadAction\",\"target\":[\"https:\/\/sceaux-lagazette.fr\/index.php\/2020\/11\/03\/climat-la-coherence-est-elle-possible\/\"]}]},{\"@type\":\"BreadcrumbList\",\"@id\":\"https:\/\/sceaux-lagazette.fr\/index.php\/2020\/11\/03\/climat-la-coherence-est-elle-possible\/#breadcrumb\",\"itemListElement\":[{\"@type\":\"ListItem\",\"position\":1,\"name\":\"Accueil\",\"item\":\"https:\/\/sceaux-lagazette.fr\/\"},{\"@type\":\"ListItem\",\"position\":2,\"name\":\"Climat : la coh\u00e9rence est-elle possible?\"}]},{\"@type\":\"WebSite\",\"@id\":\"https:\/\/sceaux-lagazette.fr\/#website\",\"url\":\"https:\/\/sceaux-lagazette.fr\/\",\"name\":\"La Gazette\",\"description\":\"Bourg-la-Reine, Ch\u00e2tenay, Fontenay, Sceaux\",\"publisher\":{\"@id\":\"https:\/\/sceaux-lagazette.fr\/#organization\"},\"potentialAction\":[{\"@type\":\"SearchAction\",\"target\":{\"@type\":\"EntryPoint\",\"urlTemplate\":\"https:\/\/sceaux-lagazette.fr\/?s={search_term_string}\"},\"query-input\":{\"@type\":\"PropertyValueSpecification\",\"valueRequired\":true,\"valueName\":\"search_term_string\"}}],\"inLanguage\":\"fr-FR\"},{\"@type\":\"Organization\",\"@id\":\"https:\/\/sceaux-lagazette.fr\/#organization\",\"name\":\"La Gazette\",\"url\":\"https:\/\/sceaux-lagazette.fr\/\",\"logo\":{\"@type\":\"ImageObject\",\"inLanguage\":\"fr-FR\",\"@id\":\"https:\/\/sceaux-lagazette.fr\/#\/schema\/logo\/image\/\",\"url\":\"https:\/\/sceaux-lagazette.fr\/wp-content\/uploads\/2025\/08\/Logo-Gazette-Aout-2025-V3.jpg\",\"contentUrl\":\"https:\/\/sceaux-lagazette.fr\/wp-content\/uploads\/2025\/08\/Logo-Gazette-Aout-2025-V3.jpg\",\"width\":525,\"height\":130,\"caption\":\"La Gazette\"},\"image\":{\"@id\":\"https:\/\/sceaux-lagazette.fr\/#\/schema\/logo\/image\/\"}},{\"@type\":\"Person\",\"@id\":\"https:\/\/sceaux-lagazette.fr\/#\/schema\/person\/4333bf05425bbca32188c6777f968d91\",\"name\":\"Jean-Denis Bour\",\"image\":{\"@type\":\"ImageObject\",\"inLanguage\":\"fr-FR\",\"@id\":\"https:\/\/sceaux-lagazette.fr\/#\/schema\/person\/image\/\",\"url\":\"https:\/\/secure.gravatar.com\/avatar\/2fc68d6404fb22e3028442291da5703e?s=96&r=g\",\"contentUrl\":\"https:\/\/secure.gravatar.com\/avatar\/2fc68d6404fb22e3028442291da5703e?s=96&r=g\",\"caption\":\"Jean-Denis Bour\"},\"url\":\"https:\/\/sceaux-lagazette.fr\/index.php\/author\/j-d-b\/\"}]}<\/script>\n<!-- \/ Yoast SEO plugin. -->","yoast_head_json":{"title":"Climat : la coh\u00e9rence est-elle possible? - La Gazette","robots":{"index":"index","follow":"follow","max-snippet":"max-snippet:-1","max-image-preview":"max-image-preview:large","max-video-preview":"max-video-preview:-1"},"canonical":"https:\/\/sceaux-lagazette.fr\/index.php\/2020\/11\/03\/climat-la-coherence-est-elle-possible\/","og_locale":"fr_FR","og_type":"article","og_title":"Climat : la coh\u00e9rence est-elle possible? - La Gazette","og_description":"Beaucoup de nos concitoyens sont conscients du fait que pour atteindre les objectifs en mati\u00e8re de climat, il faudrait r\u00e9duire la surconsommation, bannir le gaspillage des denr\u00e9es alimentaires et des produits manufactur\u00e9s de type gadget, lutter contre l\u2019obsolescence programm\u00e9e des produits manufactur\u00e9s et \u00e9conomiser l\u2019\u00e9nergie. Tout ceci reviendrait \u00e0 diminuer&#8230;","og_url":"https:\/\/sceaux-lagazette.fr\/index.php\/2020\/11\/03\/climat-la-coherence-est-elle-possible\/","og_site_name":"La Gazette","article_published_time":"2020-11-03T08:24:08+00:00","article_modified_time":"2020-11-03T15:47:10+00:00","og_image":[{"width":636,"height":148,"url":"https:\/\/sceaux-lagazette.fr\/wp-content\/uploads\/2025\/12\/Logo-Titre-Gazette-2025-08.jpg","type":"image\/jpeg"}],"author":"Jean-Denis Bour","twitter_card":"summary_large_image","twitter_misc":{"\u00c9crit par":"Jean-Denis Bour","Dur\u00e9e de lecture estim\u00e9e":"3 minutes"},"schema":{"@context":"https:\/\/schema.org","@graph":[{"@type":"Article","@id":"https:\/\/sceaux-lagazette.fr\/index.php\/2020\/11\/03\/climat-la-coherence-est-elle-possible\/#article","isPartOf":{"@id":"https:\/\/sceaux-lagazette.fr\/index.php\/2020\/11\/03\/climat-la-coherence-est-elle-possible\/"},"author":{"name":"Jean-Denis Bour","@id":"https:\/\/sceaux-lagazette.fr\/#\/schema\/person\/4333bf05425bbca32188c6777f968d91"},"headline":"Climat : la coh\u00e9rence est-elle possible?","datePublished":"2020-11-03T08:24:08+00:00","dateModified":"2020-11-03T15:47:10+00:00","mainEntityOfPage":{"@id":"https:\/\/sceaux-lagazette.fr\/index.php\/2020\/11\/03\/climat-la-coherence-est-elle-possible\/"},"wordCount":571,"commentCount":0,"publisher":{"@id":"https:\/\/sceaux-lagazette.fr\/#organization"},"articleSection":["Opinions"],"inLanguage":"fr-FR","potentialAction":[{"@type":"CommentAction","name":"Comment","target":["https:\/\/sceaux-lagazette.fr\/index.php\/2020\/11\/03\/climat-la-coherence-est-elle-possible\/#respond"]}]},{"@type":"WebPage","@id":"https:\/\/sceaux-lagazette.fr\/index.php\/2020\/11\/03\/climat-la-coherence-est-elle-possible\/","url":"https:\/\/sceaux-lagazette.fr\/index.php\/2020\/11\/03\/climat-la-coherence-est-elle-possible\/","name":"Climat : la coh\u00e9rence est-elle possible? - La Gazette","isPartOf":{"@id":"https:\/\/sceaux-lagazette.fr\/#website"},"datePublished":"2020-11-03T08:24:08+00:00","dateModified":"2020-11-03T15:47:10+00:00","breadcrumb":{"@id":"https:\/\/sceaux-lagazette.fr\/index.php\/2020\/11\/03\/climat-la-coherence-est-elle-possible\/#breadcrumb"},"inLanguage":"fr-FR","potentialAction":[{"@type":"ReadAction","target":["https:\/\/sceaux-lagazette.fr\/index.php\/2020\/11\/03\/climat-la-coherence-est-elle-possible\/"]}]},{"@type":"BreadcrumbList","@id":"https:\/\/sceaux-lagazette.fr\/index.php\/2020\/11\/03\/climat-la-coherence-est-elle-possible\/#breadcrumb","itemListElement":[{"@type":"ListItem","position":1,"name":"Accueil","item":"https:\/\/sceaux-lagazette.fr\/"},{"@type":"ListItem","position":2,"name":"Climat : la coh\u00e9rence est-elle possible?"}]},{"@type":"WebSite","@id":"https:\/\/sceaux-lagazette.fr\/#website","url":"https:\/\/sceaux-lagazette.fr\/","name":"La Gazette","description":"Bourg-la-Reine, Ch\u00e2tenay, Fontenay, Sceaux","publisher":{"@id":"https:\/\/sceaux-lagazette.fr\/#organization"},"potentialAction":[{"@type":"SearchAction","target":{"@type":"EntryPoint","urlTemplate":"https:\/\/sceaux-lagazette.fr\/?s={search_term_string}"},"query-input":{"@type":"PropertyValueSpecification","valueRequired":true,"valueName":"search_term_string"}}],"inLanguage":"fr-FR"},{"@type":"Organization","@id":"https:\/\/sceaux-lagazette.fr\/#organization","name":"La Gazette","url":"https:\/\/sceaux-lagazette.fr\/","logo":{"@type":"ImageObject","inLanguage":"fr-FR","@id":"https:\/\/sceaux-lagazette.fr\/#\/schema\/logo\/image\/","url":"https:\/\/sceaux-lagazette.fr\/wp-content\/uploads\/2025\/08\/Logo-Gazette-Aout-2025-V3.jpg","contentUrl":"https:\/\/sceaux-lagazette.fr\/wp-content\/uploads\/2025\/08\/Logo-Gazette-Aout-2025-V3.jpg","width":525,"height":130,"caption":"La Gazette"},"image":{"@id":"https:\/\/sceaux-lagazette.fr\/#\/schema\/logo\/image\/"}},{"@type":"Person","@id":"https:\/\/sceaux-lagazette.fr\/#\/schema\/person\/4333bf05425bbca32188c6777f968d91","name":"Jean-Denis Bour","image":{"@type":"ImageObject","inLanguage":"fr-FR","@id":"https:\/\/sceaux-lagazette.fr\/#\/schema\/person\/image\/","url":"https:\/\/secure.gravatar.com\/avatar\/2fc68d6404fb22e3028442291da5703e?s=96&r=g","contentUrl":"https:\/\/secure.gravatar.com\/avatar\/2fc68d6404fb22e3028442291da5703e?s=96&r=g","caption":"Jean-Denis Bour"},"url":"https:\/\/sceaux-lagazette.fr\/index.php\/author\/j-d-b\/"}]}},"cc_featured_image_caption":{"caption_text":false,"source_text":false,"source_url":false},"_links":{"self":[{"href":"https:\/\/sceaux-lagazette.fr\/index.php\/wp-json\/wp\/v2\/posts\/2263"}],"collection":[{"href":"https:\/\/sceaux-lagazette.fr\/index.php\/wp-json\/wp\/v2\/posts"}],"about":[{"href":"https:\/\/sceaux-lagazette.fr\/index.php\/wp-json\/wp\/v2\/types\/post"}],"author":[{"embeddable":true,"href":"https:\/\/sceaux-lagazette.fr\/index.php\/wp-json\/wp\/v2\/users\/24"}],"replies":[{"embeddable":true,"href":"https:\/\/sceaux-lagazette.fr\/index.php\/wp-json\/wp\/v2\/comments?post=2263"}],"version-history":[{"count":2,"href":"https:\/\/sceaux-lagazette.fr\/index.php\/wp-json\/wp\/v2\/posts\/2263\/revisions"}],"predecessor-version":[{"id":2308,"href":"https:\/\/sceaux-lagazette.fr\/index.php\/wp-json\/wp\/v2\/posts\/2263\/revisions\/2308"}],"wp:attachment":[{"href":"https:\/\/sceaux-lagazette.fr\/index.php\/wp-json\/wp\/v2\/media?parent=2263"}],"wp:term":[{"taxonomy":"category","embeddable":true,"href":"https:\/\/sceaux-lagazette.fr\/index.php\/wp-json\/wp\/v2\/categories?post=2263"},{"taxonomy":"post_tag","embeddable":true,"href":"https:\/\/sceaux-lagazette.fr\/index.php\/wp-json\/wp\/v2\/tags?post=2263"}],"curies":[{"name":"wp","href":"https:\/\/api.w.org\/{rel}","templated":true}]}}