{"id":2196,"date":"2020-10-17T11:16:27","date_gmt":"2020-10-17T09:16:27","guid":{"rendered":"https:\/\/sceaux-lagazette.fr\/?p=2196"},"modified":"2020-10-23T11:21:02","modified_gmt":"2020-10-23T09:21:02","slug":"securite-pour-les-cyclistes","status":"publish","type":"post","link":"https:\/\/sceaux-lagazette.fr\/index.php\/2020\/10\/17\/securite-pour-les-cyclistes\/","title":{"rendered":"S\u00e9curit\u00e9 pour les cyclistes"},"content":{"rendered":"\n<h2 class=\"wp-block-heading\">Entendu au conseil municipal<\/h2>\n\n\n\n<p>Le conseil municipal du 8 octobre a abord\u00e9 la question des subventions pour les v\u00e9los \u00e9lectriques. Depuis 2011, la mairie accorde une subvention \u00e0 tout Sc\u00e9en achetant un v\u00e9lo \u00e9lectrique et en faisant la demande. Cette politique a d\u2019abord \u00e9t\u00e9 <a rel=\"noreferrer noopener\" href=\"https:\/\/www.sceaux.fr\/sites\/default\/files\/deliberations\/2018-20-12\/2018-12-20-NP-03-Sub%20VAE%20%2B%20adh%C3%A9sion%20territoire%20v%C3%A9lo.pdf\" target=\"_blank\">modifi\u00e9e en 2018<\/a>, quand l\u2019\u00c9tat a accord\u00e9 une aide pour le m\u00eame objet, sous condition de ressources, puis quand la r\u00e9gion s\u2019y est mise \u00e0 son tour. La subvention de la ville est aujourd\u2019hui d\u00e9duite de celle de la r\u00e9gion, mais il faut faire un dossier pour les deux instances. L\u2019\u00e9quipe municipale a donc propos\u00e9 de modifier son aide pour la centrer sur les accessoires \u00ab\u00a0<em>d\u2019aide \u00e0 l\u2019achat d\u2019accessoires s\u00e9curisants et facilitant la pratique du v\u00e9lo<\/em>\u00ab\u00a0. Elle a \u00e9galement observ\u00e9 une tr\u00e8s nette augmentation du nombre de demandes pass\u00e9es \u00ab&nbsp;de 2 \u00e0 3 par mois \u00e0 une vingtaine&nbsp;\u00bb (on trouvera <a rel=\"noreferrer noopener\" href=\"https:\/\/www.sceaux.fr\/sites\/default\/files\/deliberations\/2018-20-12\/2018-12-20-NP-03-Sub%20VAE%20%2B%20adh%C3%A9sion%20territoire%20v%C3%A9lo.pdf\" target=\"_blank\">ici un historique <\/a>du nombre d\u2019aides accord\u00e9es)&nbsp;.<\/p>\n\n\n\n<p>Les \u00e9lus de <em>Sceaux Ensemble<\/em> ont critiqu\u00e9 la proposition sur deux points. Ils ont fait observer que la plupart des dossiers concernaient des v\u00e9los haut de gamme et donc ont propos\u00e9 de mettre une condition de ressources (ce qui a \u00e9t\u00e9 refus\u00e9 car \u00ab&nbsp;trop compliqu\u00e9&nbsp;\u00bb).<\/p>\n\n\n\n<p>En \u00e9conomie, on sait qu\u2019une mesure, incitative \u00e0 une d\u00e9pense donn\u00e9e, profite presque toujours en partie \u00e0 des b\u00e9n\u00e9ficiaires qui auraient fait la d\u00e9pense de toutes mani\u00e8res. Cela s\u2019appelle l\u2019effet d\u2019aubaine. Dans le cas de la subvention de Sceaux, on peut craindre que l\u2019effet d\u2019aubaine soit massif et que donc l\u2019aide n\u2019atteigne pas son objectif affich\u00e9 (inciter \u00e0 l\u2019achat) mais soit seulement une aide d\u00e9guis\u00e9e \u00e0 des personnes qui n\u2019en ont pas vraiment besoin.<\/p>\n\n\n\n<h2 class=\"wp-block-heading\">D\u00e9bat sur la s\u00e9curit\u00e9<\/h2>\n\n\n\n<p>Le deuxi\u00e8me point soulev\u00e9 est celui de la s\u00e9curit\u00e9 des cyclistes. Le texte soumis au vote donnait la liste des accessoires subventionn\u00e9s : antivol pour v\u00e9lo, casque de cycliste, gants de cycliste, gilet de s\u00e9curit\u00e9\/visibilit\u00e9, v\u00eatements de pluie pour cycliste (cape\/veste de pluie et pantalon), caddie \u00e0 provisions pour v\u00e9lo, si\u00e8ge enfants et remorques. <\/p>\n\n\n\n<p>Pour les intervenants, l\u2019augmentation du nombre des pratiquants augmente les risques de s\u00e9curit\u00e9 et il faudrait donc d\u00e9velopper de vraies pistes cyclables. D\u2019autant que les objectifs pour le climat conduisent \u00e0 pr\u00e9voir de nouvelles augmentations dans ce domaine (triplement d\u2019ici 2030 d\u2019apr\u00e8s F Bernard), alors que la piste cyclable de la coul\u00e9e verte approche la saturation.<\/p>\n\n\n\n<p>Le maire a longuement r\u00e9pondu. Les \u00ab&nbsp;vrais cyclistes&nbsp;\u00bb n\u2019ont pas peur d\u2019aller sur la route et de bloquer les voitures. Le probl\u00e8me des trajets v\u00e9los d\u00e9passe largement les limites de la commune. Pour faire des pistes cyclables, il faudrait supprimer les places de stationnement. Les \u00e9lus d\u2019opposition sont ils pr\u00eats \u00e0 se mettre \u00e0 dos les \u00e9lecteurs automobilistes&nbsp;? Chiche&nbsp;?<\/p>\n\n\n\n<p>En rentrant chez moi apr\u00e8s avoir \u00e9cout\u00e9 cet \u00e9change, j\u2019ai crois\u00e9 deux jeunes en skate, l\u2019un sur le trottoir, l\u2019autre au milieu de la chauss\u00e9e. Sans aucune protection, avec des v\u00eatements sombres. De nuit.<\/p>\n\n\n\n<p>L\u2019apr\u00e8s midi m\u00eame, j\u2019avais parcouru \u00e0 v\u00e9lo la rue Houdan entre Robinson et la place Charles de Gaulle. Et j\u2019avais fait le constat du probl\u00e8me. L\u2019ancienne s\u00e9paration claire entre un trottoir r\u00e9serv\u00e9 aux pi\u00e9tons et une chauss\u00e9e consacr\u00e9e aux v\u00e9hicules (y compris deux-roues) est en train d\u2019imploser. Avec tous les risques que cela comporte.<\/p>\n\n\n\n<h2 class=\"wp-block-heading\">Quelle part de la circulation&nbsp;?<\/h2>\n\n\n\n<p>La f\u00e9d\u00e9ration des usagers de la bicyclette<a rel=\"noreferrer noopener\" href=\"https:\/\/www.fub.fr\/velo-ville\/villes-qui-aiment-velo\/velo-france-etat-lieux\" target=\"_blank\"> estimait<\/a> \u00e0 2 % la part du v\u00e9lo dans les d\u00e9placements en 2012. De son c\u00f4t\u00e9, l\u2019Insee <a rel=\"noreferrer noopener\" href=\"https:\/\/www.insee.fr\/fr\/statistiques\/2557426\" target=\"_blank\">consid\u00e9rait<\/a> qu\u2019en 2015, 2 % des actifs allaient travailler \u00e0 v\u00e9lo. On observe une forte augmentation de l\u2019usage du v\u00e9lo apr\u00e8s le confinement, <a rel=\"noreferrer noopener\" href=\"https:\/\/www.ouest-france.fr\/sante\/virus\/coronavirus\/la-pratique-du-velo-augmente-de-50-dans-les-grandes-villes-par-rapport-2019-6857770\" target=\"_blank\">estim\u00e9e<\/a> \u00e0 + 50% dans les grandes villes. <\/p>\n\n\n\n<p>Une <a rel=\"noreferrer noopener\" href=\"https:\/\/www.velo-territoires.org\/actualite\/2020\/10\/08\/deux-ans-plan-velo-12-de-part-modale-velo-2030\/\" target=\"_blank\">tr\u00e8s r\u00e9cente rencontre<\/a> \u00e0 Amiens a permis de faire le point du plan v\u00e9lo. L\u2019objectif de celui-ci&nbsp;: 12 % de part modale pour le v\u00e9lo en 2030. Un taux 4 fois plus \u00e9lev\u00e9 que ce qu\u2019on observe aujourd\u2019hui, mais \u00e9gal \u00e0 ce que connait l\u2019Allemagne. Lors de la derni\u00e8re enqu\u00eate nationale sur les d\u00e9placements, men\u00e9e en 2007-2008, le v\u00e9lo repr\u00e9sentait 2,7 % du nombre de d\u00e9placements pour une part de la mortalit\u00e9 routi\u00e8re de 3,4 %.<\/p>\n\n\n\n<h2 class=\"wp-block-heading\">Les donn\u00e9es de la s\u00e9curit\u00e9 routi\u00e8re<\/h2>\n\n\n\n<div class=\"wp-block-image\"><figure class=\"alignright size-medium\"><img decoding=\"async\" width=\"300\" height=\"181\" src=\"https:\/\/sceaux-lagazette.fr\/wp-content\/uploads\/2020\/10\/accidents-de-la-route-300x181.png\" alt=\"\" class=\"wp-image-2198\" srcset=\"https:\/\/sceaux-lagazette.fr\/wp-content\/uploads\/2020\/10\/accidents-de-la-route-300x181.png 300w, https:\/\/sceaux-lagazette.fr\/wp-content\/uploads\/2020\/10\/accidents-de-la-route.png 746w\" sizes=\"(max-width: 300px) 100vw, 300px\" \/><\/figure><\/div>\n\n\n\n<p>Le sch\u00e9ma ci-contre donne la r\u00e9partition des d\u00e9c\u00e8s de la route selon le type d\u2019utilisateurs. <\/p>\n\n\n\n<p><a rel=\"noreferrer noopener\" href=\"https:\/\/www.securite-routiere.gouv.fr\/la-securite-routiere-en-chiffres-lobservatoire-national-interministeriel\" target=\"_blank\">Le rapport<\/a> 2018 de la s\u00e9curit\u00e9 routi\u00e8re pr\u00e9cise&nbsp;:<\/p>\n\n\n\n<ul class=\"wp-block-list\"><li>Les cyclistes constituent la seule cat\u00e9gorie d\u2019usagers dont la mortalit\u00e9 pr\u00e9sente une hausse pour la troisi\u00e8me ann\u00e9e cons\u00e9cutive avec une l\u00e9g\u00e8re augmentation de + 1,2 % par rapport \u00e0 2017.<\/li><li>Il s\u2019agit de la seule cat\u00e9gorie dont le nombre de d\u00e9c\u00e8s en 2018 (175) est sup\u00e9rieur \u00e0 celui de 2010 (147), en augmentation de + 19,0 %.<\/li><li>En 2018, 61 % des cyclistes tu\u00e9s ou bless\u00e9s l\u2019ont \u00e9t\u00e9 lors de trajets de type \u00ab promenade ou loisirs \u00bb.<\/li><li>Le risque pour un cycliste d\u2019\u00eatre tu\u00e9 par heure pass\u00e9e dans la circulation est 3 fois plus \u00e9lev\u00e9 que pour un automobiliste mais 10 fois moins que pour un usager de deux-roues motoris\u00e9<\/li><li>Le risque d\u2019\u00eatre gravement bless\u00e9 est 16 fois plus \u00e9lev\u00e9 que pour un automobiliste mais 8 fois plus faible que pour un usager de deux-roues motoris\u00e9.<\/li><li>Les blessures les plus graves touchent la t\u00eate.<\/li><li>En 2018, la classe d\u2019\u00e2ge des 65 ans ou plus (20 % de la population) repr\u00e9sente 41 % de la mortalit\u00e9 cycliste alors que sa part dans la mortalit\u00e9 g\u00e9n\u00e9rale, tous usagers confondus, est de 26 %. Les cyclistes tu\u00e9s ou bless\u00e9s sont pour 77 % des hommes.<\/li><li>La gravit\u00e9 hors agglom\u00e9ration (12 cyclistes tu\u00e9s pour 100 cyclistes bless\u00e9s) est cinq fois plus \u00e9lev\u00e9e que celle en agglom\u00e9ration.<\/li><li>Les voiries en agglom\u00e9ration concentrent 82 % des accidents impliquant un cycliste mais 47 % de leur mortalit\u00e9.<\/li><li>Entre 2013 et 2017, sur 790 cyclistes tu\u00e9s et 20 092 cyclistes bless\u00e9s, au moins 38 % d\u2019entre eux ne portaient pas de casque.<\/li><li>Une \u00e9tude montre que le risque est divis\u00e9 par 2 pour la fracture cr\u00e2nienne et par presque 20 pour les l\u00e9sions neurologiques avec le port du casque dans le cas d\u2019un cycliste circulant \u00e0 une vitesse entre 15 km\/h et 25 km\/h et chutant lors de l\u2019ouverture d\u2019une porti\u00e8re d\u2019un v\u00e9hicule \u00e0 l\u2019arr\u00eat.<\/li><li>Dans le cas du heurt lat\u00e9ral d\u2019un cycliste par un v\u00e9hicule de tourisme circulant \u00e0 45 km\/h, cette \u00e9tude montre aussi que le risque de fracture cr\u00e2nienne est divis\u00e9 par 3 par le port d\u2019un casque de protection.<\/li><\/ul>\n\n\n\n<h2 class=\"wp-block-heading\">Quelles perspectives&nbsp;?<\/h2>\n\n\n\n<p>Les cyclistes repr\u00e9sentent une part faible des accidents de la route, essentiellement parce qu\u2019ils repr\u00e9sentent une part faible des d\u00e9placements. C\u2019est aussi la seule cat\u00e9gorie pour laquelle le nombre de d\u00e9c\u00e8s augmente.<\/p>\n\n\n\n<p>Si on met en place une politique pour favoriser le d\u00e9veloppement du v\u00e9lo (ce qu\u2019affirme faire la mairie avec ses subventions \u00e0 l\u2019achat) et a fortiori si on observe une forte augmentation de l\u2019utilisation (hausse brutale de la demande d\u2019aide), il est temps de penser am\u00e9nagement.<\/p>\n\n\n\n<p>Apr\u00e8s tout, la question de l\u2019am\u00e9nagement de l\u2019espace public est certainement plus au c\u0153ur des responsabilit\u00e9s d\u2019une municipalit\u00e9 que la question des subventions \u00e0 des achats individuels.<\/p>\n\n\n\n<p>Comment am\u00e9nager l\u2019espace pour permettre les diff\u00e9rents usages (pi\u00e9tons, automobiles, cyclistes, voire trottinette ou skate)&nbsp;? La question est complexe parce qu\u2019il faut partir d\u2019un existant qui a distingu\u00e9 globalement les v\u00e9hicules \u00e0 moteurs et les pi\u00e9tons. S\u00e9parer les voies cyclistes et celles pour les automobilistes par une marque sur la chauss\u00e9e n\u2019est \u00e9videmment pas \u00e0 la hauteur du probl\u00e8me.<\/p>\n\n\n\n<p>La meilleure m\u00e9thode pour aborder la question est probablement de se projeter dans 30 ou 40 ans en se demandant comment cela pourrait fonctionner, puis de rechercher comment progresser vers la solution envisag\u00e9e \u00e0 long terme.<\/p>\n\n\n\n<p>Par exemple, on peut imaginer qu\u2019il n\u2019y ait plus de voitures en stationnement sur la chauss\u00e9e dans l\u2019avenir. Mais il faudra probablement encore permettre \u00e0 des v\u00e9hicules \u00e0 moteur de charger ou d\u00e9charger.<\/p>\n\n\n\n<p>Faut-il pour atteindre cette solution pr\u00e9voir plus de parkings souterrains ou parier au contraire sur une disparition progressive des v\u00e9hicules individuels&nbsp;?<\/p>\n\n\n\n<p>Par ailleurs, faut-il imaginer des solutions diff\u00e9rentes selon les axes&nbsp;: ceux qui sont aujourd\u2019hui assez larges pour pouvoir y implanter trois espaces diff\u00e9rents, et ceux qui devront \u00eatre r\u00e9serv\u00e9s \u00e0 un ou deux usages seulement, et lesquels&nbsp;? La r\u00e9flexion ne doit-elle pas d\u2019abord commencer au niveau de la r\u00e9gion (les RER v\u00e9los) et ensuite continuer au niveau du territoire&nbsp;?<\/p>\n\n\n\n<p>Justement, le territoire Vall\u00e9e Sud Grand Paris auquel appartient la ville de Sceaux travaille actuellement son P.C.A.E.T. (Plan Climat Air \u00c9nergie territorial). L&rsquo;un des projets phares envisag\u00e9 s&rsquo;intitule \u00ab\u00a0D\u00e9velopper les infrastructures et la culture v\u00e9lo sur l&rsquo;ensemble du territoire. Le maire aurait pu en parler.<\/p>\n\n\n\n<p><strong>Et vous, vous en pensez quoi\u00a0?<\/strong><\/p>\n\n\n\n<p><\/p>\n\n\n\n<p>Sur le m\u00eame sujet<\/p>\n\n\n\n<ul class=\"wp-block-list\"><li><a href=\"https:\/\/sceaux-lagazette.fr\/index.php\/2020\/10\/22\/securite-pour-les-cyclistes-lavis-des-elus-sceaux-ensemble\/\" target=\"_blank\" rel=\"noreferrer noopener\">L&rsquo;avis des \u00e9lus \u00ab\u00a0Sceaux Ensemble\u00a0\u00bb<\/a><\/li><li><a href=\"https:\/\/sceaux-lagazette.fr\/index.php\/2020\/10\/23\/securite-pour-les-cyclistes-lavis-de-p-pattee\/\" target=\"_blank\" rel=\"noreferrer noopener\">L&rsquo;avis de P Patt\u00e9e, adjoint au maire en charge des mobilit\u00e9s<\/a><\/li><li><a href=\"https:\/\/sceaux-lagazette.fr\/index.php\/2020\/10\/23\/cyclistes-tues-un-progression-inquietante\/\" target=\"_blank\" rel=\"noreferrer noopener\">Cyclistes tu\u00e9s : une progression inqui\u00e9tante<\/a><\/li><\/ul>\n\n\n\n<p><\/p>\n","protected":false},"excerpt":{"rendered":"<p>Entendu au conseil municipal Le conseil municipal du 8 octobre a abord\u00e9 la question des subventions pour les v\u00e9los \u00e9lectriques. Depuis 2011, la mairie accorde une subvention \u00e0 tout Sc\u00e9en achetant un v\u00e9lo \u00e9lectrique et en faisant la demande. Cette politique a d\u2019abord \u00e9t\u00e9 modifi\u00e9e en 2018, quand l\u2019\u00c9tat a&#8230;<\/p>\n","protected":false},"author":11,"featured_media":2199,"comment_status":"open","ping_status":"open","sticky":false,"template":"","format":"standard","meta":{"om_disable_all_campaigns":false,"_monsterinsights_skip_tracking":false,"_monsterinsights_sitenote_active":false,"_monsterinsights_sitenote_note":"","_monsterinsights_sitenote_category":0,"_uf_show_specific_survey":0,"_uf_disable_surveys":false,"footnotes":""},"categories":[53],"tags":[],"class_list":["post-2196","post","type-post","status-publish","format-standard","has-post-thumbnail","hentry","category-analyses","entry","simple"],"yoast_head":"<!-- This site is optimized with the Yoast SEO plugin v25.6 - https:\/\/yoast.com\/wordpress\/plugins\/seo\/ -->\n<title>S\u00e9curit\u00e9 pour les cyclistes - La Gazette<\/title>\n<meta name=\"robots\" content=\"index, follow, max-snippet:-1, max-image-preview:large, max-video-preview:-1\" \/>\n<link rel=\"canonical\" href=\"https:\/\/sceaux-lagazette.fr\/index.php\/2020\/10\/17\/securite-pour-les-cyclistes\/\" \/>\n<meta property=\"og:locale\" content=\"fr_FR\" \/>\n<meta property=\"og:type\" content=\"article\" \/>\n<meta property=\"og:title\" content=\"S\u00e9curit\u00e9 pour les cyclistes - La Gazette\" \/>\n<meta property=\"og:description\" content=\"Entendu au conseil municipal Le conseil municipal du 8 octobre a abord\u00e9 la question des subventions pour les v\u00e9los \u00e9lectriques. Depuis 2011, la mairie accorde une subvention \u00e0 tout Sc\u00e9en achetant un v\u00e9lo \u00e9lectrique et en faisant la demande. Cette politique a d\u2019abord \u00e9t\u00e9 modifi\u00e9e en 2018, quand l\u2019\u00c9tat a&#8230;\" \/>\n<meta property=\"og:url\" content=\"https:\/\/sceaux-lagazette.fr\/index.php\/2020\/10\/17\/securite-pour-les-cyclistes\/\" \/>\n<meta property=\"og:site_name\" content=\"La Gazette\" \/>\n<meta property=\"article:published_time\" content=\"2020-10-17T09:16:27+00:00\" \/>\n<meta property=\"article:modified_time\" content=\"2020-10-23T09:21:02+00:00\" \/>\n<meta property=\"og:image\" content=\"https:\/\/sceaux-lagazette.fr\/wp-content\/uploads\/2020\/10\/un-homme-en-v\u00e9lo-de-montagne-images-photos-gratuites1-1560x1170-1.jpg\" \/>\n\t<meta property=\"og:image:width\" content=\"1560\" \/>\n\t<meta property=\"og:image:height\" content=\"1170\" \/>\n\t<meta property=\"og:image:type\" content=\"image\/jpeg\" \/>\n<meta name=\"author\" content=\"G\u00e9rard Bardier\" \/>\n<meta name=\"twitter:card\" content=\"summary_large_image\" \/>\n<meta name=\"twitter:label1\" content=\"\u00c9crit par\" \/>\n\t<meta name=\"twitter:data1\" content=\"G\u00e9rard Bardier\" \/>\n\t<meta name=\"twitter:label2\" content=\"Dur\u00e9e de lecture estim\u00e9e\" \/>\n\t<meta name=\"twitter:data2\" content=\"8 minutes\" \/>\n<script type=\"application\/ld+json\" class=\"yoast-schema-graph\">{\"@context\":\"https:\/\/schema.org\",\"@graph\":[{\"@type\":\"Article\",\"@id\":\"https:\/\/sceaux-lagazette.fr\/index.php\/2020\/10\/17\/securite-pour-les-cyclistes\/#article\",\"isPartOf\":{\"@id\":\"https:\/\/sceaux-lagazette.fr\/index.php\/2020\/10\/17\/securite-pour-les-cyclistes\/\"},\"author\":{\"name\":\"G\u00e9rard Bardier\",\"@id\":\"https:\/\/sceaux-lagazette.fr\/#\/schema\/person\/5650e206a121f68c6f5e76379bccfbc4\"},\"headline\":\"S\u00e9curit\u00e9 pour les cyclistes\",\"datePublished\":\"2020-10-17T09:16:27+00:00\",\"dateModified\":\"2020-10-23T09:21:02+00:00\",\"mainEntityOfPage\":{\"@id\":\"https:\/\/sceaux-lagazette.fr\/index.php\/2020\/10\/17\/securite-pour-les-cyclistes\/\"},\"wordCount\":1604,\"commentCount\":5,\"publisher\":{\"@id\":\"https:\/\/sceaux-lagazette.fr\/#organization\"},\"image\":{\"@id\":\"https:\/\/sceaux-lagazette.fr\/index.php\/2020\/10\/17\/securite-pour-les-cyclistes\/#primaryimage\"},\"thumbnailUrl\":\"https:\/\/sceaux-lagazette.fr\/wp-content\/uploads\/2020\/10\/un-homme-en-v\u00e9lo-de-montagne-images-photos-gratuites1-1560x1170-1.jpg\",\"articleSection\":[\"Analyses\"],\"inLanguage\":\"fr-FR\",\"potentialAction\":[{\"@type\":\"CommentAction\",\"name\":\"Comment\",\"target\":[\"https:\/\/sceaux-lagazette.fr\/index.php\/2020\/10\/17\/securite-pour-les-cyclistes\/#respond\"]}]},{\"@type\":\"WebPage\",\"@id\":\"https:\/\/sceaux-lagazette.fr\/index.php\/2020\/10\/17\/securite-pour-les-cyclistes\/\",\"url\":\"https:\/\/sceaux-lagazette.fr\/index.php\/2020\/10\/17\/securite-pour-les-cyclistes\/\",\"name\":\"S\u00e9curit\u00e9 pour les cyclistes - La Gazette\",\"isPartOf\":{\"@id\":\"https:\/\/sceaux-lagazette.fr\/#website\"},\"primaryImageOfPage\":{\"@id\":\"https:\/\/sceaux-lagazette.fr\/index.php\/2020\/10\/17\/securite-pour-les-cyclistes\/#primaryimage\"},\"image\":{\"@id\":\"https:\/\/sceaux-lagazette.fr\/index.php\/2020\/10\/17\/securite-pour-les-cyclistes\/#primaryimage\"},\"thumbnailUrl\":\"https:\/\/sceaux-lagazette.fr\/wp-content\/uploads\/2020\/10\/un-homme-en-v\u00e9lo-de-montagne-images-photos-gratuites1-1560x1170-1.jpg\",\"datePublished\":\"2020-10-17T09:16:27+00:00\",\"dateModified\":\"2020-10-23T09:21:02+00:00\",\"breadcrumb\":{\"@id\":\"https:\/\/sceaux-lagazette.fr\/index.php\/2020\/10\/17\/securite-pour-les-cyclistes\/#breadcrumb\"},\"inLanguage\":\"fr-FR\",\"potentialAction\":[{\"@type\":\"ReadAction\",\"target\":[\"https:\/\/sceaux-lagazette.fr\/index.php\/2020\/10\/17\/securite-pour-les-cyclistes\/\"]}]},{\"@type\":\"ImageObject\",\"inLanguage\":\"fr-FR\",\"@id\":\"https:\/\/sceaux-lagazette.fr\/index.php\/2020\/10\/17\/securite-pour-les-cyclistes\/#primaryimage\",\"url\":\"https:\/\/sceaux-lagazette.fr\/wp-content\/uploads\/2020\/10\/un-homme-en-v\u00e9lo-de-montagne-images-photos-gratuites1-1560x1170-1.jpg\",\"contentUrl\":\"https:\/\/sceaux-lagazette.fr\/wp-content\/uploads\/2020\/10\/un-homme-en-v\u00e9lo-de-montagne-images-photos-gratuites1-1560x1170-1.jpg\",\"width\":1560,\"height\":1170},{\"@type\":\"BreadcrumbList\",\"@id\":\"https:\/\/sceaux-lagazette.fr\/index.php\/2020\/10\/17\/securite-pour-les-cyclistes\/#breadcrumb\",\"itemListElement\":[{\"@type\":\"ListItem\",\"position\":1,\"name\":\"Accueil\",\"item\":\"https:\/\/sceaux-lagazette.fr\/\"},{\"@type\":\"ListItem\",\"position\":2,\"name\":\"S\u00e9curit\u00e9 pour les cyclistes\"}]},{\"@type\":\"WebSite\",\"@id\":\"https:\/\/sceaux-lagazette.fr\/#website\",\"url\":\"https:\/\/sceaux-lagazette.fr\/\",\"name\":\"La Gazette\",\"description\":\"Bourg-la-Reine, Ch\u00e2tenay, Fontenay, Sceaux\",\"publisher\":{\"@id\":\"https:\/\/sceaux-lagazette.fr\/#organization\"},\"potentialAction\":[{\"@type\":\"SearchAction\",\"target\":{\"@type\":\"EntryPoint\",\"urlTemplate\":\"https:\/\/sceaux-lagazette.fr\/?s={search_term_string}\"},\"query-input\":{\"@type\":\"PropertyValueSpecification\",\"valueRequired\":true,\"valueName\":\"search_term_string\"}}],\"inLanguage\":\"fr-FR\"},{\"@type\":\"Organization\",\"@id\":\"https:\/\/sceaux-lagazette.fr\/#organization\",\"name\":\"La Gazette\",\"url\":\"https:\/\/sceaux-lagazette.fr\/\",\"logo\":{\"@type\":\"ImageObject\",\"inLanguage\":\"fr-FR\",\"@id\":\"https:\/\/sceaux-lagazette.fr\/#\/schema\/logo\/image\/\",\"url\":\"https:\/\/sceaux-lagazette.fr\/wp-content\/uploads\/2025\/08\/Logo-Gazette-Aout-2025-V3.jpg\",\"contentUrl\":\"https:\/\/sceaux-lagazette.fr\/wp-content\/uploads\/2025\/08\/Logo-Gazette-Aout-2025-V3.jpg\",\"width\":525,\"height\":130,\"caption\":\"La Gazette\"},\"image\":{\"@id\":\"https:\/\/sceaux-lagazette.fr\/#\/schema\/logo\/image\/\"}},{\"@type\":\"Person\",\"@id\":\"https:\/\/sceaux-lagazette.fr\/#\/schema\/person\/5650e206a121f68c6f5e76379bccfbc4\",\"name\":\"G\u00e9rard Bardier\",\"image\":{\"@type\":\"ImageObject\",\"inLanguage\":\"fr-FR\",\"@id\":\"https:\/\/sceaux-lagazette.fr\/#\/schema\/person\/image\/\",\"url\":\"https:\/\/secure.gravatar.com\/avatar\/5cf4391ef9dbc0367750202561279a29?s=96&r=g\",\"contentUrl\":\"https:\/\/secure.gravatar.com\/avatar\/5cf4391ef9dbc0367750202561279a29?s=96&r=g\",\"caption\":\"G\u00e9rard Bardier\"},\"url\":\"https:\/\/sceaux-lagazette.fr\/index.php\/author\/gb\/\"}]}<\/script>\n<!-- \/ Yoast SEO plugin. -->","yoast_head_json":{"title":"S\u00e9curit\u00e9 pour les cyclistes - La Gazette","robots":{"index":"index","follow":"follow","max-snippet":"max-snippet:-1","max-image-preview":"max-image-preview:large","max-video-preview":"max-video-preview:-1"},"canonical":"https:\/\/sceaux-lagazette.fr\/index.php\/2020\/10\/17\/securite-pour-les-cyclistes\/","og_locale":"fr_FR","og_type":"article","og_title":"S\u00e9curit\u00e9 pour les cyclistes - La Gazette","og_description":"Entendu au conseil municipal Le conseil municipal du 8 octobre a abord\u00e9 la question des subventions pour les v\u00e9los \u00e9lectriques. Depuis 2011, la mairie accorde une subvention \u00e0 tout Sc\u00e9en achetant un v\u00e9lo \u00e9lectrique et en faisant la demande. Cette politique a d\u2019abord \u00e9t\u00e9 modifi\u00e9e en 2018, quand l\u2019\u00c9tat a&#8230;","og_url":"https:\/\/sceaux-lagazette.fr\/index.php\/2020\/10\/17\/securite-pour-les-cyclistes\/","og_site_name":"La Gazette","article_published_time":"2020-10-17T09:16:27+00:00","article_modified_time":"2020-10-23T09:21:02+00:00","og_image":[{"width":1560,"height":1170,"url":"https:\/\/sceaux-lagazette.fr\/wp-content\/uploads\/2020\/10\/un-homme-en-v\u00e9lo-de-montagne-images-photos-gratuites1-1560x1170-1.jpg","type":"image\/jpeg"}],"author":"G\u00e9rard Bardier","twitter_card":"summary_large_image","twitter_misc":{"\u00c9crit par":"G\u00e9rard Bardier","Dur\u00e9e de lecture estim\u00e9e":"8 minutes"},"schema":{"@context":"https:\/\/schema.org","@graph":[{"@type":"Article","@id":"https:\/\/sceaux-lagazette.fr\/index.php\/2020\/10\/17\/securite-pour-les-cyclistes\/#article","isPartOf":{"@id":"https:\/\/sceaux-lagazette.fr\/index.php\/2020\/10\/17\/securite-pour-les-cyclistes\/"},"author":{"name":"G\u00e9rard Bardier","@id":"https:\/\/sceaux-lagazette.fr\/#\/schema\/person\/5650e206a121f68c6f5e76379bccfbc4"},"headline":"S\u00e9curit\u00e9 pour les cyclistes","datePublished":"2020-10-17T09:16:27+00:00","dateModified":"2020-10-23T09:21:02+00:00","mainEntityOfPage":{"@id":"https:\/\/sceaux-lagazette.fr\/index.php\/2020\/10\/17\/securite-pour-les-cyclistes\/"},"wordCount":1604,"commentCount":5,"publisher":{"@id":"https:\/\/sceaux-lagazette.fr\/#organization"},"image":{"@id":"https:\/\/sceaux-lagazette.fr\/index.php\/2020\/10\/17\/securite-pour-les-cyclistes\/#primaryimage"},"thumbnailUrl":"https:\/\/sceaux-lagazette.fr\/wp-content\/uploads\/2020\/10\/un-homme-en-v\u00e9lo-de-montagne-images-photos-gratuites1-1560x1170-1.jpg","articleSection":["Analyses"],"inLanguage":"fr-FR","potentialAction":[{"@type":"CommentAction","name":"Comment","target":["https:\/\/sceaux-lagazette.fr\/index.php\/2020\/10\/17\/securite-pour-les-cyclistes\/#respond"]}]},{"@type":"WebPage","@id":"https:\/\/sceaux-lagazette.fr\/index.php\/2020\/10\/17\/securite-pour-les-cyclistes\/","url":"https:\/\/sceaux-lagazette.fr\/index.php\/2020\/10\/17\/securite-pour-les-cyclistes\/","name":"S\u00e9curit\u00e9 pour les cyclistes - La Gazette","isPartOf":{"@id":"https:\/\/sceaux-lagazette.fr\/#website"},"primaryImageOfPage":{"@id":"https:\/\/sceaux-lagazette.fr\/index.php\/2020\/10\/17\/securite-pour-les-cyclistes\/#primaryimage"},"image":{"@id":"https:\/\/sceaux-lagazette.fr\/index.php\/2020\/10\/17\/securite-pour-les-cyclistes\/#primaryimage"},"thumbnailUrl":"https:\/\/sceaux-lagazette.fr\/wp-content\/uploads\/2020\/10\/un-homme-en-v\u00e9lo-de-montagne-images-photos-gratuites1-1560x1170-1.jpg","datePublished":"2020-10-17T09:16:27+00:00","dateModified":"2020-10-23T09:21:02+00:00","breadcrumb":{"@id":"https:\/\/sceaux-lagazette.fr\/index.php\/2020\/10\/17\/securite-pour-les-cyclistes\/#breadcrumb"},"inLanguage":"fr-FR","potentialAction":[{"@type":"ReadAction","target":["https:\/\/sceaux-lagazette.fr\/index.php\/2020\/10\/17\/securite-pour-les-cyclistes\/"]}]},{"@type":"ImageObject","inLanguage":"fr-FR","@id":"https:\/\/sceaux-lagazette.fr\/index.php\/2020\/10\/17\/securite-pour-les-cyclistes\/#primaryimage","url":"https:\/\/sceaux-lagazette.fr\/wp-content\/uploads\/2020\/10\/un-homme-en-v\u00e9lo-de-montagne-images-photos-gratuites1-1560x1170-1.jpg","contentUrl":"https:\/\/sceaux-lagazette.fr\/wp-content\/uploads\/2020\/10\/un-homme-en-v\u00e9lo-de-montagne-images-photos-gratuites1-1560x1170-1.jpg","width":1560,"height":1170},{"@type":"BreadcrumbList","@id":"https:\/\/sceaux-lagazette.fr\/index.php\/2020\/10\/17\/securite-pour-les-cyclistes\/#breadcrumb","itemListElement":[{"@type":"ListItem","position":1,"name":"Accueil","item":"https:\/\/sceaux-lagazette.fr\/"},{"@type":"ListItem","position":2,"name":"S\u00e9curit\u00e9 pour les cyclistes"}]},{"@type":"WebSite","@id":"https:\/\/sceaux-lagazette.fr\/#website","url":"https:\/\/sceaux-lagazette.fr\/","name":"La Gazette","description":"Bourg-la-Reine, Ch\u00e2tenay, Fontenay, Sceaux","publisher":{"@id":"https:\/\/sceaux-lagazette.fr\/#organization"},"potentialAction":[{"@type":"SearchAction","target":{"@type":"EntryPoint","urlTemplate":"https:\/\/sceaux-lagazette.fr\/?s={search_term_string}"},"query-input":{"@type":"PropertyValueSpecification","valueRequired":true,"valueName":"search_term_string"}}],"inLanguage":"fr-FR"},{"@type":"Organization","@id":"https:\/\/sceaux-lagazette.fr\/#organization","name":"La Gazette","url":"https:\/\/sceaux-lagazette.fr\/","logo":{"@type":"ImageObject","inLanguage":"fr-FR","@id":"https:\/\/sceaux-lagazette.fr\/#\/schema\/logo\/image\/","url":"https:\/\/sceaux-lagazette.fr\/wp-content\/uploads\/2025\/08\/Logo-Gazette-Aout-2025-V3.jpg","contentUrl":"https:\/\/sceaux-lagazette.fr\/wp-content\/uploads\/2025\/08\/Logo-Gazette-Aout-2025-V3.jpg","width":525,"height":130,"caption":"La Gazette"},"image":{"@id":"https:\/\/sceaux-lagazette.fr\/#\/schema\/logo\/image\/"}},{"@type":"Person","@id":"https:\/\/sceaux-lagazette.fr\/#\/schema\/person\/5650e206a121f68c6f5e76379bccfbc4","name":"G\u00e9rard Bardier","image":{"@type":"ImageObject","inLanguage":"fr-FR","@id":"https:\/\/sceaux-lagazette.fr\/#\/schema\/person\/image\/","url":"https:\/\/secure.gravatar.com\/avatar\/5cf4391ef9dbc0367750202561279a29?s=96&r=g","contentUrl":"https:\/\/secure.gravatar.com\/avatar\/5cf4391ef9dbc0367750202561279a29?s=96&r=g","caption":"G\u00e9rard Bardier"},"url":"https:\/\/sceaux-lagazette.fr\/index.php\/author\/gb\/"}]}},"cc_featured_image_caption":{"caption_text":false,"source_text":false,"source_url":false},"_links":{"self":[{"href":"https:\/\/sceaux-lagazette.fr\/index.php\/wp-json\/wp\/v2\/posts\/2196"}],"collection":[{"href":"https:\/\/sceaux-lagazette.fr\/index.php\/wp-json\/wp\/v2\/posts"}],"about":[{"href":"https:\/\/sceaux-lagazette.fr\/index.php\/wp-json\/wp\/v2\/types\/post"}],"author":[{"embeddable":true,"href":"https:\/\/sceaux-lagazette.fr\/index.php\/wp-json\/wp\/v2\/users\/11"}],"replies":[{"embeddable":true,"href":"https:\/\/sceaux-lagazette.fr\/index.php\/wp-json\/wp\/v2\/comments?post=2196"}],"version-history":[{"count":9,"href":"https:\/\/sceaux-lagazette.fr\/index.php\/wp-json\/wp\/v2\/posts\/2196\/revisions"}],"predecessor-version":[{"id":2321,"href":"https:\/\/sceaux-lagazette.fr\/index.php\/wp-json\/wp\/v2\/posts\/2196\/revisions\/2321"}],"wp:featuredmedia":[{"embeddable":true,"href":"https:\/\/sceaux-lagazette.fr\/index.php\/wp-json\/wp\/v2\/media\/2199"}],"wp:attachment":[{"href":"https:\/\/sceaux-lagazette.fr\/index.php\/wp-json\/wp\/v2\/media?parent=2196"}],"wp:term":[{"taxonomy":"category","embeddable":true,"href":"https:\/\/sceaux-lagazette.fr\/index.php\/wp-json\/wp\/v2\/categories?post=2196"},{"taxonomy":"post_tag","embeddable":true,"href":"https:\/\/sceaux-lagazette.fr\/index.php\/wp-json\/wp\/v2\/tags?post=2196"}],"curies":[{"name":"wp","href":"https:\/\/api.w.org\/{rel}","templated":true}]}}