{"id":15148,"date":"2023-10-17T09:38:28","date_gmt":"2023-10-17T07:38:28","guid":{"rendered":"https:\/\/sceaux-lagazette.fr\/?p=15148"},"modified":"2023-10-17T09:38:29","modified_gmt":"2023-10-17T07:38:29","slug":"les-francais-et-le-rechauffement-climatique-2-3-attention-aux-sondages-dopinion","status":"publish","type":"post","link":"https:\/\/sceaux-lagazette.fr\/index.php\/2023\/10\/17\/les-francais-et-le-rechauffement-climatique-2-3-attention-aux-sondages-dopinion\/","title":{"rendered":"Les Fran\u00e7ais et le r\u00e9chauffement climatique (2\/3). Attention aux sondages d\u2019opinion"},"content":{"rendered":"\n<p>Un <a href=\"https:\/\/sceaux-lagazette.fr\/index.php\/2023\/10\/16\/les-francais-et-le-rechauffement-climatique-1-3-quelles-emissions\/\" target=\"_blank\" rel=\"noreferrer noopener\">article pr\u00e9c\u00e9dent<\/a> a \u00e9voqu\u00e9 <a href=\"https:\/\/www.ifop.com\/publication\/les-francais-et-le-rechauffement-climatique-perceptions-comportements-et-anticipations\/\" target=\"_blank\" rel=\"noreferrer noopener\">le sondage<\/a> command\u00e9 par la Tribune \u00e0 l\u2019IFOP \u00e0 propos du r\u00e9chauffement climatique. Les questions pos\u00e9es interrogent\u00a0: Qui doit agir ? Sur quoi agir ? Comment agir ? Sur tous ces points, le sondage et les r\u00e9ponses des sond\u00e9s montrent \u00e0 quel point domine la confusion.<\/p>\n\n\n\n<h2 class=\"wp-block-heading\">Qui doit agir&nbsp;?<\/h2>\n\n\n\n<p>L\u2019IFP a demand\u00e9 aux sond\u00e9s&nbsp;: \u00ab&nbsp;<em>Pour chacun des acteurs suivants, diriez-vous qu\u2019il a la capacit\u00e9 de faire avancer les choses en mati\u00e8re de lutte contre le r\u00e9chauffement&nbsp;?&nbsp;\u00bb<\/em><\/p>\n\n\n\n<p>Une nette majorit\u00e9 a r\u00e9pondu positivement pour tous les acteurs propos\u00e9s&nbsp;: les propositions recueillent entre 81 et 84 % d\u2019avis positifs, sauf pour l\u2019Union europ\u00e9enne. On s\u2019\u00e9tonnera cependant des propositions de l\u2019IFOP. Pourquoi proposer les grandes entreprises et pas toutes les entreprises&nbsp;? Pourquoi proposer les r\u00e9gions, les d\u00e9partements et les m\u00e9tropoles et pas l\u2019ensemble des communes&nbsp;?<\/p>\n\n\n\n<p>On pourra contester le classement obtenu. En r\u00e9alit\u00e9, les diff\u00e9rences entre scores sont, sauf pour l\u2019Union europ\u00e9enne, de l\u2019\u00e9paisseur du trait et inf\u00e9rieures \u00e0 la marge de pr\u00e9cision d\u2019un tel sondage.<\/p>\n\n\n\n<p>Soyons positifs&nbsp;: relevons qu\u2019une majorit\u00e9 de Fran\u00e7ais a compris que l\u2019att\u00e9nuation du r\u00e9chauffement climatique est l\u2019affaire de tous, que tous les acteurs doivent apporter leur part, chacun \u00e0 son niveau.<\/p>\n\n\n\n<p>L\u2019IFOP a aussi demand\u00e9 aux sond\u00e9s s\u2019ils faisaient plus ou moins d\u2019efforts que les autres. 46% ont r\u00e9pondu qu\u2019ils en faisaient plus (10% \u00ab&nbsp;beaucoup plus&nbsp;\u00bb) et 4% qu\u2019ils en faisaient moins. Qu\u2019ajouter&nbsp;?<\/p>\n\n\n\n<h2 class=\"wp-block-heading\">Mesures jug\u00e9es prioritaires<\/h2>\n\n\n\n<p>Autre question du sondage&nbsp;: \u00ab&nbsp;<em>Parmi l\u2019ensemble des mesures suivantes, quelles sont celles qui devraient selon vous \u00eatre mises en \u0153uvre en France pour lutter contre le changement climatique ? En premier ? Et en second ?&nbsp;\u00bb<\/em><\/p>\n\n\n\n<p>Comme indiqu\u00e9 dans l\u2019article pr\u00e9c\u00e9dent, le choix parfois bizarre des questions et propositions s\u2019explique par la priorit\u00e9 donn\u00e9e aux sujets pol\u00e9miques.<\/p>\n\n\n\n<p>Les r\u00e9ponses font apparaitre trois duos de questions recueillant respectivement environ 45%, 35% et 13% de citations.<\/p>\n\n\n\n<p>45 % des sond\u00e9s citent \u00ab&nbsp;<em>Acc\u00e9l\u00e9rer la transition \u00e9cologique de l\u2019industrie<\/em>&nbsp;\u00bb. Nous avons vu dans l\u2019article pr\u00e9c\u00e9dent que l\u2019industrie manufacturi\u00e8re et celle de l\u2019\u00e9nergie sont les deux secteurs dont les \u00e9missions ont le plus baiss\u00e9 depuis 1990. Et la baisse pr\u00e9c\u00e9dente li\u00e9e \u00e0 la mont\u00e9e du nucl\u00e9aire n\u2019est m\u00eame pas dans cette baisse. Mais ils repr\u00e9sentent encore \u00e0 eux deux 29% de l\u2019inventaire national.<\/p>\n\n\n\n<p>Pourtant, il y a encore des marges de man\u0153uvre, car il y a toujours beaucoup d\u2019innovations dans ce secteur. Faisons donc l\u2019hypoth\u00e8se que c\u2019est la connaissance de ces innovations qui explique la priorit\u00e9 exprim\u00e9e par les sond\u00e9s plut\u00f4t que leur m\u00e9connaissance de ces secteurs. De toute mani\u00e8re, pour de nombreuses raisons, l\u2019industrie est bien partie pour mettre en \u0153uvre ces innovations.<\/p>\n\n\n\n<p><em>Investir dans la r\u00e9novation thermique des b\u00e2timents<\/em> vient quasiment \u00e0 \u00e9galit\u00e9. Une action effectivement incontournable au regard des \u00e9missions du secteur.<\/p>\n\n\n\n<h2 class=\"wp-block-heading\">Mesures jug\u00e9es importantes<\/h2>\n\n\n\n<p>D\u00e9velopper davantage les espaces verts fait partie du deuxi\u00e8me duo. On se demande pourquoi l\u2019IFOP a fait cette proposition. Les espaces verts sont une solution pour limiter les ilots de chaleur donc dans une logique d\u2019adaptation. Du moins si on pense espaces verts en ville.<\/p>\n\n\n\n<p>L\u2019augmentation de la surface bois\u00e9e depuis au moins 150 ans en France, participe de la capture du CO2. Elle est prise en compte  dans ce qu\u2019on nomme l\u2019UTCATF (pour \u00ab&nbsp;Utilisation des terres, changement d&rsquo;affectation des terres et foresterie&nbsp;\u00bb). Celle-ci joue un r\u00f4le cl\u00e9&nbsp;: atteindre z\u00e9ro \u00e9mission nette n\u2019est envisageable que si les captures de CO2 compensent les \u00e9missions restantes. Mais est-ce ce qui a \u00e9t\u00e9 compris par les sond\u00e9s&nbsp;?<\/p>\n\n\n\n<p>Dans le m\u00eame duo, on trouve \u00ab&nbsp;<em>Limiter le transport a\u00e9rien<\/em>&nbsp;\u00bb. Celui-ci repr\u00e9sente 1% des \u00e9missions dans l\u2019inventaire national. Certes, cela ne comprend pas les vols internationaux, mais les discussions sur le sujet ne concernent pour l\u2019instant que les vols int\u00e9rieurs.<\/p>\n\n\n\n<h2 class=\"wp-block-heading\">Mesures jug\u00e9es secondaires<\/h2>\n\n\n\n<p>La premi\u00e8re proposition du troisi\u00e8me duo est \u00ab&nbsp;<em>Favoriser l\u2019implantation de commerce de produits locaux \/bio&nbsp;\u00bb<\/em>. Les sond\u00e9s ont eu raison de ne gu\u00e8re la citer&nbsp;: ce qu\u2019on appelle <em>la logistique du dernier kilom\u00e8tre<\/em> repr\u00e9sente la plus grande part du trafic de marchandises. Quand au bio, si son int\u00e9r\u00eat pour prot\u00e9ger la biodiversit\u00e9 para\u00eet av\u00e9r\u00e9, son int\u00e9r\u00eat pour limiter les \u00e9missions de GES <a href=\"https:\/\/www.polytechnique-insights.com\/dossiers\/planete\/quelles-sont-les-pistes-pour-reduire-les-emissions-de-lagriculture\/agriculture-le-stockage-de-ges-dans-les-sols-est-prometteur\/\" target=\"_blank\" rel=\"noreferrer noopener\">reste \u00e0 prouver<\/a>.<\/p>\n\n\n\n<p>Et enfin, la derni\u00e8re proposition, celle qui est la moins cit\u00e9e&nbsp;: <em>R\u00e9duire l\u2019usage des v\u00e9hicules thermiques et favoriser l\u2019utilisation des mobilit\u00e9s douces ou des v\u00e9hicules \u00e9lectriques<\/em>. On rappellera simplement que les transports terrestres repr\u00e9sentent 30 % des \u00e9missions de l\u2019inventaire national.Et que les transports sont le seul secteur qui a augment\u00e9 ses \u00e9missions depuis 1990\u2026<\/p>\n","protected":false},"excerpt":{"rendered":"<p>Un article pr\u00e9c\u00e9dent a \u00e9voqu\u00e9 le sondage command\u00e9 par la Tribune \u00e0 l\u2019IFOP \u00e0 propos du r\u00e9chauffement climatique. Les questions pos\u00e9es interrogent\u00a0: Qui doit agir ? Sur quoi agir ? Comment agir ? Sur tous ces points, le sondage et les r\u00e9ponses des sond\u00e9s montrent \u00e0 quel point domine la&#8230;<\/p>\n","protected":false},"author":11,"featured_media":15797,"comment_status":"open","ping_status":"open","sticky":false,"template":"","format":"standard","meta":{"om_disable_all_campaigns":false,"_monsterinsights_skip_tracking":false,"_monsterinsights_sitenote_active":false,"_monsterinsights_sitenote_note":"","_monsterinsights_sitenote_category":0,"_uf_show_specific_survey":0,"_uf_disable_surveys":false,"footnotes":""},"categories":[53,258],"tags":[],"class_list":["post-15148","post","type-post","status-publish","format-standard","has-post-thumbnail","hentry","category-analyses","category-environnement","entry","simple"],"yoast_head":"<!-- This site is optimized with the Yoast SEO plugin v25.6 - https:\/\/yoast.com\/wordpress\/plugins\/seo\/ -->\n<title>Les Fran\u00e7ais et le r\u00e9chauffement climatique (2\/3). Attention aux sondages d\u2019opinion - La Gazette<\/title>\n<meta name=\"robots\" content=\"index, follow, max-snippet:-1, max-image-preview:large, max-video-preview:-1\" \/>\n<link rel=\"canonical\" href=\"https:\/\/sceaux-lagazette.fr\/index.php\/2023\/10\/17\/les-francais-et-le-rechauffement-climatique-2-3-attention-aux-sondages-dopinion\/\" \/>\n<meta property=\"og:locale\" content=\"fr_FR\" \/>\n<meta property=\"og:type\" content=\"article\" \/>\n<meta property=\"og:title\" content=\"Les Fran\u00e7ais et le r\u00e9chauffement climatique (2\/3). Attention aux sondages d\u2019opinion - La Gazette\" \/>\n<meta property=\"og:description\" content=\"Un article pr\u00e9c\u00e9dent a \u00e9voqu\u00e9 le sondage command\u00e9 par la Tribune \u00e0 l\u2019IFOP \u00e0 propos du r\u00e9chauffement climatique. Les questions pos\u00e9es interrogent\u00a0: Qui doit agir ? Sur quoi agir ? Comment agir ? Sur tous ces points, le sondage et les r\u00e9ponses des sond\u00e9s montrent \u00e0 quel point domine la&#8230;\" \/>\n<meta property=\"og:url\" content=\"https:\/\/sceaux-lagazette.fr\/index.php\/2023\/10\/17\/les-francais-et-le-rechauffement-climatique-2-3-attention-aux-sondages-dopinion\/\" \/>\n<meta property=\"og:site_name\" content=\"La Gazette\" \/>\n<meta property=\"article:published_time\" content=\"2023-10-17T07:38:28+00:00\" \/>\n<meta property=\"article:modified_time\" content=\"2023-10-17T07:38:29+00:00\" \/>\n<meta property=\"og:image\" content=\"https:\/\/sceaux-lagazette.fr\/wp-content\/uploads\/2023\/10\/Sondage_7.jpg\" \/>\n\t<meta property=\"og:image:width\" content=\"640\" \/>\n\t<meta property=\"og:image:height\" content=\"480\" \/>\n\t<meta property=\"og:image:type\" content=\"image\/jpeg\" \/>\n<meta name=\"author\" content=\"G\u00e9rard Bardier\" \/>\n<meta name=\"twitter:card\" content=\"summary_large_image\" \/>\n<meta name=\"twitter:label1\" content=\"\u00c9crit par\" \/>\n\t<meta name=\"twitter:data1\" content=\"G\u00e9rard Bardier\" \/>\n\t<meta name=\"twitter:label2\" content=\"Dur\u00e9e de lecture estim\u00e9e\" \/>\n\t<meta name=\"twitter:data2\" content=\"4 minutes\" \/>\n<script type=\"application\/ld+json\" class=\"yoast-schema-graph\">{\"@context\":\"https:\/\/schema.org\",\"@graph\":[{\"@type\":\"Article\",\"@id\":\"https:\/\/sceaux-lagazette.fr\/index.php\/2023\/10\/17\/les-francais-et-le-rechauffement-climatique-2-3-attention-aux-sondages-dopinion\/#article\",\"isPartOf\":{\"@id\":\"https:\/\/sceaux-lagazette.fr\/index.php\/2023\/10\/17\/les-francais-et-le-rechauffement-climatique-2-3-attention-aux-sondages-dopinion\/\"},\"author\":{\"name\":\"G\u00e9rard Bardier\",\"@id\":\"https:\/\/sceaux-lagazette.fr\/#\/schema\/person\/5650e206a121f68c6f5e76379bccfbc4\"},\"headline\":\"Les Fran\u00e7ais et le r\u00e9chauffement climatique (2\/3). Attention aux sondages d\u2019opinion\",\"datePublished\":\"2023-10-17T07:38:28+00:00\",\"dateModified\":\"2023-10-17T07:38:29+00:00\",\"mainEntityOfPage\":{\"@id\":\"https:\/\/sceaux-lagazette.fr\/index.php\/2023\/10\/17\/les-francais-et-le-rechauffement-climatique-2-3-attention-aux-sondages-dopinion\/\"},\"wordCount\":873,\"commentCount\":0,\"publisher\":{\"@id\":\"https:\/\/sceaux-lagazette.fr\/#organization\"},\"image\":{\"@id\":\"https:\/\/sceaux-lagazette.fr\/index.php\/2023\/10\/17\/les-francais-et-le-rechauffement-climatique-2-3-attention-aux-sondages-dopinion\/#primaryimage\"},\"thumbnailUrl\":\"https:\/\/sceaux-lagazette.fr\/wp-content\/uploads\/2023\/10\/Sondage_7.jpg\",\"articleSection\":[\"Analyses\",\"Environnement\"],\"inLanguage\":\"fr-FR\",\"potentialAction\":[{\"@type\":\"CommentAction\",\"name\":\"Comment\",\"target\":[\"https:\/\/sceaux-lagazette.fr\/index.php\/2023\/10\/17\/les-francais-et-le-rechauffement-climatique-2-3-attention-aux-sondages-dopinion\/#respond\"]}]},{\"@type\":\"WebPage\",\"@id\":\"https:\/\/sceaux-lagazette.fr\/index.php\/2023\/10\/17\/les-francais-et-le-rechauffement-climatique-2-3-attention-aux-sondages-dopinion\/\",\"url\":\"https:\/\/sceaux-lagazette.fr\/index.php\/2023\/10\/17\/les-francais-et-le-rechauffement-climatique-2-3-attention-aux-sondages-dopinion\/\",\"name\":\"Les Fran\u00e7ais et le r\u00e9chauffement climatique (2\/3). Attention aux sondages d\u2019opinion - La Gazette\",\"isPartOf\":{\"@id\":\"https:\/\/sceaux-lagazette.fr\/#website\"},\"primaryImageOfPage\":{\"@id\":\"https:\/\/sceaux-lagazette.fr\/index.php\/2023\/10\/17\/les-francais-et-le-rechauffement-climatique-2-3-attention-aux-sondages-dopinion\/#primaryimage\"},\"image\":{\"@id\":\"https:\/\/sceaux-lagazette.fr\/index.php\/2023\/10\/17\/les-francais-et-le-rechauffement-climatique-2-3-attention-aux-sondages-dopinion\/#primaryimage\"},\"thumbnailUrl\":\"https:\/\/sceaux-lagazette.fr\/wp-content\/uploads\/2023\/10\/Sondage_7.jpg\",\"datePublished\":\"2023-10-17T07:38:28+00:00\",\"dateModified\":\"2023-10-17T07:38:29+00:00\",\"breadcrumb\":{\"@id\":\"https:\/\/sceaux-lagazette.fr\/index.php\/2023\/10\/17\/les-francais-et-le-rechauffement-climatique-2-3-attention-aux-sondages-dopinion\/#breadcrumb\"},\"inLanguage\":\"fr-FR\",\"potentialAction\":[{\"@type\":\"ReadAction\",\"target\":[\"https:\/\/sceaux-lagazette.fr\/index.php\/2023\/10\/17\/les-francais-et-le-rechauffement-climatique-2-3-attention-aux-sondages-dopinion\/\"]}]},{\"@type\":\"ImageObject\",\"inLanguage\":\"fr-FR\",\"@id\":\"https:\/\/sceaux-lagazette.fr\/index.php\/2023\/10\/17\/les-francais-et-le-rechauffement-climatique-2-3-attention-aux-sondages-dopinion\/#primaryimage\",\"url\":\"https:\/\/sceaux-lagazette.fr\/wp-content\/uploads\/2023\/10\/Sondage_7.jpg\",\"contentUrl\":\"https:\/\/sceaux-lagazette.fr\/wp-content\/uploads\/2023\/10\/Sondage_7.jpg\",\"width\":640,\"height\":480},{\"@type\":\"BreadcrumbList\",\"@id\":\"https:\/\/sceaux-lagazette.fr\/index.php\/2023\/10\/17\/les-francais-et-le-rechauffement-climatique-2-3-attention-aux-sondages-dopinion\/#breadcrumb\",\"itemListElement\":[{\"@type\":\"ListItem\",\"position\":1,\"name\":\"Accueil\",\"item\":\"https:\/\/sceaux-lagazette.fr\/\"},{\"@type\":\"ListItem\",\"position\":2,\"name\":\"Les Fran\u00e7ais et le r\u00e9chauffement climatique (2\/3). Attention aux sondages d\u2019opinion\"}]},{\"@type\":\"WebSite\",\"@id\":\"https:\/\/sceaux-lagazette.fr\/#website\",\"url\":\"https:\/\/sceaux-lagazette.fr\/\",\"name\":\"La Gazette\",\"description\":\"Bourg-la-Reine, Ch\u00e2tenay, Fontenay, Sceaux\",\"publisher\":{\"@id\":\"https:\/\/sceaux-lagazette.fr\/#organization\"},\"potentialAction\":[{\"@type\":\"SearchAction\",\"target\":{\"@type\":\"EntryPoint\",\"urlTemplate\":\"https:\/\/sceaux-lagazette.fr\/?s={search_term_string}\"},\"query-input\":{\"@type\":\"PropertyValueSpecification\",\"valueRequired\":true,\"valueName\":\"search_term_string\"}}],\"inLanguage\":\"fr-FR\"},{\"@type\":\"Organization\",\"@id\":\"https:\/\/sceaux-lagazette.fr\/#organization\",\"name\":\"La Gazette\",\"url\":\"https:\/\/sceaux-lagazette.fr\/\",\"logo\":{\"@type\":\"ImageObject\",\"inLanguage\":\"fr-FR\",\"@id\":\"https:\/\/sceaux-lagazette.fr\/#\/schema\/logo\/image\/\",\"url\":\"https:\/\/sceaux-lagazette.fr\/wp-content\/uploads\/2025\/08\/Logo-Gazette-Aout-2025-V3.jpg\",\"contentUrl\":\"https:\/\/sceaux-lagazette.fr\/wp-content\/uploads\/2025\/08\/Logo-Gazette-Aout-2025-V3.jpg\",\"width\":525,\"height\":130,\"caption\":\"La Gazette\"},\"image\":{\"@id\":\"https:\/\/sceaux-lagazette.fr\/#\/schema\/logo\/image\/\"}},{\"@type\":\"Person\",\"@id\":\"https:\/\/sceaux-lagazette.fr\/#\/schema\/person\/5650e206a121f68c6f5e76379bccfbc4\",\"name\":\"G\u00e9rard Bardier\",\"image\":{\"@type\":\"ImageObject\",\"inLanguage\":\"fr-FR\",\"@id\":\"https:\/\/sceaux-lagazette.fr\/#\/schema\/person\/image\/\",\"url\":\"https:\/\/secure.gravatar.com\/avatar\/5cf4391ef9dbc0367750202561279a29?s=96&r=g\",\"contentUrl\":\"https:\/\/secure.gravatar.com\/avatar\/5cf4391ef9dbc0367750202561279a29?s=96&r=g\",\"caption\":\"G\u00e9rard Bardier\"},\"url\":\"https:\/\/sceaux-lagazette.fr\/index.php\/author\/gb\/\"}]}<\/script>\n<!-- \/ Yoast SEO plugin. -->","yoast_head_json":{"title":"Les Fran\u00e7ais et le r\u00e9chauffement climatique (2\/3). Attention aux sondages d\u2019opinion - La Gazette","robots":{"index":"index","follow":"follow","max-snippet":"max-snippet:-1","max-image-preview":"max-image-preview:large","max-video-preview":"max-video-preview:-1"},"canonical":"https:\/\/sceaux-lagazette.fr\/index.php\/2023\/10\/17\/les-francais-et-le-rechauffement-climatique-2-3-attention-aux-sondages-dopinion\/","og_locale":"fr_FR","og_type":"article","og_title":"Les Fran\u00e7ais et le r\u00e9chauffement climatique (2\/3). Attention aux sondages d\u2019opinion - La Gazette","og_description":"Un article pr\u00e9c\u00e9dent a \u00e9voqu\u00e9 le sondage command\u00e9 par la Tribune \u00e0 l\u2019IFOP \u00e0 propos du r\u00e9chauffement climatique. Les questions pos\u00e9es interrogent\u00a0: Qui doit agir ? Sur quoi agir ? Comment agir ? Sur tous ces points, le sondage et les r\u00e9ponses des sond\u00e9s montrent \u00e0 quel point domine la&#8230;","og_url":"https:\/\/sceaux-lagazette.fr\/index.php\/2023\/10\/17\/les-francais-et-le-rechauffement-climatique-2-3-attention-aux-sondages-dopinion\/","og_site_name":"La Gazette","article_published_time":"2023-10-17T07:38:28+00:00","article_modified_time":"2023-10-17T07:38:29+00:00","og_image":[{"width":640,"height":480,"url":"https:\/\/sceaux-lagazette.fr\/wp-content\/uploads\/2023\/10\/Sondage_7.jpg","type":"image\/jpeg"}],"author":"G\u00e9rard Bardier","twitter_card":"summary_large_image","twitter_misc":{"\u00c9crit par":"G\u00e9rard Bardier","Dur\u00e9e de lecture estim\u00e9e":"4 minutes"},"schema":{"@context":"https:\/\/schema.org","@graph":[{"@type":"Article","@id":"https:\/\/sceaux-lagazette.fr\/index.php\/2023\/10\/17\/les-francais-et-le-rechauffement-climatique-2-3-attention-aux-sondages-dopinion\/#article","isPartOf":{"@id":"https:\/\/sceaux-lagazette.fr\/index.php\/2023\/10\/17\/les-francais-et-le-rechauffement-climatique-2-3-attention-aux-sondages-dopinion\/"},"author":{"name":"G\u00e9rard Bardier","@id":"https:\/\/sceaux-lagazette.fr\/#\/schema\/person\/5650e206a121f68c6f5e76379bccfbc4"},"headline":"Les Fran\u00e7ais et le r\u00e9chauffement climatique (2\/3). Attention aux sondages d\u2019opinion","datePublished":"2023-10-17T07:38:28+00:00","dateModified":"2023-10-17T07:38:29+00:00","mainEntityOfPage":{"@id":"https:\/\/sceaux-lagazette.fr\/index.php\/2023\/10\/17\/les-francais-et-le-rechauffement-climatique-2-3-attention-aux-sondages-dopinion\/"},"wordCount":873,"commentCount":0,"publisher":{"@id":"https:\/\/sceaux-lagazette.fr\/#organization"},"image":{"@id":"https:\/\/sceaux-lagazette.fr\/index.php\/2023\/10\/17\/les-francais-et-le-rechauffement-climatique-2-3-attention-aux-sondages-dopinion\/#primaryimage"},"thumbnailUrl":"https:\/\/sceaux-lagazette.fr\/wp-content\/uploads\/2023\/10\/Sondage_7.jpg","articleSection":["Analyses","Environnement"],"inLanguage":"fr-FR","potentialAction":[{"@type":"CommentAction","name":"Comment","target":["https:\/\/sceaux-lagazette.fr\/index.php\/2023\/10\/17\/les-francais-et-le-rechauffement-climatique-2-3-attention-aux-sondages-dopinion\/#respond"]}]},{"@type":"WebPage","@id":"https:\/\/sceaux-lagazette.fr\/index.php\/2023\/10\/17\/les-francais-et-le-rechauffement-climatique-2-3-attention-aux-sondages-dopinion\/","url":"https:\/\/sceaux-lagazette.fr\/index.php\/2023\/10\/17\/les-francais-et-le-rechauffement-climatique-2-3-attention-aux-sondages-dopinion\/","name":"Les Fran\u00e7ais et le r\u00e9chauffement climatique (2\/3). Attention aux sondages d\u2019opinion - La Gazette","isPartOf":{"@id":"https:\/\/sceaux-lagazette.fr\/#website"},"primaryImageOfPage":{"@id":"https:\/\/sceaux-lagazette.fr\/index.php\/2023\/10\/17\/les-francais-et-le-rechauffement-climatique-2-3-attention-aux-sondages-dopinion\/#primaryimage"},"image":{"@id":"https:\/\/sceaux-lagazette.fr\/index.php\/2023\/10\/17\/les-francais-et-le-rechauffement-climatique-2-3-attention-aux-sondages-dopinion\/#primaryimage"},"thumbnailUrl":"https:\/\/sceaux-lagazette.fr\/wp-content\/uploads\/2023\/10\/Sondage_7.jpg","datePublished":"2023-10-17T07:38:28+00:00","dateModified":"2023-10-17T07:38:29+00:00","breadcrumb":{"@id":"https:\/\/sceaux-lagazette.fr\/index.php\/2023\/10\/17\/les-francais-et-le-rechauffement-climatique-2-3-attention-aux-sondages-dopinion\/#breadcrumb"},"inLanguage":"fr-FR","potentialAction":[{"@type":"ReadAction","target":["https:\/\/sceaux-lagazette.fr\/index.php\/2023\/10\/17\/les-francais-et-le-rechauffement-climatique-2-3-attention-aux-sondages-dopinion\/"]}]},{"@type":"ImageObject","inLanguage":"fr-FR","@id":"https:\/\/sceaux-lagazette.fr\/index.php\/2023\/10\/17\/les-francais-et-le-rechauffement-climatique-2-3-attention-aux-sondages-dopinion\/#primaryimage","url":"https:\/\/sceaux-lagazette.fr\/wp-content\/uploads\/2023\/10\/Sondage_7.jpg","contentUrl":"https:\/\/sceaux-lagazette.fr\/wp-content\/uploads\/2023\/10\/Sondage_7.jpg","width":640,"height":480},{"@type":"BreadcrumbList","@id":"https:\/\/sceaux-lagazette.fr\/index.php\/2023\/10\/17\/les-francais-et-le-rechauffement-climatique-2-3-attention-aux-sondages-dopinion\/#breadcrumb","itemListElement":[{"@type":"ListItem","position":1,"name":"Accueil","item":"https:\/\/sceaux-lagazette.fr\/"},{"@type":"ListItem","position":2,"name":"Les Fran\u00e7ais et le r\u00e9chauffement climatique (2\/3). Attention aux sondages d\u2019opinion"}]},{"@type":"WebSite","@id":"https:\/\/sceaux-lagazette.fr\/#website","url":"https:\/\/sceaux-lagazette.fr\/","name":"La Gazette","description":"Bourg-la-Reine, Ch\u00e2tenay, Fontenay, Sceaux","publisher":{"@id":"https:\/\/sceaux-lagazette.fr\/#organization"},"potentialAction":[{"@type":"SearchAction","target":{"@type":"EntryPoint","urlTemplate":"https:\/\/sceaux-lagazette.fr\/?s={search_term_string}"},"query-input":{"@type":"PropertyValueSpecification","valueRequired":true,"valueName":"search_term_string"}}],"inLanguage":"fr-FR"},{"@type":"Organization","@id":"https:\/\/sceaux-lagazette.fr\/#organization","name":"La Gazette","url":"https:\/\/sceaux-lagazette.fr\/","logo":{"@type":"ImageObject","inLanguage":"fr-FR","@id":"https:\/\/sceaux-lagazette.fr\/#\/schema\/logo\/image\/","url":"https:\/\/sceaux-lagazette.fr\/wp-content\/uploads\/2025\/08\/Logo-Gazette-Aout-2025-V3.jpg","contentUrl":"https:\/\/sceaux-lagazette.fr\/wp-content\/uploads\/2025\/08\/Logo-Gazette-Aout-2025-V3.jpg","width":525,"height":130,"caption":"La Gazette"},"image":{"@id":"https:\/\/sceaux-lagazette.fr\/#\/schema\/logo\/image\/"}},{"@type":"Person","@id":"https:\/\/sceaux-lagazette.fr\/#\/schema\/person\/5650e206a121f68c6f5e76379bccfbc4","name":"G\u00e9rard Bardier","image":{"@type":"ImageObject","inLanguage":"fr-FR","@id":"https:\/\/sceaux-lagazette.fr\/#\/schema\/person\/image\/","url":"https:\/\/secure.gravatar.com\/avatar\/5cf4391ef9dbc0367750202561279a29?s=96&r=g","contentUrl":"https:\/\/secure.gravatar.com\/avatar\/5cf4391ef9dbc0367750202561279a29?s=96&r=g","caption":"G\u00e9rard Bardier"},"url":"https:\/\/sceaux-lagazette.fr\/index.php\/author\/gb\/"}]}},"cc_featured_image_caption":{"caption_text":"Source Wikim\u00e9dia Commons","source_text":"","source_url":""},"_links":{"self":[{"href":"https:\/\/sceaux-lagazette.fr\/index.php\/wp-json\/wp\/v2\/posts\/15148"}],"collection":[{"href":"https:\/\/sceaux-lagazette.fr\/index.php\/wp-json\/wp\/v2\/posts"}],"about":[{"href":"https:\/\/sceaux-lagazette.fr\/index.php\/wp-json\/wp\/v2\/types\/post"}],"author":[{"embeddable":true,"href":"https:\/\/sceaux-lagazette.fr\/index.php\/wp-json\/wp\/v2\/users\/11"}],"replies":[{"embeddable":true,"href":"https:\/\/sceaux-lagazette.fr\/index.php\/wp-json\/wp\/v2\/comments?post=15148"}],"version-history":[{"count":5,"href":"https:\/\/sceaux-lagazette.fr\/index.php\/wp-json\/wp\/v2\/posts\/15148\/revisions"}],"predecessor-version":[{"id":15796,"href":"https:\/\/sceaux-lagazette.fr\/index.php\/wp-json\/wp\/v2\/posts\/15148\/revisions\/15796"}],"wp:featuredmedia":[{"embeddable":true,"href":"https:\/\/sceaux-lagazette.fr\/index.php\/wp-json\/wp\/v2\/media\/15797"}],"wp:attachment":[{"href":"https:\/\/sceaux-lagazette.fr\/index.php\/wp-json\/wp\/v2\/media?parent=15148"}],"wp:term":[{"taxonomy":"category","embeddable":true,"href":"https:\/\/sceaux-lagazette.fr\/index.php\/wp-json\/wp\/v2\/categories?post=15148"},{"taxonomy":"post_tag","embeddable":true,"href":"https:\/\/sceaux-lagazette.fr\/index.php\/wp-json\/wp\/v2\/tags?post=15148"}],"curies":[{"name":"wp","href":"https:\/\/api.w.org\/{rel}","templated":true}]}}