{"id":10483,"date":"2023-05-15T09:02:49","date_gmt":"2023-05-15T07:02:49","guid":{"rendered":"https:\/\/sceaux-lagazette.fr\/?p=10483"},"modified":"2023-05-15T10:58:22","modified_gmt":"2023-05-15T08:58:22","slug":"soleil-sur-le-jardin-de-la-menagerie","status":"publish","type":"post","link":"https:\/\/sceaux-lagazette.fr\/index.php\/2023\/05\/15\/soleil-sur-le-jardin-de-la-menagerie\/","title":{"rendered":"Soleil sur le jardin de la M\u00e9nagerie"},"content":{"rendered":"\n<p>Samedi 13 mai, la principale journ\u00e9e du <em>Printemps des Transitions<\/em> \u00e0 Sceaux a b\u00e9n\u00e9fici\u00e9 d\u2019un temps plus agr\u00e9able qu\u2019attendu. La veille avait \u00e9t\u00e9 pluvieuse. L\u2019affluence a \u00e9t\u00e9 favoris\u00e9e par les nombreuses animations. L\u2019occasion pour chaque exposant de d\u00e9livrer ses messages.<\/p>\n\n\n\n<h2 class=\"wp-block-heading\">Une animation importante<\/h2>\n\n\n\n<p>La mairie avait bien fait les choses&nbsp;: une cinquantaine de tentes \u00e9taient install\u00e9es, r\u00e9parties en 4 villages, Mobilit\u00e9, Biodiversit\u00e9, \u00c9conomie circulaire et solidaire, Bas carbone. De nombreuses associations aux objectifs vari\u00e9s ont ainsi pu pr\u00e9senter leurs activit\u00e9s.<\/p>\n\n\n<div class=\"wp-block-image\">\n<figure class=\"alignright size-medium\"><img decoding=\"async\" width=\"225\" height=\"300\" src=\"https:\/\/sceaux-lagazette.fr\/wp-content\/uploads\/2023\/05\/13-mai-echasses-225x300.jpg\" alt=\"\" class=\"wp-image-10486\" srcset=\"https:\/\/sceaux-lagazette.fr\/wp-content\/uploads\/2023\/05\/13-mai-echasses-225x300.jpg 225w, https:\/\/sceaux-lagazette.fr\/wp-content\/uploads\/2023\/05\/13-mai-echasses-768x1024.jpg 768w, https:\/\/sceaux-lagazette.fr\/wp-content\/uploads\/2023\/05\/13-mai-echasses-1152x1536.jpg 1152w, https:\/\/sceaux-lagazette.fr\/wp-content\/uploads\/2023\/05\/13-mai-echasses-1536x2048.jpg 1536w, https:\/\/sceaux-lagazette.fr\/wp-content\/uploads\/2023\/05\/13-mai-echasses-scaled.jpg 1440w\" sizes=\"(max-width: 225px) 100vw, 225px\" \/><\/figure><\/div>\n\n\n<p>C\u00f4t\u00e9 animations, on pouvait d\u00e8s vendredi croiser le trio de musiciens habill\u00e9s en jardinier&nbsp;: les <a href=\"https:\/\/www.lesjazzdiniers.com\/\">jazzdiniers<\/a>. Le samedi, d\u2019autres animations se sont succ\u00e9d\u00e9 : des dames sur \u00e9chasses, des acrobaties \u00e0 v\u00e9lo, le test d\u2019un drone par un \u00e9lu\u2026<\/p>\n\n\n\n<p>Une tribune \u00e9tait install\u00e9e dans la partie est du jardin de la M\u00e9nagerie. Le vendredi, elle a permis de pr\u00e9senter des spectacles adapt\u00e9s pour des classes de primaire. Le samedi, elle a accueilli successivement plusieurs tables rondes&nbsp;: g\u00e9othermie, plan climat-air-\u00e9nergie territorial, balade thermique, bilan carbone). Ont suivi un d\u00e9fil\u00e9 de mode et une pr\u00e9sentation des commer\u00e7ants.<\/p>\n\n\n\n<p>Trois cabanons \u00e9taient consacr\u00e9s aux victuailles et boissons&nbsp;: ils ont \u00e9t\u00e9 pris d\u2019assaut.<\/p>\n\n\n\n<p>La cl\u00e9mence de la m\u00e9t\u00e9o a \u00e9videmment \u00e9t\u00e9 un \u00e9l\u00e9ment cl\u00e9 du succ\u00e8s. En d\u00e9but de semaine, la m\u00e9t\u00e9o promettait orages et averses diverses. Le vendredi, elle annon\u00e7ait encore de la pluie pour la premi\u00e8re partie de l\u2019apr\u00e8s-midi du samedi. Finalement, c\u2019est le soleil qui a accueilli les visiteurs. Personne ne s\u2019en est plaint&nbsp;!<\/p>\n\n\n\n<h2 class=\"wp-block-heading\">De nombreux stands en quatre villages<\/h2>\n\n\n<div class=\"wp-block-image\">\n<figure class=\"alignright size-medium\"><img decoding=\"async\" width=\"300\" height=\"225\" src=\"https:\/\/sceaux-lagazette.fr\/wp-content\/uploads\/2023\/05\/13-mai-ruche-300x225.jpg\" alt=\"\" class=\"wp-image-10487\" srcset=\"https:\/\/sceaux-lagazette.fr\/wp-content\/uploads\/2023\/05\/13-mai-ruche-300x225.jpg 300w, https:\/\/sceaux-lagazette.fr\/wp-content\/uploads\/2023\/05\/13-mai-ruche-1024x768.jpg 1024w, https:\/\/sceaux-lagazette.fr\/wp-content\/uploads\/2023\/05\/13-mai-ruche-768x576.jpg 768w, https:\/\/sceaux-lagazette.fr\/wp-content\/uploads\/2023\/05\/13-mai-ruche-1536x1152.jpg 1536w, https:\/\/sceaux-lagazette.fr\/wp-content\/uploads\/2023\/05\/13-mai-ruche-2048x1536.jpg 2048w, https:\/\/sceaux-lagazette.fr\/wp-content\/uploads\/2023\/05\/13-mai-ruche-scaled.jpg 1920w\" sizes=\"(max-width: 300px) 100vw, 300px\" \/><\/figure><\/div>\n\n\n<p>Avec les quatre villages, il y en avait pour tous les go\u00fbts. Les \u00e9l\u00e8ves de primaire avaient ainsi pu admirer vendredi les abeilles avec la ruche \u00e9ducative. On croisait aussi bien la Croix Rouge que le Secours catholique, Soliha ou le territoire VSGP (pour le Plan climat air \u00e9nergie territorial). C\u2019\u00e9tait le v\u00e9lo, le miel, le Territoire Vall\u00e9e Sud, l\u2019IUT, l\u2019EPF, la ville et tant d\u2019autres.<\/p>\n\n\n\n<p>Dans la plupart des stands, des b\u00e9n\u00e9voles r\u00e9pondaient aux questions des visiteurs. La qualit\u00e9 des panneaux d\u2019exposition \u00e9tait clairement un facteur important d\u2019attractivit\u00e9. On pourra signaler ainsi ceux de l\u2019association <em>Rue de l\u2019avenir<\/em> qui milite pour une ville apais\u00e9e et plus sure pour les pi\u00e9tons.<\/p>\n\n\n\n<p>Les lyc\u00e9ens auteurs du bilan carbone de la Cit\u00e9 scolaire s\u2019\u00e9taient relay\u00e9s pour pr\u00e9senter leur travail et celui des \u00e9co-d\u00e9l\u00e9gu\u00e9s sur les m\u00e9tiers de l\u2019environnement. Les panneaux pr\u00e9sentant la g\u00e9othermie de l\u2019association ZEN2050 ont aussi attir\u00e9 du monde.<\/p>\n\n\n\n<p>Les Scouts et Guides de France avaient deux stands. L\u2019un pr\u00e9sentait leur activit\u00e9 pour r\u00e9duire leur empreinte carbone. On y voyait aussi des parents soucieux d\u2019inscrire leurs enfants. Un autre stand proposait des activit\u00e9s pratiques, par exemple pour r\u00e9aliser un si\u00e8ge en bois \u00e0 partir d\u2019un rondin.<\/p>\n\n\n\n<h2 class=\"wp-block-heading\">Des visiteurs venus de tout le territoire<\/h2>\n\n\n\n<p>Si le beau temps a attir\u00e9 les Sc\u00e9ens, la multiplicit\u00e9 des stands explique aussi l\u2019affluence. Des habitants de Bourg-la-Reine, Antony, Ch\u00e2tenay-Malabry, Fontenay aux Roses, Bagneux ou m\u00eame Malakoff \u00e9taient venus parce qu\u2019un ami tenait un stand. 50 stands diff\u00e9rents avec leurs amis respectifs, cela finit par faire beaucoup de monde&nbsp;!<\/p>\n\n\n\n<h2 class=\"wp-block-heading\">Quelques photos souvenirs<\/h2>\n\n\n<div class=\"wp-block-image\">\n<figure class=\"alignright size-medium\"><img decoding=\"async\" width=\"300\" height=\"225\" src=\"https:\/\/sceaux-lagazette.fr\/wp-content\/uploads\/2023\/05\/13-mai-bas-carbone-300x225.jpg\" alt=\"\" class=\"wp-image-10484\" srcset=\"https:\/\/sceaux-lagazette.fr\/wp-content\/uploads\/2023\/05\/13-mai-bas-carbone-300x225.jpg 300w, https:\/\/sceaux-lagazette.fr\/wp-content\/uploads\/2023\/05\/13-mai-bas-carbone-1024x768.jpg 1024w, https:\/\/sceaux-lagazette.fr\/wp-content\/uploads\/2023\/05\/13-mai-bas-carbone-768x576.jpg 768w, https:\/\/sceaux-lagazette.fr\/wp-content\/uploads\/2023\/05\/13-mai-bas-carbone-1536x1152.jpg 1536w, https:\/\/sceaux-lagazette.fr\/wp-content\/uploads\/2023\/05\/13-mai-bas-carbone-2048x1536.jpg 2048w, https:\/\/sceaux-lagazette.fr\/wp-content\/uploads\/2023\/05\/13-mai-bas-carbone-scaled.jpg 1920w\" sizes=\"(max-width: 300px) 100vw, 300px\" \/><\/figure><\/div>\n\n\n<p>Dans un \u00e9v\u00e9nement de grande taille, la signal\u00e9tique est primordiale : comment trouver le stand que je cherche? Les stands \u00e9taient regroup\u00e9s en village et chaque village \u00e9tait signal\u00e9 par un grand panneau.<\/p>\n\n\n\n<p>Quatre villages : Mobilit\u00e9, Biodiversit\u00e9, \u00c9conomie circulaire et solidaire, Bas carbone<\/p>\n\n\n\n<p>Ici le panneau indiquant l&rsquo;entr\u00e9e du village bas-carbone<\/p>\n\n\n<div class=\"wp-block-image\">\n<figure class=\"alignright size-medium\"><img decoding=\"async\" width=\"300\" height=\"225\" src=\"https:\/\/sceaux-lagazette.fr\/wp-content\/uploads\/2023\/05\/13-mai-SGDF-1-300x225.jpg\" alt=\"\" class=\"wp-image-10488\" srcset=\"https:\/\/sceaux-lagazette.fr\/wp-content\/uploads\/2023\/05\/13-mai-SGDF-1-300x225.jpg 300w, https:\/\/sceaux-lagazette.fr\/wp-content\/uploads\/2023\/05\/13-mai-SGDF-1-1024x768.jpg 1024w, https:\/\/sceaux-lagazette.fr\/wp-content\/uploads\/2023\/05\/13-mai-SGDF-1-768x576.jpg 768w, https:\/\/sceaux-lagazette.fr\/wp-content\/uploads\/2023\/05\/13-mai-SGDF-1-1536x1152.jpg 1536w, https:\/\/sceaux-lagazette.fr\/wp-content\/uploads\/2023\/05\/13-mai-SGDF-1-2048x1536.jpg 2048w, https:\/\/sceaux-lagazette.fr\/wp-content\/uploads\/2023\/05\/13-mai-SGDF-1-scaled.jpg 1920w\" sizes=\"(max-width: 300px) 100vw, 300px\" \/><\/figure><\/div>\n\n\n<p>Une \u00e9quipe de compagnons (17\/19 ans) des Scouts et Guides de France de Fontenay-aux-Roses a fait le choix d&rsquo;aller au Maroc en train plut\u00f4t qu&rsquo;en avion, ce qui lui a permis de diviser par deux l&#8217;empreinte carbone de son voyage; Elle explique ici le trajet conduit  \u00e0 travers la France, l\u2019Espagne et le Maroc.<\/p>\n\n\n\n<p><\/p>\n\n\n\n<p><\/p>\n\n\n<div class=\"wp-block-image\">\n<figure class=\"alignright size-medium\"><img decoding=\"async\" width=\"300\" height=\"225\" src=\"https:\/\/sceaux-lagazette.fr\/wp-content\/uploads\/2023\/05\/13-mai-Velo-300x225.jpg\" alt=\"\" class=\"wp-image-10490\" srcset=\"https:\/\/sceaux-lagazette.fr\/wp-content\/uploads\/2023\/05\/13-mai-Velo-300x225.jpg 300w, https:\/\/sceaux-lagazette.fr\/wp-content\/uploads\/2023\/05\/13-mai-Velo-1024x768.jpg 1024w, https:\/\/sceaux-lagazette.fr\/wp-content\/uploads\/2023\/05\/13-mai-Velo-768x576.jpg 768w, https:\/\/sceaux-lagazette.fr\/wp-content\/uploads\/2023\/05\/13-mai-Velo-1536x1152.jpg 1536w, https:\/\/sceaux-lagazette.fr\/wp-content\/uploads\/2023\/05\/13-mai-Velo-2048x1536.jpg 2048w, https:\/\/sceaux-lagazette.fr\/wp-content\/uploads\/2023\/05\/13-mai-Velo-scaled.jpg 1920w\" sizes=\"(max-width: 300px) 100vw, 300px\" \/><\/figure><\/div>\n\n\n<p>Beaucoup de jeunes avaient r\u00e9pondus \u00e0 l&rsquo;appel \u00e0 faire une ballade group\u00e9e, un \u00ab\u00a0cyclo-tour entre Sceaux et Massy\u00a0\u00bb, avec les b\u00e9n\u00e9voles de MDB Sceaux en v\u00e9lo. La s\u00e9curit\u00e9 est au rendez-vous. La balade avait lieu en premi\u00e8re partie de l&rsquo;apr\u00e8s midi de samedi. Eux aussi ont profit\u00e9 du beau temps!<\/p>\n\n\n\n<p><\/p>\n\n\n\n<p><\/p>\n\n\n<div class=\"wp-block-image\">\n<figure class=\"alignright size-medium\"><img decoding=\"async\" width=\"300\" height=\"225\" src=\"https:\/\/sceaux-lagazette.fr\/wp-content\/uploads\/2023\/05\/13-mai-eau-300x225.jpg\" alt=\"\" class=\"wp-image-10491\" srcset=\"https:\/\/sceaux-lagazette.fr\/wp-content\/uploads\/2023\/05\/13-mai-eau-300x225.jpg 300w, https:\/\/sceaux-lagazette.fr\/wp-content\/uploads\/2023\/05\/13-mai-eau-1024x768.jpg 1024w, https:\/\/sceaux-lagazette.fr\/wp-content\/uploads\/2023\/05\/13-mai-eau-768x576.jpg 768w, https:\/\/sceaux-lagazette.fr\/wp-content\/uploads\/2023\/05\/13-mai-eau-1536x1152.jpg 1536w, https:\/\/sceaux-lagazette.fr\/wp-content\/uploads\/2023\/05\/13-mai-eau-2048x1536.jpg 2048w, https:\/\/sceaux-lagazette.fr\/wp-content\/uploads\/2023\/05\/13-mai-eau-scaled.jpg 1920w\" sizes=\"(max-width: 300px) 100vw, 300px\" \/><\/figure><\/div>\n\n\n<p>La commission nationale du d\u00e9bat public pr\u00e9sentait \u00e0 l&rsquo;entr\u00e9e du jardin un d\u00e9bat organis\u00e9 sur le th\u00e8me de l&rsquo;eau. Devant le stand, ce magnifique robinet de grande taille, enti\u00e8rement fabriqu\u00e9 avec des pi\u00e8ces de L\u00e9go. Plus d&rsquo;un m\u00e8tre de haut. De quoi faire baver tous les amateurs de ce jeu de construction!<\/p>\n\n\n\n<p><\/p>\n\n\n\n<p><\/p>\n\n\n<div class=\"wp-block-image\">\n<figure class=\"alignright size-medium\"><img decoding=\"async\" width=\"300\" height=\"225\" src=\"https:\/\/sceaux-lagazette.fr\/wp-content\/uploads\/2023\/05\/13-mai-theatre-300x225.jpg\" alt=\"\" class=\"wp-image-10489\" srcset=\"https:\/\/sceaux-lagazette.fr\/wp-content\/uploads\/2023\/05\/13-mai-theatre-300x225.jpg 300w, https:\/\/sceaux-lagazette.fr\/wp-content\/uploads\/2023\/05\/13-mai-theatre-1024x768.jpg 1024w, https:\/\/sceaux-lagazette.fr\/wp-content\/uploads\/2023\/05\/13-mai-theatre-768x576.jpg 768w, https:\/\/sceaux-lagazette.fr\/wp-content\/uploads\/2023\/05\/13-mai-theatre-1536x1152.jpg 1536w, https:\/\/sceaux-lagazette.fr\/wp-content\/uploads\/2023\/05\/13-mai-theatre-2048x1536.jpg 2048w, https:\/\/sceaux-lagazette.fr\/wp-content\/uploads\/2023\/05\/13-mai-theatre-scaled.jpg 1920w\" sizes=\"(max-width: 300px) 100vw, 300px\" \/><\/figure><\/div>\n\n\n<p>Le vendredi, des \u00e9l\u00e8ves de primaire ont pu assister a des mini-pi\u00e8ces de th\u00e9\u00e2tre autour du th\u00e8me de l&rsquo;alimentation. les acteurs devaient \u00eatre bien convaincants, \u00e0 en juger par l&rsquo;attention dans l&rsquo;assistance!<\/p>\n\n\n\n<p><\/p>\n\n\n\n<p><\/p>\n\n\n\n<p><\/p>\n\n\n<div class=\"wp-block-image\">\n<figure class=\"alignright size-medium\"><img decoding=\"async\" width=\"300\" height=\"225\" src=\"https:\/\/sceaux-lagazette.fr\/wp-content\/uploads\/2023\/05\/Acrobaties-velo-300x225.jpg\" alt=\"\" class=\"wp-image-10501\" srcset=\"https:\/\/sceaux-lagazette.fr\/wp-content\/uploads\/2023\/05\/Acrobaties-velo-300x225.jpg 300w, https:\/\/sceaux-lagazette.fr\/wp-content\/uploads\/2023\/05\/Acrobaties-velo.jpg 732w\" sizes=\"(max-width: 300px) 100vw, 300px\" \/><\/figure><\/div>\n\n\n<p>Samedi apr\u00e8s-midi, les acrobaties en v\u00e9lo ont attir\u00e9 une assistance nombreuse et enthousiasme. Applaudissements passionn\u00e9s quand le cycliste (le voltigeur devrait-on dire) sautait sur une roue d&rsquo;un plan \u00e0 un autre. Puis sur le toit du camion. Et encore sur une plateforme pos\u00e9e sur le toit. L&rsquo;acrobate savait y faire pour mettre l&rsquo;ambiance. R\u00e9ussi.<\/p>\n\n\n\n<p><\/p>\n\n\n\n<p><\/p>\n\n\n<div class=\"wp-block-image\">\n<figure class=\"alignright size-medium\"><img decoding=\"async\" width=\"300\" height=\"225\" src=\"https:\/\/sceaux-lagazette.fr\/wp-content\/uploads\/2023\/05\/13-mai-Geothermie-300x225.jpeg\" alt=\"\" class=\"wp-image-10510\" srcset=\"https:\/\/sceaux-lagazette.fr\/wp-content\/uploads\/2023\/05\/13-mai-Geothermie-300x225.jpeg 300w, https:\/\/sceaux-lagazette.fr\/wp-content\/uploads\/2023\/05\/13-mai-Geothermie.jpeg 640w\" sizes=\"(max-width: 300px) 100vw, 300px\" \/><\/figure><\/div>\n\n\n<p>Une s\u00e9rie de panneaux de l\u2019association ZEN2050 pr\u00e9sentaient la solution de la g\u00e9othermie. Elle a attir\u00e9 les passants qui ont pu discuter avec une des repr\u00e9sentants de l&rsquo;association<\/p>\n\n\n\n<p><\/p>\n","protected":false},"excerpt":{"rendered":"<p>Samedi 13 mai, la principale journ\u00e9e du Printemps des Transitions \u00e0 Sceaux a b\u00e9n\u00e9fici\u00e9 d\u2019un temps plus agr\u00e9able qu\u2019attendu. La veille avait \u00e9t\u00e9 pluvieuse. L\u2019affluence a \u00e9t\u00e9 favoris\u00e9e par les nombreuses animations. L\u2019occasion pour chaque exposant de d\u00e9livrer ses messages. Une animation importante La mairie avait bien fait les choses&nbsp;:&#8230;<\/p>\n","protected":false},"author":11,"featured_media":10485,"comment_status":"open","ping_status":"open","sticky":false,"template":"","format":"standard","meta":{"om_disable_all_campaigns":false,"_monsterinsights_skip_tracking":false,"_monsterinsights_sitenote_active":false,"_monsterinsights_sitenote_note":"","_monsterinsights_sitenote_category":0,"_uf_show_specific_survey":0,"_uf_disable_surveys":false,"footnotes":""},"categories":[258,253,266],"tags":[],"class_list":["post-10483","post","type-post","status-publish","format-standard","has-post-thumbnail","hentry","category-environnement","category-manifestations-locales","category-sceaux","entry","simple"],"yoast_head":"<!-- This site is optimized with the Yoast SEO plugin v25.6 - https:\/\/yoast.com\/wordpress\/plugins\/seo\/ -->\n<title>Soleil sur le jardin de la M\u00e9nagerie - La Gazette<\/title>\n<meta name=\"robots\" content=\"index, follow, max-snippet:-1, max-image-preview:large, max-video-preview:-1\" \/>\n<link rel=\"canonical\" href=\"https:\/\/sceaux-lagazette.fr\/index.php\/2023\/05\/15\/soleil-sur-le-jardin-de-la-menagerie\/\" \/>\n<meta property=\"og:locale\" content=\"fr_FR\" \/>\n<meta property=\"og:type\" content=\"article\" \/>\n<meta property=\"og:title\" content=\"Soleil sur le jardin de la M\u00e9nagerie - La Gazette\" \/>\n<meta property=\"og:description\" content=\"Samedi 13 mai, la principale journ\u00e9e du Printemps des Transitions \u00e0 Sceaux a b\u00e9n\u00e9fici\u00e9 d\u2019un temps plus agr\u00e9able qu\u2019attendu. La veille avait \u00e9t\u00e9 pluvieuse. L\u2019affluence a \u00e9t\u00e9 favoris\u00e9e par les nombreuses animations. L\u2019occasion pour chaque exposant de d\u00e9livrer ses messages. Une animation importante La mairie avait bien fait les choses&nbsp;:&#8230;\" \/>\n<meta property=\"og:url\" content=\"https:\/\/sceaux-lagazette.fr\/index.php\/2023\/05\/15\/soleil-sur-le-jardin-de-la-menagerie\/\" \/>\n<meta property=\"og:site_name\" content=\"La Gazette\" \/>\n<meta property=\"article:published_time\" content=\"2023-05-15T07:02:49+00:00\" \/>\n<meta property=\"article:modified_time\" content=\"2023-05-15T08:58:22+00:00\" \/>\n<meta property=\"og:image\" content=\"https:\/\/sceaux-lagazette.fr\/wp-content\/uploads\/2023\/05\/13-mai-1-scaled.jpg\" \/>\n\t<meta property=\"og:image:width\" content=\"1920\" \/>\n\t<meta property=\"og:image:height\" content=\"1440\" \/>\n\t<meta property=\"og:image:type\" content=\"image\/jpeg\" \/>\n<meta name=\"author\" content=\"G\u00e9rard Bardier\" \/>\n<meta name=\"twitter:card\" content=\"summary_large_image\" \/>\n<meta name=\"twitter:label1\" content=\"\u00c9crit par\" \/>\n\t<meta name=\"twitter:data1\" content=\"G\u00e9rard Bardier\" \/>\n\t<meta name=\"twitter:label2\" content=\"Dur\u00e9e de lecture estim\u00e9e\" \/>\n\t<meta name=\"twitter:data2\" content=\"7 minutes\" \/>\n<script type=\"application\/ld+json\" class=\"yoast-schema-graph\">{\"@context\":\"https:\/\/schema.org\",\"@graph\":[{\"@type\":\"Article\",\"@id\":\"https:\/\/sceaux-lagazette.fr\/index.php\/2023\/05\/15\/soleil-sur-le-jardin-de-la-menagerie\/#article\",\"isPartOf\":{\"@id\":\"https:\/\/sceaux-lagazette.fr\/index.php\/2023\/05\/15\/soleil-sur-le-jardin-de-la-menagerie\/\"},\"author\":{\"name\":\"G\u00e9rard Bardier\",\"@id\":\"https:\/\/sceaux-lagazette.fr\/#\/schema\/person\/5650e206a121f68c6f5e76379bccfbc4\"},\"headline\":\"Soleil sur le jardin de la M\u00e9nagerie\",\"datePublished\":\"2023-05-15T07:02:49+00:00\",\"dateModified\":\"2023-05-15T08:58:22+00:00\",\"mainEntityOfPage\":{\"@id\":\"https:\/\/sceaux-lagazette.fr\/index.php\/2023\/05\/15\/soleil-sur-le-jardin-de-la-menagerie\/\"},\"wordCount\":967,\"commentCount\":1,\"publisher\":{\"@id\":\"https:\/\/sceaux-lagazette.fr\/#organization\"},\"image\":{\"@id\":\"https:\/\/sceaux-lagazette.fr\/index.php\/2023\/05\/15\/soleil-sur-le-jardin-de-la-menagerie\/#primaryimage\"},\"thumbnailUrl\":\"https:\/\/sceaux-lagazette.fr\/wp-content\/uploads\/2023\/05\/13-mai-1-scaled.jpg\",\"articleSection\":[\"Environnement\",\"Manifestations locales\",\"Sceaux\"],\"inLanguage\":\"fr-FR\",\"potentialAction\":[{\"@type\":\"CommentAction\",\"name\":\"Comment\",\"target\":[\"https:\/\/sceaux-lagazette.fr\/index.php\/2023\/05\/15\/soleil-sur-le-jardin-de-la-menagerie\/#respond\"]}]},{\"@type\":\"WebPage\",\"@id\":\"https:\/\/sceaux-lagazette.fr\/index.php\/2023\/05\/15\/soleil-sur-le-jardin-de-la-menagerie\/\",\"url\":\"https:\/\/sceaux-lagazette.fr\/index.php\/2023\/05\/15\/soleil-sur-le-jardin-de-la-menagerie\/\",\"name\":\"Soleil sur le jardin de la M\u00e9nagerie - La Gazette\",\"isPartOf\":{\"@id\":\"https:\/\/sceaux-lagazette.fr\/#website\"},\"primaryImageOfPage\":{\"@id\":\"https:\/\/sceaux-lagazette.fr\/index.php\/2023\/05\/15\/soleil-sur-le-jardin-de-la-menagerie\/#primaryimage\"},\"image\":{\"@id\":\"https:\/\/sceaux-lagazette.fr\/index.php\/2023\/05\/15\/soleil-sur-le-jardin-de-la-menagerie\/#primaryimage\"},\"thumbnailUrl\":\"https:\/\/sceaux-lagazette.fr\/wp-content\/uploads\/2023\/05\/13-mai-1-scaled.jpg\",\"datePublished\":\"2023-05-15T07:02:49+00:00\",\"dateModified\":\"2023-05-15T08:58:22+00:00\",\"breadcrumb\":{\"@id\":\"https:\/\/sceaux-lagazette.fr\/index.php\/2023\/05\/15\/soleil-sur-le-jardin-de-la-menagerie\/#breadcrumb\"},\"inLanguage\":\"fr-FR\",\"potentialAction\":[{\"@type\":\"ReadAction\",\"target\":[\"https:\/\/sceaux-lagazette.fr\/index.php\/2023\/05\/15\/soleil-sur-le-jardin-de-la-menagerie\/\"]}]},{\"@type\":\"ImageObject\",\"inLanguage\":\"fr-FR\",\"@id\":\"https:\/\/sceaux-lagazette.fr\/index.php\/2023\/05\/15\/soleil-sur-le-jardin-de-la-menagerie\/#primaryimage\",\"url\":\"https:\/\/sceaux-lagazette.fr\/wp-content\/uploads\/2023\/05\/13-mai-1-scaled.jpg\",\"contentUrl\":\"https:\/\/sceaux-lagazette.fr\/wp-content\/uploads\/2023\/05\/13-mai-1-scaled.jpg\",\"width\":1920,\"height\":1440},{\"@type\":\"BreadcrumbList\",\"@id\":\"https:\/\/sceaux-lagazette.fr\/index.php\/2023\/05\/15\/soleil-sur-le-jardin-de-la-menagerie\/#breadcrumb\",\"itemListElement\":[{\"@type\":\"ListItem\",\"position\":1,\"name\":\"Accueil\",\"item\":\"https:\/\/sceaux-lagazette.fr\/\"},{\"@type\":\"ListItem\",\"position\":2,\"name\":\"Soleil sur le jardin de la M\u00e9nagerie\"}]},{\"@type\":\"WebSite\",\"@id\":\"https:\/\/sceaux-lagazette.fr\/#website\",\"url\":\"https:\/\/sceaux-lagazette.fr\/\",\"name\":\"La Gazette\",\"description\":\"Bourg-la-Reine, Ch\u00e2tenay, Fontenay, Sceaux\",\"publisher\":{\"@id\":\"https:\/\/sceaux-lagazette.fr\/#organization\"},\"potentialAction\":[{\"@type\":\"SearchAction\",\"target\":{\"@type\":\"EntryPoint\",\"urlTemplate\":\"https:\/\/sceaux-lagazette.fr\/?s={search_term_string}\"},\"query-input\":{\"@type\":\"PropertyValueSpecification\",\"valueRequired\":true,\"valueName\":\"search_term_string\"}}],\"inLanguage\":\"fr-FR\"},{\"@type\":\"Organization\",\"@id\":\"https:\/\/sceaux-lagazette.fr\/#organization\",\"name\":\"La Gazette\",\"url\":\"https:\/\/sceaux-lagazette.fr\/\",\"logo\":{\"@type\":\"ImageObject\",\"inLanguage\":\"fr-FR\",\"@id\":\"https:\/\/sceaux-lagazette.fr\/#\/schema\/logo\/image\/\",\"url\":\"https:\/\/sceaux-lagazette.fr\/wp-content\/uploads\/2025\/08\/Logo-Gazette-Aout-2025-V3.jpg\",\"contentUrl\":\"https:\/\/sceaux-lagazette.fr\/wp-content\/uploads\/2025\/08\/Logo-Gazette-Aout-2025-V3.jpg\",\"width\":525,\"height\":130,\"caption\":\"La Gazette\"},\"image\":{\"@id\":\"https:\/\/sceaux-lagazette.fr\/#\/schema\/logo\/image\/\"}},{\"@type\":\"Person\",\"@id\":\"https:\/\/sceaux-lagazette.fr\/#\/schema\/person\/5650e206a121f68c6f5e76379bccfbc4\",\"name\":\"G\u00e9rard Bardier\",\"image\":{\"@type\":\"ImageObject\",\"inLanguage\":\"fr-FR\",\"@id\":\"https:\/\/sceaux-lagazette.fr\/#\/schema\/person\/image\/\",\"url\":\"https:\/\/secure.gravatar.com\/avatar\/5cf4391ef9dbc0367750202561279a29?s=96&r=g\",\"contentUrl\":\"https:\/\/secure.gravatar.com\/avatar\/5cf4391ef9dbc0367750202561279a29?s=96&r=g\",\"caption\":\"G\u00e9rard Bardier\"},\"url\":\"https:\/\/sceaux-lagazette.fr\/index.php\/author\/gb\/\"}]}<\/script>\n<!-- \/ Yoast SEO plugin. -->","yoast_head_json":{"title":"Soleil sur le jardin de la M\u00e9nagerie - La Gazette","robots":{"index":"index","follow":"follow","max-snippet":"max-snippet:-1","max-image-preview":"max-image-preview:large","max-video-preview":"max-video-preview:-1"},"canonical":"https:\/\/sceaux-lagazette.fr\/index.php\/2023\/05\/15\/soleil-sur-le-jardin-de-la-menagerie\/","og_locale":"fr_FR","og_type":"article","og_title":"Soleil sur le jardin de la M\u00e9nagerie - La Gazette","og_description":"Samedi 13 mai, la principale journ\u00e9e du Printemps des Transitions \u00e0 Sceaux a b\u00e9n\u00e9fici\u00e9 d\u2019un temps plus agr\u00e9able qu\u2019attendu. La veille avait \u00e9t\u00e9 pluvieuse. L\u2019affluence a \u00e9t\u00e9 favoris\u00e9e par les nombreuses animations. L\u2019occasion pour chaque exposant de d\u00e9livrer ses messages. Une animation importante La mairie avait bien fait les choses&nbsp;:&#8230;","og_url":"https:\/\/sceaux-lagazette.fr\/index.php\/2023\/05\/15\/soleil-sur-le-jardin-de-la-menagerie\/","og_site_name":"La Gazette","article_published_time":"2023-05-15T07:02:49+00:00","article_modified_time":"2023-05-15T08:58:22+00:00","og_image":[{"width":1920,"height":1440,"url":"https:\/\/sceaux-lagazette.fr\/wp-content\/uploads\/2023\/05\/13-mai-1-scaled.jpg","type":"image\/jpeg"}],"author":"G\u00e9rard Bardier","twitter_card":"summary_large_image","twitter_misc":{"\u00c9crit par":"G\u00e9rard Bardier","Dur\u00e9e de lecture estim\u00e9e":"7 minutes"},"schema":{"@context":"https:\/\/schema.org","@graph":[{"@type":"Article","@id":"https:\/\/sceaux-lagazette.fr\/index.php\/2023\/05\/15\/soleil-sur-le-jardin-de-la-menagerie\/#article","isPartOf":{"@id":"https:\/\/sceaux-lagazette.fr\/index.php\/2023\/05\/15\/soleil-sur-le-jardin-de-la-menagerie\/"},"author":{"name":"G\u00e9rard Bardier","@id":"https:\/\/sceaux-lagazette.fr\/#\/schema\/person\/5650e206a121f68c6f5e76379bccfbc4"},"headline":"Soleil sur le jardin de la M\u00e9nagerie","datePublished":"2023-05-15T07:02:49+00:00","dateModified":"2023-05-15T08:58:22+00:00","mainEntityOfPage":{"@id":"https:\/\/sceaux-lagazette.fr\/index.php\/2023\/05\/15\/soleil-sur-le-jardin-de-la-menagerie\/"},"wordCount":967,"commentCount":1,"publisher":{"@id":"https:\/\/sceaux-lagazette.fr\/#organization"},"image":{"@id":"https:\/\/sceaux-lagazette.fr\/index.php\/2023\/05\/15\/soleil-sur-le-jardin-de-la-menagerie\/#primaryimage"},"thumbnailUrl":"https:\/\/sceaux-lagazette.fr\/wp-content\/uploads\/2023\/05\/13-mai-1-scaled.jpg","articleSection":["Environnement","Manifestations locales","Sceaux"],"inLanguage":"fr-FR","potentialAction":[{"@type":"CommentAction","name":"Comment","target":["https:\/\/sceaux-lagazette.fr\/index.php\/2023\/05\/15\/soleil-sur-le-jardin-de-la-menagerie\/#respond"]}]},{"@type":"WebPage","@id":"https:\/\/sceaux-lagazette.fr\/index.php\/2023\/05\/15\/soleil-sur-le-jardin-de-la-menagerie\/","url":"https:\/\/sceaux-lagazette.fr\/index.php\/2023\/05\/15\/soleil-sur-le-jardin-de-la-menagerie\/","name":"Soleil sur le jardin de la M\u00e9nagerie - La Gazette","isPartOf":{"@id":"https:\/\/sceaux-lagazette.fr\/#website"},"primaryImageOfPage":{"@id":"https:\/\/sceaux-lagazette.fr\/index.php\/2023\/05\/15\/soleil-sur-le-jardin-de-la-menagerie\/#primaryimage"},"image":{"@id":"https:\/\/sceaux-lagazette.fr\/index.php\/2023\/05\/15\/soleil-sur-le-jardin-de-la-menagerie\/#primaryimage"},"thumbnailUrl":"https:\/\/sceaux-lagazette.fr\/wp-content\/uploads\/2023\/05\/13-mai-1-scaled.jpg","datePublished":"2023-05-15T07:02:49+00:00","dateModified":"2023-05-15T08:58:22+00:00","breadcrumb":{"@id":"https:\/\/sceaux-lagazette.fr\/index.php\/2023\/05\/15\/soleil-sur-le-jardin-de-la-menagerie\/#breadcrumb"},"inLanguage":"fr-FR","potentialAction":[{"@type":"ReadAction","target":["https:\/\/sceaux-lagazette.fr\/index.php\/2023\/05\/15\/soleil-sur-le-jardin-de-la-menagerie\/"]}]},{"@type":"ImageObject","inLanguage":"fr-FR","@id":"https:\/\/sceaux-lagazette.fr\/index.php\/2023\/05\/15\/soleil-sur-le-jardin-de-la-menagerie\/#primaryimage","url":"https:\/\/sceaux-lagazette.fr\/wp-content\/uploads\/2023\/05\/13-mai-1-scaled.jpg","contentUrl":"https:\/\/sceaux-lagazette.fr\/wp-content\/uploads\/2023\/05\/13-mai-1-scaled.jpg","width":1920,"height":1440},{"@type":"BreadcrumbList","@id":"https:\/\/sceaux-lagazette.fr\/index.php\/2023\/05\/15\/soleil-sur-le-jardin-de-la-menagerie\/#breadcrumb","itemListElement":[{"@type":"ListItem","position":1,"name":"Accueil","item":"https:\/\/sceaux-lagazette.fr\/"},{"@type":"ListItem","position":2,"name":"Soleil sur le jardin de la M\u00e9nagerie"}]},{"@type":"WebSite","@id":"https:\/\/sceaux-lagazette.fr\/#website","url":"https:\/\/sceaux-lagazette.fr\/","name":"La Gazette","description":"Bourg-la-Reine, Ch\u00e2tenay, Fontenay, Sceaux","publisher":{"@id":"https:\/\/sceaux-lagazette.fr\/#organization"},"potentialAction":[{"@type":"SearchAction","target":{"@type":"EntryPoint","urlTemplate":"https:\/\/sceaux-lagazette.fr\/?s={search_term_string}"},"query-input":{"@type":"PropertyValueSpecification","valueRequired":true,"valueName":"search_term_string"}}],"inLanguage":"fr-FR"},{"@type":"Organization","@id":"https:\/\/sceaux-lagazette.fr\/#organization","name":"La Gazette","url":"https:\/\/sceaux-lagazette.fr\/","logo":{"@type":"ImageObject","inLanguage":"fr-FR","@id":"https:\/\/sceaux-lagazette.fr\/#\/schema\/logo\/image\/","url":"https:\/\/sceaux-lagazette.fr\/wp-content\/uploads\/2025\/08\/Logo-Gazette-Aout-2025-V3.jpg","contentUrl":"https:\/\/sceaux-lagazette.fr\/wp-content\/uploads\/2025\/08\/Logo-Gazette-Aout-2025-V3.jpg","width":525,"height":130,"caption":"La Gazette"},"image":{"@id":"https:\/\/sceaux-lagazette.fr\/#\/schema\/logo\/image\/"}},{"@type":"Person","@id":"https:\/\/sceaux-lagazette.fr\/#\/schema\/person\/5650e206a121f68c6f5e76379bccfbc4","name":"G\u00e9rard Bardier","image":{"@type":"ImageObject","inLanguage":"fr-FR","@id":"https:\/\/sceaux-lagazette.fr\/#\/schema\/person\/image\/","url":"https:\/\/secure.gravatar.com\/avatar\/5cf4391ef9dbc0367750202561279a29?s=96&r=g","contentUrl":"https:\/\/secure.gravatar.com\/avatar\/5cf4391ef9dbc0367750202561279a29?s=96&r=g","caption":"G\u00e9rard Bardier"},"url":"https:\/\/sceaux-lagazette.fr\/index.php\/author\/gb\/"}]}},"cc_featured_image_caption":{"caption_text":"","source_text":"","source_url":""},"_links":{"self":[{"href":"https:\/\/sceaux-lagazette.fr\/index.php\/wp-json\/wp\/v2\/posts\/10483"}],"collection":[{"href":"https:\/\/sceaux-lagazette.fr\/index.php\/wp-json\/wp\/v2\/posts"}],"about":[{"href":"https:\/\/sceaux-lagazette.fr\/index.php\/wp-json\/wp\/v2\/types\/post"}],"author":[{"embeddable":true,"href":"https:\/\/sceaux-lagazette.fr\/index.php\/wp-json\/wp\/v2\/users\/11"}],"replies":[{"embeddable":true,"href":"https:\/\/sceaux-lagazette.fr\/index.php\/wp-json\/wp\/v2\/comments?post=10483"}],"version-history":[{"count":8,"href":"https:\/\/sceaux-lagazette.fr\/index.php\/wp-json\/wp\/v2\/posts\/10483\/revisions"}],"predecessor-version":[{"id":10514,"href":"https:\/\/sceaux-lagazette.fr\/index.php\/wp-json\/wp\/v2\/posts\/10483\/revisions\/10514"}],"wp:featuredmedia":[{"embeddable":true,"href":"https:\/\/sceaux-lagazette.fr\/index.php\/wp-json\/wp\/v2\/media\/10485"}],"wp:attachment":[{"href":"https:\/\/sceaux-lagazette.fr\/index.php\/wp-json\/wp\/v2\/media?parent=10483"}],"wp:term":[{"taxonomy":"category","embeddable":true,"href":"https:\/\/sceaux-lagazette.fr\/index.php\/wp-json\/wp\/v2\/categories?post=10483"},{"taxonomy":"post_tag","embeddable":true,"href":"https:\/\/sceaux-lagazette.fr\/index.php\/wp-json\/wp\/v2\/tags?post=10483"}],"curies":[{"name":"wp","href":"https:\/\/api.w.org\/{rel}","templated":true}]}}